{"id":90647,"date":"2025-10-07T17:04:46","date_gmt":"2025-10-07T20:04:46","guid":{"rendered":"https:\/\/blogdoeloiltoncajuhy.com.br\/site\/?p=90647"},"modified":"2025-10-07T17:05:41","modified_gmt":"2025-10-07T20:05:41","slug":"saude-mental-de-jovens-preocupa-em-senhor-do-bonfim","status":"publish","type":"post","link":"https:\/\/blogdoeloiltoncajuhy.com.br\/site\/saude-mental-de-jovens-preocupa-em-senhor-do-bonfim\/","title":{"rendered":"Sa\u00fade mental de jovens preocupa em Senhor do Bonfim"},"content":{"rendered":"\n<p><strong>Por Blog do Eloilton Cajuhy \u2013 BEC<\/strong><\/p>\n\n\n\n<figure class=\"wp-block-image aligncenter size-full\"><a href=\"https:\/\/i0.wp.com\/blogdoeloiltoncajuhy.com.br\/site\/wp-content\/uploads\/2017\/06\/depress%C3%A3o-nos-jovens-adolescentes.jpg\"><img data-recalc-dims=\"1\" fetchpriority=\"high\" decoding=\"async\" width=\"540\" height=\"432\" src=\"https:\/\/i0.wp.com\/blogdoeloiltoncajuhy.com.br\/site\/wp-content\/uploads\/2017\/06\/depress%C3%A3o-nos-jovens-adolescentes.jpg?resize=540%2C432\" alt=\"\" class=\"wp-image-18065\" srcset=\"https:\/\/i0.wp.com\/blogdoeloiltoncajuhy.com.br\/site\/wp-content\/uploads\/2017\/06\/depress%C3%A3o-nos-jovens-adolescentes.jpg?w=540&amp;ssl=1 540w, https:\/\/i0.wp.com\/blogdoeloiltoncajuhy.com.br\/site\/wp-content\/uploads\/2017\/06\/depress%C3%A3o-nos-jovens-adolescentes.jpg?resize=300%2C240&amp;ssl=1 300w, https:\/\/i0.wp.com\/blogdoeloiltoncajuhy.com.br\/site\/wp-content\/uploads\/2017\/06\/depress%C3%A3o-nos-jovens-adolescentes.jpg?resize=250%2C200&amp;ssl=1 250w\" sizes=\"(max-width: 540px) 100vw, 540px\" \/><\/a><figcaption class=\"wp-element-caption\"><sub>Foto: Reprodu\u00e7\u00e3o<\/sub><\/figcaption><\/figure>\n\n\n\n<p>A sa\u00fade mental dos jovens e adolescentes de Senhor do Bonfim tem se tornado motivo de crescente preocupa\u00e7\u00e3o entre fam\u00edlias, escolas e profissionais da \u00e1rea. Nos \u00faltimos meses, relatos de automutila\u00e7\u00e3o entre adolescentes aumentaram, revelando um cen\u00e1rio preocupante de <strong>ansiedade, p\u00e2nico e depress\u00e3o<\/strong> \u2014 transtornos que v\u00eam atingindo cada vez mais cedo a juventude bonfinense.<\/p>\n\n\n\n<p>Educadores e profissionais de sa\u00fade relatam que muitos desses jovens sofrem em sil\u00eancio, sem encontrar apoio psicol\u00f3gico adequado. A rede p\u00fablica de sa\u00fade, apesar dos esfor\u00e7os dos profissionais existentes, ainda n\u00e3o conta com n\u00famero suficiente de psic\u00f3logos para atender \u00e0 demanda crescente. O resultado \u00e9 uma fila de espera cada vez maior, enquanto fam\u00edlias tentam lidar sozinhas com situa\u00e7\u00f5es que exigem aten\u00e7\u00e3o t\u00e9cnica e sensibilidade.<\/p>\n\n\n\n<p><strong><a href=\"https:\/\/whatsapp.com\/channel\/0029VaAT7tDLI8Yfj5y9Z50Z\"><strong><mark style=\"background-color:rgba(0, 0, 0, 0)\" class=\"has-inline-color has-vivid-red-color\">>> Clique aqui e entre no canal do BEC no WhatsApp<\/mark><\/strong><\/a><\/strong><\/p>\n\n\n\n<p>Especialistas alertam que a automutila\u00e7\u00e3o n\u00e3o \u00e9 apenas um ato isolado, <strong>mas um grito de socorro diante do sofrimento emocional<\/strong>. A sobrecarga de estudos, o uso excessivo das redes sociais, a falta de di\u00e1logo em casa e as press\u00f5es da vida moderna formam um conjunto de fatores que fragiliza emocionalmente os jovens, especialmente aqueles que n\u00e3o encontram amparo.<\/p>\n\n\n\n<p>\u00c9 urgente que o <strong>poder p\u00fablico amplie a oferta de atendimentos psicol\u00f3gicos nos postos de sa\u00fade, escolas e programas sociais<\/strong>, garantindo acesso gratuito e cont\u00ednuo ao acompanhamento profissional. Mas o cuidado n\u00e3o pode vir apenas do Estado: <strong>as fam\u00edlias tamb\u00e9m precisam estar mais presentes, ouvir, observar e acolher os sinais de sofrimento dos filhos<\/strong>.<\/p>\n\n\n\n<p>Cuidar da sa\u00fade mental \u00e9 t\u00e3o importante quanto cuidar da sa\u00fade f\u00edsica. O sil\u00eancio pode ser perigoso, e a escuta \u2014 <strong>atenta e amorosa<\/strong> \u2014 pode salvar vidas.<\/p>\n\n\n\n<figure class=\"wp-block-pullquote\"><blockquote><p><strong>Falar \u00e9 o primeiro passo. Ouvir \u00e9 o mais importante.<\/strong><\/p><\/blockquote><\/figure>\n","protected":false},"excerpt":{"rendered":"<p>Por Blog do Eloilton Cajuhy \u2013 BEC A sa\u00fade mental dos jovens e adolescentes de Senhor do Bonfim tem se tornado motivo de crescente preocupa\u00e7\u00e3o entre fam\u00edlias, escolas e profissionais da \u00e1rea. Nos \u00faltimos meses, relatos de automutila\u00e7\u00e3o entre adolescentes aumentaram, revelando um cen\u00e1rio preocupante de ansiedade, p\u00e2nico e depress\u00e3o \u2014 transtornos que v\u00eam atingindo [&hellip;]<\/p>\n","protected":false},"author":2,"featured_media":64195,"comment_status":"open","ping_status":"open","sticky":false,"template":"","format":"standard","meta":{"_acf_changed":false,"_monsterinsights_skip_tracking":false,"_monsterinsights_sitenote_active":false,"_monsterinsights_sitenote_note":"","_monsterinsights_sitenote_category":0,"_jetpack_memberships_contains_paid_content":false,"footnotes":"","jetpack_publicize_message":"","jetpack_publicize_feature_enabled":true,"jetpack_social_post_already_shared":true,"jetpack_social_options":{"image_generator_settings":{"template":"highway","default_image_id":0,"font":"","enabled":false},"version":2}},"categories":[7],"tags":[],"class_list":["post-90647","post","type-post","status-publish","format-standard","has-post-thumbnail","hentry","category-saude"],"acf":[],"jetpack_publicize_connections":[],"jetpack_featured_media_url":"https:\/\/i0.wp.com\/blogdoeloiltoncajuhy.com.br\/site\/wp-content\/uploads\/2022\/04\/Depressao-13042022-01.jpg?fit=1280%2C782&ssl=1","jetpack_sharing_enabled":true,"publishpress_future_workflow_manual_trigger":{"enabledWorkflows":[]},"_links":{"self":[{"href":"https:\/\/blogdoeloiltoncajuhy.com.br\/site\/wp-json\/wp\/v2\/posts\/90647","targetHints":{"allow":["GET"]}}],"collection":[{"href":"https:\/\/blogdoeloiltoncajuhy.com.br\/site\/wp-json\/wp\/v2\/posts"}],"about":[{"href":"https:\/\/blogdoeloiltoncajuhy.com.br\/site\/wp-json\/wp\/v2\/types\/post"}],"author":[{"embeddable":true,"href":"https:\/\/blogdoeloiltoncajuhy.com.br\/site\/wp-json\/wp\/v2\/users\/2"}],"replies":[{"embeddable":true,"href":"https:\/\/blogdoeloiltoncajuhy.com.br\/site\/wp-json\/wp\/v2\/comments?post=90647"}],"version-history":[{"count":2,"href":"https:\/\/blogdoeloiltoncajuhy.com.br\/site\/wp-json\/wp\/v2\/posts\/90647\/revisions"}],"predecessor-version":[{"id":90649,"href":"https:\/\/blogdoeloiltoncajuhy.com.br\/site\/wp-json\/wp\/v2\/posts\/90647\/revisions\/90649"}],"wp:featuredmedia":[{"embeddable":true,"href":"https:\/\/blogdoeloiltoncajuhy.com.br\/site\/wp-json\/wp\/v2\/media\/64195"}],"wp:attachment":[{"href":"https:\/\/blogdoeloiltoncajuhy.com.br\/site\/wp-json\/wp\/v2\/media?parent=90647"}],"wp:term":[{"taxonomy":"category","embeddable":true,"href":"https:\/\/blogdoeloiltoncajuhy.com.br\/site\/wp-json\/wp\/v2\/categories?post=90647"},{"taxonomy":"post_tag","embeddable":true,"href":"https:\/\/blogdoeloiltoncajuhy.com.br\/site\/wp-json\/wp\/v2\/tags?post=90647"}],"curies":[{"name":"wp","href":"https:\/\/api.w.org\/{rel}","templated":true}]}}