{"id":90640,"date":"2025-10-07T09:12:31","date_gmt":"2025-10-07T12:12:31","guid":{"rendered":"https:\/\/blogdoeloiltoncajuhy.com.br\/site\/?p=90640"},"modified":"2025-10-07T09:12:33","modified_gmt":"2025-10-07T12:12:33","slug":"cantor-hyldon-passa-mal-mas-se-recupera-bem-e-agradece-o-carinho-do-publico","status":"publish","type":"post","link":"https:\/\/blogdoeloiltoncajuhy.com.br\/site\/cantor-hyldon-passa-mal-mas-se-recupera-bem-e-agradece-o-carinho-do-publico\/","title":{"rendered":"Cantor Hyldon passa mal, mas se recupera bem e agradece o carinho do p\u00fablico"},"content":{"rendered":"\n<p><strong>Por Blog do Eloilton Cajuhy \u2013 BEC<\/strong><\/p>\n\n\n\n<figure class=\"wp-block-image aligncenter size-full is-resized\"><a href=\"https:\/\/i0.wp.com\/blogdoeloiltoncajuhy.com.br\/site\/wp-content\/uploads\/2024\/02\/Hyldon_Altas-Horas_reproducao-TV-Glovo.png\"><img data-recalc-dims=\"1\" fetchpriority=\"high\" decoding=\"async\" width=\"750\" height=\"414\" src=\"https:\/\/i0.wp.com\/blogdoeloiltoncajuhy.com.br\/site\/wp-content\/uploads\/2024\/02\/Hyldon_Altas-Horas_reproducao-TV-Glovo.png?resize=750%2C414\" alt=\"\" class=\"wp-image-79429\" style=\"width:750px;height:auto\" srcset=\"https:\/\/i0.wp.com\/blogdoeloiltoncajuhy.com.br\/site\/wp-content\/uploads\/2024\/02\/Hyldon_Altas-Horas_reproducao-TV-Glovo.png?w=750&amp;ssl=1 750w, https:\/\/i0.wp.com\/blogdoeloiltoncajuhy.com.br\/site\/wp-content\/uploads\/2024\/02\/Hyldon_Altas-Horas_reproducao-TV-Glovo.png?resize=300%2C166&amp;ssl=1 300w\" sizes=\"(max-width: 750px) 100vw, 750px\" \/><\/a><figcaption class=\"wp-element-caption\"><sub>Hyldon no programa Altas Horas &#8211; Foto: Reprodu\u00e7\u00e3o\/TV Globo<\/sub><\/figcaption><\/figure>\n\n\n\n<p>O cantor e compositor Hyldon sofreu um mal s\u00fabito no \u00faltimo s\u00e1bado (4), em sua resid\u00eancia, no Rio de Janeiro. Ele foi prontamente socorrido e levado para a Cl\u00ednica S\u00e3o Bernardo, onde passou por uma s\u00e9rie de exames.<\/p>\n\n\n\n<p>Em raz\u00e3o do ocorrido, o artista n\u00e3o p\u00f4de comparecer \u00e0 estreia do document\u00e1rio <strong>\u201cAs Dores do Mundo \u2013 Hyldon\u201d<\/strong>, exibido dentro da programa\u00e7\u00e3o do Festival do Rio. Assim que teve acesso ao celular, Hyldon viu as fotos da sess\u00e3o lotada e fez quest\u00e3o de agradecer ao p\u00fablico pela presen\u00e7a e pelo carinho.<\/p>\n\n\n\n<p><strong><a href=\"https:\/\/whatsapp.com\/channel\/0029VaAT7tDLI8Yfj5y9Z50Z\"><strong><mark style=\"background-color:rgba(0, 0, 0, 0)\" class=\"has-inline-color has-vivid-red-color\">>> Clique aqui e entre no canal do BEC no WhatsApp<\/mark><\/strong><\/a><\/strong><\/p>\n\n\n\n<p>O filme segue com outras exibi\u00e7\u00f5es no festival. J\u00e1 o m\u00fasico, que tinha alta prevista para a segunda-feira (6), passa bem e deve retomar sua agenda normalmente nos pr\u00f3ximos dias, de acordo com sua assessoria em comunicado publicado nas suas redes sociais.<\/p>\n\n\n\n<p>Devoto do Senhor do Bonfim, Hyldon expressou sua gratid\u00e3o pela recupera\u00e7\u00e3o e pela energia positiva recebida dos f\u00e3s e amigos.<\/p>\n\n\n\n<p>Hyldon j\u00e1 morou em Senhor do Bonfim. Recentemente ele esteve em Tijua\u00e7\u00fa gravando um clipe com um grupo de percuss\u00e3o daquela localidade.<\/p>\n","protected":false},"excerpt":{"rendered":"<p>Por Blog do Eloilton Cajuhy \u2013 BEC O cantor e compositor Hyldon sofreu um mal s\u00fabito no \u00faltimo s\u00e1bado (4), em sua resid\u00eancia, no Rio de Janeiro. Ele foi prontamente socorrido e levado para a Cl\u00ednica S\u00e3o Bernardo, onde passou por uma s\u00e9rie de exames. Em raz\u00e3o do ocorrido, o artista n\u00e3o p\u00f4de comparecer \u00e0 [&hellip;]<\/p>\n","protected":false},"author":2,"featured_media":6520,"comment_status":"open","ping_status":"open","sticky":false,"template":"","format":"standard","meta":{"_acf_changed":false,"_monsterinsights_skip_tracking":false,"_monsterinsights_sitenote_active":false,"_monsterinsights_sitenote_note":"","_monsterinsights_sitenote_category":0,"_jetpack_memberships_contains_paid_content":false,"footnotes":"","jetpack_publicize_message":"","jetpack_publicize_feature_enabled":true,"jetpack_social_post_already_shared":true,"jetpack_social_options":{"image_generator_settings":{"template":"highway","default_image_id":0,"font":"","enabled":false},"version":2}},"categories":[8],"tags":[],"class_list":["post-90640","post","type-post","status-publish","format-standard","has-post-thumbnail","hentry","category-cultura"],"acf":[],"jetpack_publicize_connections":[],"jetpack_featured_media_url":"https:\/\/i0.wp.com\/blogdoeloiltoncajuhy.com.br\/site\/wp-content\/uploads\/2015\/12\/hyldon.jpg?fit=380%2C280&ssl=1","jetpack_sharing_enabled":true,"publishpress_future_workflow_manual_trigger":{"enabledWorkflows":[]},"_links":{"self":[{"href":"https:\/\/blogdoeloiltoncajuhy.com.br\/site\/wp-json\/wp\/v2\/posts\/90640","targetHints":{"allow":["GET"]}}],"collection":[{"href":"https:\/\/blogdoeloiltoncajuhy.com.br\/site\/wp-json\/wp\/v2\/posts"}],"about":[{"href":"https:\/\/blogdoeloiltoncajuhy.com.br\/site\/wp-json\/wp\/v2\/types\/post"}],"author":[{"embeddable":true,"href":"https:\/\/blogdoeloiltoncajuhy.com.br\/site\/wp-json\/wp\/v2\/users\/2"}],"replies":[{"embeddable":true,"href":"https:\/\/blogdoeloiltoncajuhy.com.br\/site\/wp-json\/wp\/v2\/comments?post=90640"}],"version-history":[{"count":1,"href":"https:\/\/blogdoeloiltoncajuhy.com.br\/site\/wp-json\/wp\/v2\/posts\/90640\/revisions"}],"predecessor-version":[{"id":90641,"href":"https:\/\/blogdoeloiltoncajuhy.com.br\/site\/wp-json\/wp\/v2\/posts\/90640\/revisions\/90641"}],"wp:featuredmedia":[{"embeddable":true,"href":"https:\/\/blogdoeloiltoncajuhy.com.br\/site\/wp-json\/wp\/v2\/media\/6520"}],"wp:attachment":[{"href":"https:\/\/blogdoeloiltoncajuhy.com.br\/site\/wp-json\/wp\/v2\/media?parent=90640"}],"wp:term":[{"taxonomy":"category","embeddable":true,"href":"https:\/\/blogdoeloiltoncajuhy.com.br\/site\/wp-json\/wp\/v2\/categories?post=90640"},{"taxonomy":"post_tag","embeddable":true,"href":"https:\/\/blogdoeloiltoncajuhy.com.br\/site\/wp-json\/wp\/v2\/tags?post=90640"}],"curies":[{"name":"wp","href":"https:\/\/api.w.org\/{rel}","templated":true}]}}