{"id":90581,"date":"2025-10-03T18:39:00","date_gmt":"2025-10-03T21:39:00","guid":{"rendered":"https:\/\/blogdoeloiltoncajuhy.com.br\/site\/?p=90581"},"modified":"2025-10-03T18:39:01","modified_gmt":"2025-10-03T21:39:01","slug":"deputado-binho-galinha-se-entrega-ao-mp-ba-e-e-preso-em-feira-de-santana","status":"publish","type":"post","link":"https:\/\/blogdoeloiltoncajuhy.com.br\/site\/deputado-binho-galinha-se-entrega-ao-mp-ba-e-e-preso-em-feira-de-santana\/","title":{"rendered":"Deputado Binho Galinha se entrega ao MP-BA e \u00e9 preso em Feira de Santana"},"content":{"rendered":"\n<p class=\"has-medium-font-size\"><strong>Deputado foi escoltado para Salvador, onde ficar\u00e1 custodiado<\/strong><\/p>\n\n\n\n<p><strong>Por Bahia.ba<\/strong><\/p>\n\n\n\n<figure class=\"wp-block-image aligncenter size-full\"><a href=\"https:\/\/i0.wp.com\/blogdoeloiltoncajuhy.com.br\/site\/wp-content\/uploads\/2024\/04\/Binho-Galinha-deputado-estadual-%E2%80%94-Foto-Agencia-Alba.webp\"><img data-recalc-dims=\"1\" fetchpriority=\"high\" decoding=\"async\" width=\"800\" height=\"476\" src=\"https:\/\/i0.wp.com\/blogdoeloiltoncajuhy.com.br\/site\/wp-content\/uploads\/2024\/04\/Binho-Galinha-deputado-estadual-%E2%80%94-Foto-Agencia-Alba.webp?resize=800%2C476\" alt=\"\" class=\"wp-image-80349\" srcset=\"https:\/\/i0.wp.com\/blogdoeloiltoncajuhy.com.br\/site\/wp-content\/uploads\/2024\/04\/Binho-Galinha-deputado-estadual-%E2%80%94-Foto-Agencia-Alba.webp?w=984&amp;ssl=1 984w, https:\/\/i0.wp.com\/blogdoeloiltoncajuhy.com.br\/site\/wp-content\/uploads\/2024\/04\/Binho-Galinha-deputado-estadual-%E2%80%94-Foto-Agencia-Alba.webp?resize=300%2C179&amp;ssl=1 300w, https:\/\/i0.wp.com\/blogdoeloiltoncajuhy.com.br\/site\/wp-content\/uploads\/2024\/04\/Binho-Galinha-deputado-estadual-%E2%80%94-Foto-Agencia-Alba.webp?resize=768%2C457&amp;ssl=1 768w\" sizes=\"(max-width: 800px) 100vw, 800px\" \/><\/a><figcaption class=\"wp-element-caption\"><sub>Foto: Ag\u00eancia Alba<\/sub><\/figcaption><\/figure>\n\n\n\n<p>O deputado estadual Kl\u00e9ber Cristian Escolano de Almeida, conhecido como Binho Galinha (PRD), foi preso nesta sexta-feira (3) ap\u00f3s se entregar ao Minist\u00e9rio P\u00fablico da Bahia (MP-BA) em Feira de Santana. O parlamentar estava foragido desde ter\u00e7a-feira (1\u00ba), quando foi deflagrada a opera\u00e7\u00e3o Estado An\u00f4mico.<\/p>\n\n\n\n<p>Cerca de 20 agentes policiais e promotores do Grupo de Atua\u00e7\u00e3o Especial de Combate \u00e0s Organiza\u00e7\u00f5es Criminosas (Gaeco) cumpriu o mandado de pris\u00e3o preventiva e escoltou o deputado at\u00e9 Salvador, onde ele ficar\u00e1 custodiado.<\/p>\n\n\n\n<p>Binho Galinha \u00e9 apontado como l\u00edder de uma organiza\u00e7\u00e3o criminosa com atua\u00e7\u00e3o principalmente em Feira de Santana. Segundo o MP, o grupo adota pr\u00e1ticas semelhantes \u00e0s de mil\u00edcias e \u00e9 investigado por crimes como lavagem de dinheiro, obstru\u00e7\u00e3o da Justi\u00e7a, jogo do bicho, agiotagem, recepta\u00e7\u00e3o qualificada, com\u00e9rcio ilegal de armas, usurpa\u00e7\u00e3o de fun\u00e7\u00e3o p\u00fablica, embara\u00e7o a investiga\u00e7\u00f5es e tr\u00e1fico de drogas.<\/p>\n\n\n\n<p><strong><a href=\"https:\/\/whatsapp.com\/channel\/0029VaAT7tDLI8Yfj5y9Z50Z\"><strong><mark style=\"background-color:rgba(0, 0, 0, 0)\" class=\"has-inline-color has-vivid-red-color\">>> Clique aqui e entre no canal do BEC no WhatsApp<\/mark><\/strong><\/a><\/strong><\/p>\n\n\n\n<p>O parlamentar j\u00e1 responde a duas a\u00e7\u00f5es penais em decorr\u00eancia da Opera\u00e7\u00e3o El Patr\u00f3n, deflagrada anteriormente pelo MP-BA, nas quais foi denunciado por lavagem de dinheiro, jogo do bicho, agiotagem e recepta\u00e7\u00e3o qualificada.<\/p>\n\n\n\n<p>A opera\u00e7\u00e3o Estado An\u00f4mico tem como objetivo aprofundar as apura\u00e7\u00f5es sobre a estrutura da organiza\u00e7\u00e3o criminosa, que segundo os investigadores possui divis\u00e3o de tarefas entre seus integrantes, incluindo policiais militares.<\/p>\n\n\n\n<p>Al\u00e9m do deputado, outras dez pessoas foram presas, entre elas o filho, Jo\u00e3o Guilherme Cerqueira da Silva Escolano, e a esposa, Mayana Cerqueira da Silva, ambos j\u00e1 denunciados pelo MP. At\u00e9 o momento, 15 pessoas foram denunciadas por envolvimento com o grupo criminoso.<\/p>\n\n\n\n<p>O presidente estadual do PRD, deputado Marcinho Oliveira, afirmou que a legenda aguardar\u00e1 a posi\u00e7\u00e3o da Assembleia Legislativa da Bahia (AL-BA) antes de tomar qualquer medida em rela\u00e7\u00e3o a Binho Galinha. \u201cO partido vai esperar a Assembleia tomar qualquer posicionamento. Ent\u00e3o, a partir do posicionamento da AL-BA, dizem que na segunda-feira (6), v\u00e3o mandar as documenta\u00e7\u00f5es n\u00e9\u201d, declarou.<\/p>\n","protected":false},"excerpt":{"rendered":"<p>Deputado foi escoltado para Salvador, onde ficar\u00e1 custodiado Por Bahia.ba O deputado estadual Kl\u00e9ber Cristian Escolano de Almeida, conhecido como Binho Galinha (PRD), foi preso nesta sexta-feira (3) ap\u00f3s se entregar ao Minist\u00e9rio P\u00fablico da Bahia (MP-BA) em Feira de Santana. O parlamentar estava foragido desde ter\u00e7a-feira (1\u00ba), quando foi deflagrada a opera\u00e7\u00e3o Estado An\u00f4mico. [&hellip;]<\/p>\n","protected":false},"author":2,"featured_media":80349,"comment_status":"open","ping_status":"open","sticky":false,"template":"","format":"standard","meta":{"_acf_changed":false,"_monsterinsights_skip_tracking":false,"_monsterinsights_sitenote_active":false,"_monsterinsights_sitenote_note":"","_monsterinsights_sitenote_category":0,"_jetpack_memberships_contains_paid_content":false,"footnotes":"","jetpack_publicize_message":"","jetpack_publicize_feature_enabled":true,"jetpack_social_post_already_shared":true,"jetpack_social_options":{"image_generator_settings":{"template":"highway","default_image_id":0,"font":"","enabled":false},"version":2}},"categories":[3],"tags":[],"class_list":["post-90581","post","type-post","status-publish","format-standard","has-post-thumbnail","hentry","category-politica"],"acf":[],"jetpack_publicize_connections":[],"jetpack_featured_media_url":"https:\/\/i0.wp.com\/blogdoeloiltoncajuhy.com.br\/site\/wp-content\/uploads\/2024\/04\/Binho-Galinha-deputado-estadual-%E2%80%94-Foto-Agencia-Alba.webp?fit=984%2C586&ssl=1","jetpack_sharing_enabled":true,"publishpress_future_workflow_manual_trigger":{"enabledWorkflows":[]},"_links":{"self":[{"href":"https:\/\/blogdoeloiltoncajuhy.com.br\/site\/wp-json\/wp\/v2\/posts\/90581","targetHints":{"allow":["GET"]}}],"collection":[{"href":"https:\/\/blogdoeloiltoncajuhy.com.br\/site\/wp-json\/wp\/v2\/posts"}],"about":[{"href":"https:\/\/blogdoeloiltoncajuhy.com.br\/site\/wp-json\/wp\/v2\/types\/post"}],"author":[{"embeddable":true,"href":"https:\/\/blogdoeloiltoncajuhy.com.br\/site\/wp-json\/wp\/v2\/users\/2"}],"replies":[{"embeddable":true,"href":"https:\/\/blogdoeloiltoncajuhy.com.br\/site\/wp-json\/wp\/v2\/comments?post=90581"}],"version-history":[{"count":1,"href":"https:\/\/blogdoeloiltoncajuhy.com.br\/site\/wp-json\/wp\/v2\/posts\/90581\/revisions"}],"predecessor-version":[{"id":90582,"href":"https:\/\/blogdoeloiltoncajuhy.com.br\/site\/wp-json\/wp\/v2\/posts\/90581\/revisions\/90582"}],"wp:featuredmedia":[{"embeddable":true,"href":"https:\/\/blogdoeloiltoncajuhy.com.br\/site\/wp-json\/wp\/v2\/media\/80349"}],"wp:attachment":[{"href":"https:\/\/blogdoeloiltoncajuhy.com.br\/site\/wp-json\/wp\/v2\/media?parent=90581"}],"wp:term":[{"taxonomy":"category","embeddable":true,"href":"https:\/\/blogdoeloiltoncajuhy.com.br\/site\/wp-json\/wp\/v2\/categories?post=90581"},{"taxonomy":"post_tag","embeddable":true,"href":"https:\/\/blogdoeloiltoncajuhy.com.br\/site\/wp-json\/wp\/v2\/tags?post=90581"}],"curies":[{"name":"wp","href":"https:\/\/api.w.org\/{rel}","templated":true}]}}