{"id":90574,"date":"2025-10-03T16:59:14","date_gmt":"2025-10-03T19:59:14","guid":{"rendered":"https:\/\/blogdoeloiltoncajuhy.com.br\/site\/?p=90574"},"modified":"2025-10-03T17:17:05","modified_gmt":"2025-10-03T20:17:05","slug":"cantora-bonfinense-faz-homenagem-a-ancestralidade-e-a-forca-feminina-em-seu-primeiro-single","status":"publish","type":"post","link":"https:\/\/blogdoeloiltoncajuhy.com.br\/site\/cantora-bonfinense-faz-homenagem-a-ancestralidade-e-a-forca-feminina-em-seu-primeiro-single\/","title":{"rendered":"Cantora bonfinense faz homenagem \u00e0 ancestralidade e \u00e0 for\u00e7a feminina em seu primeiro single"},"content":{"rendered":"\n<p><strong>Blog do Eloilton Cajuhy \u2013 BEC<\/strong><\/p>\n\n\n\n<figure class=\"wp-block-image aligncenter size-full is-resized\"><a href=\"https:\/\/i0.wp.com\/blogdoeloiltoncajuhy.com.br\/site\/wp-content\/uploads\/2025\/10\/Abigail-Ferreira-01-2025-10-03.jpeg?ssl=1\"><img data-recalc-dims=\"1\" fetchpriority=\"high\" decoding=\"async\" width=\"506\" height=\"900\" src=\"https:\/\/i0.wp.com\/blogdoeloiltoncajuhy.com.br\/site\/wp-content\/uploads\/2025\/10\/Abigail-Ferreira-01-2025-10-03.jpeg?resize=506%2C900&#038;ssl=1\" alt=\"\" class=\"wp-image-90575\" style=\"width:363px;height:auto\" srcset=\"https:\/\/i0.wp.com\/blogdoeloiltoncajuhy.com.br\/site\/wp-content\/uploads\/2025\/10\/Abigail-Ferreira-01-2025-10-03.jpeg?w=506&amp;ssl=1 506w, https:\/\/i0.wp.com\/blogdoeloiltoncajuhy.com.br\/site\/wp-content\/uploads\/2025\/10\/Abigail-Ferreira-01-2025-10-03.jpeg?resize=169%2C300&amp;ssl=1 169w\" sizes=\"(max-width: 506px) 100vw, 506px\" \/><\/a><figcaption class=\"wp-element-caption\"><sub>Foto: Lav\u00ednia Agnnes<\/sub><\/figcaption><\/figure>\n\n\n\n<p><strong>Ben\u00e7a<\/strong>, primeiro single de <strong>Abigail Ferreira<\/strong>, \u00e9 uma can\u00e7\u00e3o que celebra a sabedoria ancestral transmitida de gera\u00e7\u00e3o em gera\u00e7\u00e3o. A m\u00fasica exalta o poder das b\u00ean\u00e7\u00e3os dadas por m\u00e3es e av\u00f3s, gestos de prote\u00e7\u00e3o, carinho e for\u00e7a que sustentam o crescimento e o amadurecimento da vida. A can\u00e7\u00e3o ser\u00e1 lan\u00e7ada em 10 de outubro, em todas as<br>plataformas digitais.<br><\/p>\n\n\n\n<p>Abigail Ferreira \u00e9 cantora, compositora e professora de pandeiro. Residente em Senhor do Bonfim (BA), \u00e9 estudante de Teatro pela UNEB e foi uma das vocalistas da banda Semi-\u00c1ridas, formada exclusivamente por mulheres. Sua trajet\u00f3ria musical come\u00e7ou na inf\u00e2ncia, em ambientes religiosos, e hoje sua arte reflete a for\u00e7a da cultura baiana e nordestina, marcada pelo protagonismo feminino e LGBTQIAPN+.<\/p>\n\n\n\n<p><strong><mark style=\"background-color:rgba(0, 0, 0, 0)\" class=\"has-inline-color has-vivid-red-color\"><a href=\"https:\/\/whatsapp.com\/channel\/0029VaAT7tDLI8Yfj5y9Z50Z\">&gt;&gt; Clique aqui e entre no canal do BEC no WhatsApp<\/a><br><\/mark><\/strong><\/p>\n\n\n\n<p>A musicalidade de <strong>Ben\u00e7a<\/strong> se inspira em ritmos como bai\u00e3o, coco e ijex\u00e1, dialogando com refer\u00eancias da m\u00fasica afro-brasileira e latina. Mais do que um resgate cultural, <strong>Ben\u00e7a<\/strong> \u00e9 um manifesto pela presen\u00e7a e visibilidade das mulheres na m\u00fasica. Da cria\u00e7\u00e3o \u00e0 produ\u00e7\u00e3o, passando pelos arranjos e dire\u00e7\u00e3o, a can\u00e7\u00e3o \u00e9 resultado de um trabalho essencialmente feminino, que reafirma a for\u00e7a e autonomia das artistas do interior da Bahia. A m\u00fasica ser\u00e1 lan\u00e7ada em parceria com o selo Som por Elas, iniciativa que valoriza e potencializa a presen\u00e7a de mulheres na m\u00fasica.<br><\/p>\n\n\n\n<figure class=\"wp-block-image aligncenter size-full is-resized\"><a href=\"https:\/\/i0.wp.com\/blogdoeloiltoncajuhy.com.br\/site\/wp-content\/uploads\/2025\/10\/Abigail-Ferreira-02-2025-10-03.jpeg?ssl=1\"><img data-recalc-dims=\"1\" decoding=\"async\" width=\"506\" height=\"900\" src=\"https:\/\/i0.wp.com\/blogdoeloiltoncajuhy.com.br\/site\/wp-content\/uploads\/2025\/10\/Abigail-Ferreira-02-2025-10-03.jpeg?resize=506%2C900&#038;ssl=1\" alt=\"\" class=\"wp-image-90576\" style=\"width:363px;height:auto\" srcset=\"https:\/\/i0.wp.com\/blogdoeloiltoncajuhy.com.br\/site\/wp-content\/uploads\/2025\/10\/Abigail-Ferreira-02-2025-10-03.jpeg?w=506&amp;ssl=1 506w, https:\/\/i0.wp.com\/blogdoeloiltoncajuhy.com.br\/site\/wp-content\/uploads\/2025\/10\/Abigail-Ferreira-02-2025-10-03.jpeg?resize=169%2C300&amp;ssl=1 169w\" sizes=\"(max-width: 506px) 100vw, 506px\" \/><\/a><figcaption class=\"wp-element-caption\"><sub>Foto: Lav\u00ednia Agnnes<\/sub><\/figcaption><\/figure>\n\n\n\n<p>O arranjo da can\u00e7\u00e3o nasce da escuta profunda das \u00e1guas, s\u00edmbolo de renascimento e conex\u00e3o com a ancestralidade. Inspirado no trabalho tradicional feminino, praticado pela av\u00f3 e transmutado em arte pela neta, o som evoca o ciclo da vida que pulsa entre gera\u00e7\u00f5es. As camadas sonoras fluem como ondas do mar, num constante mergulho interior, onde batimentos card\u00edacos, respira\u00e7\u00e3o e corrente sangu\u00ednea se fundem \u00e0 musicalidade.<\/p>\n\n\n\n<p>Essa constru\u00e7\u00e3o sensorial traduz a limpeza f\u00edsica e emocional que o ato de mergulhar representa, convidando o ouvinte a acessar mem\u00f3rias primordiais, como a escuta intrauterina, o primeiro contato com o som e com o pr\u00f3prio existir.<\/p>\n\n\n\n<p>Este projeto foi contemplado nos Editais da Pol\u00edtica Nacional Aldir Blanc e tem apoio financeiro do Governo do Estado da Bahia, por meio da Secretaria de Cultura de Senhor do Bonfim via Edital de Chamamento P\u00fablico n\u00ba002\/2024 &#8211; Edital Ti\u00e3o da Sanfona, direcionado pelo Minist\u00e9rio da Cultura &#8211; Governo Federal.<\/p>\n\n\n\n<p class=\"has-vivid-purple-color has-text-color has-link-color has-medium-font-size wp-elements-3a227ce653680a76aed5abcb6faa6482\"><strong>SERVI\u00c7O:<\/strong><\/p>\n\n\n\n<figure class=\"wp-block-image aligncenter size-full is-resized\"><a href=\"https:\/\/i0.wp.com\/blogdoeloiltoncajuhy.com.br\/site\/wp-content\/uploads\/2025\/10\/Abigail-Ferreira-03-2025-10-03.jpeg?ssl=1\"><img data-recalc-dims=\"1\" decoding=\"async\" width=\"640\" height=\"640\" src=\"https:\/\/i0.wp.com\/blogdoeloiltoncajuhy.com.br\/site\/wp-content\/uploads\/2025\/10\/Abigail-Ferreira-03-2025-10-03.jpeg?resize=640%2C640&#038;ssl=1\" alt=\"\" class=\"wp-image-90577\" style=\"width:508px;height:auto\" srcset=\"https:\/\/i0.wp.com\/blogdoeloiltoncajuhy.com.br\/site\/wp-content\/uploads\/2025\/10\/Abigail-Ferreira-03-2025-10-03.jpeg?w=640&amp;ssl=1 640w, https:\/\/i0.wp.com\/blogdoeloiltoncajuhy.com.br\/site\/wp-content\/uploads\/2025\/10\/Abigail-Ferreira-03-2025-10-03.jpeg?resize=300%2C300&amp;ssl=1 300w, https:\/\/i0.wp.com\/blogdoeloiltoncajuhy.com.br\/site\/wp-content\/uploads\/2025\/10\/Abigail-Ferreira-03-2025-10-03.jpeg?resize=150%2C150&amp;ssl=1 150w\" sizes=\"(max-width: 640px) 100vw, 640px\" \/><\/a><figcaption class=\"wp-element-caption\"><sub>Foto: Lav\u00ednia Agnnes<\/sub><\/figcaption><\/figure>\n\n\n\n<ul class=\"wp-block-list\">\n<li><strong><mark style=\"background-color:rgba(0, 0, 0, 0)\" class=\"has-inline-color has-black-color\">Lan\u00e7amento da can\u00e7\u00e3o Ben\u00e7a, de Abigail Ferreira<\/mark><\/strong><\/li>\n\n\n\n<li><strong><mark style=\"background-color:rgba(0, 0, 0, 0)\" class=\"has-inline-color has-black-color\">Quando:<\/mark><\/strong> 10 de outubro<\/li>\n\n\n\n<li><strong><mark style=\"background-color:rgba(0, 0, 0, 0)\" class=\"has-inline-color has-black-color\">Onde:<\/mark><\/strong> Em todas as plataformas digitais<\/li>\n<\/ul>\n\n\n\n<p><\/p>\n\n\n\n<p class=\"has-black-color has-text-color has-link-color has-medium-font-size wp-elements-4def275c881305db7105d1b2988c0e93\"><strong>Ficha t\u00e9cnica:<\/strong><\/p>\n\n\n\n<ul class=\"wp-block-list\">\n<li><strong><mark style=\"background-color:rgba(0, 0, 0, 0)\" class=\"has-inline-color has-black-color\">Artista:<\/mark><\/strong> Abigail Ferreira<\/li>\n\n\n\n<li><strong><mark style=\"background-color:rgba(0, 0, 0, 0)\" class=\"has-inline-color has-black-color\">Produtora Musical:<\/mark><\/strong> Vict\u00f3ria Duarte<\/li>\n\n\n\n<li><strong><mark style=\"background-color:rgba(0, 0, 0, 0)\" class=\"has-inline-color has-black-color\">Selo:<\/mark><\/strong> Som Por Elas<\/li>\n\n\n\n<li><strong><mark style=\"background-color:rgba(0, 0, 0, 0)\" class=\"has-inline-color has-black-color\">Grava\u00e7\u00e3o:<\/mark><\/strong> Studio Fyah<\/li>\n\n\n\n<li><strong><mark style=\"background-color:rgba(0, 0, 0, 0)\" class=\"has-inline-color has-black-color\">Mix e Master:<\/mark><\/strong> \u00c1lvin Soares<\/li>\n<\/ul>\n","protected":false},"excerpt":{"rendered":"<p>Blog do Eloilton Cajuhy \u2013 BEC Ben\u00e7a, primeiro single de Abigail Ferreira, \u00e9 uma can\u00e7\u00e3o que celebra a sabedoria ancestral transmitida de gera\u00e7\u00e3o em gera\u00e7\u00e3o. A m\u00fasica exalta o poder das b\u00ean\u00e7\u00e3os dadas por m\u00e3es e av\u00f3s, gestos de prote\u00e7\u00e3o, carinho e for\u00e7a que sustentam o crescimento e o amadurecimento da vida. A can\u00e7\u00e3o ser\u00e1 [&hellip;]<\/p>\n","protected":false},"author":2,"featured_media":90577,"comment_status":"open","ping_status":"open","sticky":false,"template":"","format":"standard","meta":{"_acf_changed":false,"_monsterinsights_skip_tracking":false,"_monsterinsights_sitenote_active":false,"_monsterinsights_sitenote_note":"","_monsterinsights_sitenote_category":0,"_jetpack_memberships_contains_paid_content":false,"footnotes":"","jetpack_publicize_message":"","jetpack_publicize_feature_enabled":true,"jetpack_social_post_already_shared":false,"jetpack_social_options":{"image_generator_settings":{"template":"highway","default_image_id":0,"font":"","enabled":false},"version":2}},"categories":[8],"tags":[],"class_list":["post-90574","post","type-post","status-publish","format-standard","has-post-thumbnail","hentry","category-cultura"],"acf":[],"jetpack_publicize_connections":[],"jetpack_featured_media_url":"https:\/\/i0.wp.com\/blogdoeloiltoncajuhy.com.br\/site\/wp-content\/uploads\/2025\/10\/Abigail-Ferreira-03-2025-10-03.jpeg?fit=640%2C640&ssl=1","jetpack_sharing_enabled":true,"publishpress_future_workflow_manual_trigger":{"enabledWorkflows":[]},"_links":{"self":[{"href":"https:\/\/blogdoeloiltoncajuhy.com.br\/site\/wp-json\/wp\/v2\/posts\/90574","targetHints":{"allow":["GET"]}}],"collection":[{"href":"https:\/\/blogdoeloiltoncajuhy.com.br\/site\/wp-json\/wp\/v2\/posts"}],"about":[{"href":"https:\/\/blogdoeloiltoncajuhy.com.br\/site\/wp-json\/wp\/v2\/types\/post"}],"author":[{"embeddable":true,"href":"https:\/\/blogdoeloiltoncajuhy.com.br\/site\/wp-json\/wp\/v2\/users\/2"}],"replies":[{"embeddable":true,"href":"https:\/\/blogdoeloiltoncajuhy.com.br\/site\/wp-json\/wp\/v2\/comments?post=90574"}],"version-history":[{"count":2,"href":"https:\/\/blogdoeloiltoncajuhy.com.br\/site\/wp-json\/wp\/v2\/posts\/90574\/revisions"}],"predecessor-version":[{"id":90580,"href":"https:\/\/blogdoeloiltoncajuhy.com.br\/site\/wp-json\/wp\/v2\/posts\/90574\/revisions\/90580"}],"wp:featuredmedia":[{"embeddable":true,"href":"https:\/\/blogdoeloiltoncajuhy.com.br\/site\/wp-json\/wp\/v2\/media\/90577"}],"wp:attachment":[{"href":"https:\/\/blogdoeloiltoncajuhy.com.br\/site\/wp-json\/wp\/v2\/media?parent=90574"}],"wp:term":[{"taxonomy":"category","embeddable":true,"href":"https:\/\/blogdoeloiltoncajuhy.com.br\/site\/wp-json\/wp\/v2\/categories?post=90574"},{"taxonomy":"post_tag","embeddable":true,"href":"https:\/\/blogdoeloiltoncajuhy.com.br\/site\/wp-json\/wp\/v2\/tags?post=90574"}],"curies":[{"name":"wp","href":"https:\/\/api.w.org\/{rel}","templated":true}]}}