{"id":90571,"date":"2025-10-03T16:19:52","date_gmt":"2025-10-03T19:19:52","guid":{"rendered":"https:\/\/blogdoeloiltoncajuhy.com.br\/site\/?p=90571"},"modified":"2025-10-03T16:19:54","modified_gmt":"2025-10-03T19:19:54","slug":"planserv-deve-ter-precos-revistos-e-outras-mudancas-nos-proximos-dias-diz-jeronimo","status":"publish","type":"post","link":"https:\/\/blogdoeloiltoncajuhy.com.br\/site\/planserv-deve-ter-precos-revistos-e-outras-mudancas-nos-proximos-dias-diz-jeronimo\/","title":{"rendered":"Planserv deve ter pre\u00e7os revistos e outras mudan\u00e7as nos pr\u00f3ximos dias, diz Jer\u00f4nimo"},"content":{"rendered":"\n<p class=\"has-medium-font-size\"><strong>&#8220;Medidas de ajuste t\u00eam como objetivo garantir maior estabilidade e fortalecer o sistema no estado&#8221;, afirmou o governador<\/strong><\/p>\n\n\n\n<p><strong>Por Raquel Franco e Andr\u00e9 Souza\/Bahia.ba<\/strong><\/p>\n\n\n\n<figure class=\"wp-block-image aligncenter size-full is-resized\"><a href=\"https:\/\/i0.wp.com\/blogdoeloiltoncajuhy.com.br\/site\/wp-content\/uploads\/2025\/10\/Jeronimo_Foto-Raquel-Franco-Bahia.ba_.png?ssl=1\"><img data-recalc-dims=\"1\" fetchpriority=\"high\" decoding=\"async\" width=\"600\" height=\"420\" src=\"https:\/\/i0.wp.com\/blogdoeloiltoncajuhy.com.br\/site\/wp-content\/uploads\/2025\/10\/Jeronimo_Foto-Raquel-Franco-Bahia.ba_.png?resize=600%2C420&#038;ssl=1\" alt=\"\" class=\"wp-image-90572\" style=\"width:669px;height:auto\" srcset=\"https:\/\/i0.wp.com\/blogdoeloiltoncajuhy.com.br\/site\/wp-content\/uploads\/2025\/10\/Jeronimo_Foto-Raquel-Franco-Bahia.ba_.png?w=600&amp;ssl=1 600w, https:\/\/i0.wp.com\/blogdoeloiltoncajuhy.com.br\/site\/wp-content\/uploads\/2025\/10\/Jeronimo_Foto-Raquel-Franco-Bahia.ba_.png?resize=300%2C210&amp;ssl=1 300w\" sizes=\"(max-width: 600px) 100vw, 600px\" \/><\/a><figcaption class=\"wp-element-caption\"><sub>Foto: Raquel Franco\/Bahia.ba<\/sub><\/figcaption><\/figure>\n\n\n\n<p>O governador da Bahia, Jer\u00f4nimo Rodrigues (PT), afirmou nesta sexta-feira (3) que o Planserv, plano de assist\u00eancia \u00e0 sa\u00fade dos servidores estaduais, passar\u00e1 por mudan\u00e7as nos pr\u00f3ximos dias. Segundo ele, a revis\u00e3o dos pre\u00e7os e outras medidas de ajuste t\u00eam como objetivo garantir maior estabilidade e fortalecer o sistema no estado.<\/p>\n\n\n\n<blockquote class=\"wp-block-quote is-layout-flow wp-block-quote-is-layout-flow\">\n<p><strong><mark style=\"background-color:rgba(0, 0, 0, 0)\" class=\"has-inline-color has-black-color\">\u201cSentei nessa semana, tr\u00eas dias com o Planserv, com o secret\u00e1rio Rodrigo, com o secret\u00e1rio Maur\u00edcio e Adolpho, para a gente encontrar uma sa\u00edda. Mas \u00e9 uma sa\u00edda para fortalecer o Planserv. O Planserv \u00e9 um plano forte. N\u00f3s sabemos que temos meio milh\u00e3o de pessoas que usam o Planserv\u201d, disse Jer\u00f4nimo durante a entrega de ve\u00edculos para as Policl\u00ednicas Regionais de Sa\u00fade.<\/mark><\/strong><\/p>\n<\/blockquote>\n\n\n\n<p>O governador ressaltou que os principais desafios est\u00e3o nos munic\u00edpios do interior, onde h\u00e1 dificuldade em contratar servi\u00e7os especializados. Segundo ele, pacientes de localidades mais distantes acabam se deslocando para Barreiras ou Salvador, o que sobrecarrega hospitais maiores.<\/p>\n\n\n\n<p><strong><a href=\"https:\/\/whatsapp.com\/channel\/0029VaAT7tDLI8Yfj5y9Z50Z\"><strong><mark style=\"background-color:rgba(0, 0, 0, 0)\" class=\"has-inline-color has-vivid-red-color\">>> Clique aqui e entre no canal do BEC no WhatsApp<\/mark><\/strong><\/a><\/strong><\/p>\n\n\n\n<p>\u201cAcaba superlotando. O que tem de demanda \u00e9 rever os pre\u00e7os, os valores pagos, para a gente ter uma estabilidade de concorr\u00eancia adequada. Mas existe tamb\u00e9m um ajuste que vamos fazer. Espero que nos pr\u00f3ximos dias voc\u00eas possam receber qual \u00e9 a interven\u00e7\u00e3o que faremos para melhorar ainda mais o servi\u00e7o do Planserv\u201d, disse.<\/p>\n\n\n\n<p>As altera\u00e7\u00f5es devem ser anunciadas em breve, mas Jer\u00f4nimo n\u00e3o detalhou quais medidas, al\u00e9m da revis\u00e3o de pre\u00e7os, ser\u00e3o adotadas. O governo afirma que o objetivo \u00e9 ampliar a qualidade do atendimento sem comprometer a cobertura atual oferecida aos servidores estaduais e seus dependentes.<\/p>\n","protected":false},"excerpt":{"rendered":"<p>&#8220;Medidas de ajuste t\u00eam como objetivo garantir maior estabilidade e fortalecer o sistema no estado&#8221;, afirmou o governador Por Raquel Franco e Andr\u00e9 Souza\/Bahia.ba O governador da Bahia, Jer\u00f4nimo Rodrigues (PT), afirmou nesta sexta-feira (3) que o Planserv, plano de assist\u00eancia \u00e0 sa\u00fade dos servidores estaduais, passar\u00e1 por mudan\u00e7as nos pr\u00f3ximos dias. Segundo ele, a [&hellip;]<\/p>\n","protected":false},"author":2,"featured_media":90572,"comment_status":"open","ping_status":"open","sticky":false,"template":"","format":"standard","meta":{"_acf_changed":false,"_monsterinsights_skip_tracking":false,"_monsterinsights_sitenote_active":false,"_monsterinsights_sitenote_note":"","_monsterinsights_sitenote_category":0,"_jetpack_memberships_contains_paid_content":false,"footnotes":"","jetpack_publicize_message":"","jetpack_publicize_feature_enabled":true,"jetpack_social_post_already_shared":true,"jetpack_social_options":{"image_generator_settings":{"template":"highway","default_image_id":0,"font":"","enabled":false},"version":2}},"categories":[3],"tags":[],"class_list":["post-90571","post","type-post","status-publish","format-standard","has-post-thumbnail","hentry","category-politica"],"acf":[],"jetpack_publicize_connections":[],"jetpack_featured_media_url":"https:\/\/i0.wp.com\/blogdoeloiltoncajuhy.com.br\/site\/wp-content\/uploads\/2025\/10\/Jeronimo_Foto-Raquel-Franco-Bahia.ba_.png?fit=600%2C420&ssl=1","jetpack_sharing_enabled":true,"publishpress_future_workflow_manual_trigger":{"enabledWorkflows":[]},"_links":{"self":[{"href":"https:\/\/blogdoeloiltoncajuhy.com.br\/site\/wp-json\/wp\/v2\/posts\/90571","targetHints":{"allow":["GET"]}}],"collection":[{"href":"https:\/\/blogdoeloiltoncajuhy.com.br\/site\/wp-json\/wp\/v2\/posts"}],"about":[{"href":"https:\/\/blogdoeloiltoncajuhy.com.br\/site\/wp-json\/wp\/v2\/types\/post"}],"author":[{"embeddable":true,"href":"https:\/\/blogdoeloiltoncajuhy.com.br\/site\/wp-json\/wp\/v2\/users\/2"}],"replies":[{"embeddable":true,"href":"https:\/\/blogdoeloiltoncajuhy.com.br\/site\/wp-json\/wp\/v2\/comments?post=90571"}],"version-history":[{"count":1,"href":"https:\/\/blogdoeloiltoncajuhy.com.br\/site\/wp-json\/wp\/v2\/posts\/90571\/revisions"}],"predecessor-version":[{"id":90573,"href":"https:\/\/blogdoeloiltoncajuhy.com.br\/site\/wp-json\/wp\/v2\/posts\/90571\/revisions\/90573"}],"wp:featuredmedia":[{"embeddable":true,"href":"https:\/\/blogdoeloiltoncajuhy.com.br\/site\/wp-json\/wp\/v2\/media\/90572"}],"wp:attachment":[{"href":"https:\/\/blogdoeloiltoncajuhy.com.br\/site\/wp-json\/wp\/v2\/media?parent=90571"}],"wp:term":[{"taxonomy":"category","embeddable":true,"href":"https:\/\/blogdoeloiltoncajuhy.com.br\/site\/wp-json\/wp\/v2\/categories?post=90571"},{"taxonomy":"post_tag","embeddable":true,"href":"https:\/\/blogdoeloiltoncajuhy.com.br\/site\/wp-json\/wp\/v2\/tags?post=90571"}],"curies":[{"name":"wp","href":"https:\/\/api.w.org\/{rel}","templated":true}]}}