{"id":90559,"date":"2025-10-03T09:07:29","date_gmt":"2025-10-03T12:07:29","guid":{"rendered":"https:\/\/blogdoeloiltoncajuhy.com.br\/site\/?p=90559"},"modified":"2025-10-03T09:07:30","modified_gmt":"2025-10-03T12:07:30","slug":"sus-fara-cirurgia-de-cancer-de-prostata-por-robo","status":"publish","type":"post","link":"https:\/\/blogdoeloiltoncajuhy.com.br\/site\/sus-fara-cirurgia-de-cancer-de-prostata-por-robo\/","title":{"rendered":"SUS far\u00e1 cirurgia de c\u00e2ncer de pr\u00f3stata por rob\u00f4"},"content":{"rendered":"\n<p class=\"has-medium-font-size\"><strong>Tratamento dever\u00e1 ser oferecido em at\u00e9 180 dias<\/strong><\/p>\n\n\n\n<p><strong>Por Douglas Corr\u00eaa\/Ag\u00eancia Brasil<\/strong><\/p>\n\n\n\n<figure class=\"wp-block-image aligncenter size-full\"><a href=\"https:\/\/i0.wp.com\/blogdoeloiltoncajuhy.com.br\/site\/wp-content\/uploads\/2025\/10\/SUS_cirurgia-Foto-Tania-Rego-Agencia-Brasil.png?ssl=1\"><img data-recalc-dims=\"1\" fetchpriority=\"high\" decoding=\"async\" width=\"740\" height=\"443\" src=\"https:\/\/i0.wp.com\/blogdoeloiltoncajuhy.com.br\/site\/wp-content\/uploads\/2025\/10\/SUS_cirurgia-Foto-Tania-Rego-Agencia-Brasil.png?resize=740%2C443&#038;ssl=1\" alt=\"\" class=\"wp-image-90560\" srcset=\"https:\/\/i0.wp.com\/blogdoeloiltoncajuhy.com.br\/site\/wp-content\/uploads\/2025\/10\/SUS_cirurgia-Foto-Tania-Rego-Agencia-Brasil.png?w=740&amp;ssl=1 740w, https:\/\/i0.wp.com\/blogdoeloiltoncajuhy.com.br\/site\/wp-content\/uploads\/2025\/10\/SUS_cirurgia-Foto-Tania-Rego-Agencia-Brasil.png?resize=300%2C180&amp;ssl=1 300w\" sizes=\"(max-width: 740px) 100vw, 740px\" \/><\/a><figcaption class=\"wp-element-caption\"><sub>Foto: T\u00e2nia R\u00eago\/Ag\u00eancia Brasil<\/sub><\/figcaption><\/figure>\n\n\n\n<p>O Minist\u00e9rio da Sa\u00fade, por meio de portaria da Secretaria de Ci\u00eancia, Tecnologia e Inova\u00e7\u00e3o e do Complexo Econ\u00f4mico Industrial da Sa\u00fade (Sectics), incorporou no \u00e2mbito do Sistema \u00danico de Sa\u00fade (SUS) a prostatectomia radical assistida por rob\u00f4 para o tratamento de pacientes com c\u00e2ncer de pr\u00f3stata clinicamente avan\u00e7ado.<\/p>\n\n\n\n<p>A prostatectomia radical \u00e9 uma cirurgia para remover a pr\u00f3stata e as ves\u00edculas seminais, sendo um tratamento curativo para o c\u00e2ncer de pr\u00f3stata, principalmente em est\u00e1gios iniciais. Nesse procedimento, a pr\u00f3stata \u00e9 removida completamente, juntamente com os tecidos ao seu redor, como as ves\u00edculas seminais e, em alguns casos, os linfonodos p\u00e9lvicos, para eliminar o tumor e reduzir o risco de recorr\u00eancia.<\/p>\n\n\n\n<p>De acordo com a portaria, as \u00e1reas t\u00e9cnicas ter\u00e3o o prazo m\u00e1ximo de 180 dias para efetivar a oferta no SUS. Dever\u00e1 constar tamb\u00e9m o relat\u00f3rio de recomenda\u00e7\u00e3o da Comiss\u00e3o Nacional de Incorpora\u00e7\u00e3o de Tecnologias no Sistema \u00danico de Sa\u00fade (Conitec) sobre essa tecnologia.<\/p>\n\n\n\n<p>A Conitec aprovou, em parecer final, a incorpora\u00e7\u00e3o da prostatectomia radical rob\u00f3tica para pacientes com c\u00e2ncer de pr\u00f3stata clinicamente localizado ou localmente avan\u00e7ado.<\/p>\n\n\n\n<blockquote class=\"wp-block-quote is-layout-flow wp-block-quote-is-layout-flow\">\n<p><strong><mark style=\"background-color:rgba(0, 0, 0, 0)\" class=\"has-inline-color has-black-color\">&#8220;Reconhecemos que h\u00e1 um esfor\u00e7o por parte da equipe t\u00e9cnica em promover equidade no tratamento e assegurar que mais pacientes possam se beneficiar dos melhores cuidados dispon\u00edveis\u201d, disse o presidente da Sociedade Brasileira de Cirurgia Oncol\u00f3gica (SBCO), Rodrigo Nascimento Pinheiro.<\/mark><\/strong><\/p>\n<\/blockquote>\n\n\n\n<p>Pinheiro explicou que \u201cos pr\u00f3ximos passos para que a cirurgia rob\u00f3tica esteja amplamente dispon\u00edvel nos hospitais conveniados ao SUS incluem a defini\u00e7\u00e3o de protocolos, de centros de refer\u00eancia e treinamento das equipes com foco na garantia de seguran\u00e7a e qualidade dos procedimentos\u201c. Segundo ele, a t\u00e9cnica rob\u00f3tica tem mostrado sua efic\u00e1cia na forma\u00e7\u00e3o de novos profissionais, reduzindo a curva de aprendizado ao permitir treinamentos em ambientes controlados e supervisionados.<\/p>\n","protected":false},"excerpt":{"rendered":"<p>Tratamento dever\u00e1 ser oferecido em at\u00e9 180 dias Por Douglas Corr\u00eaa\/Ag\u00eancia Brasil O Minist\u00e9rio da Sa\u00fade, por meio de portaria da Secretaria de Ci\u00eancia, Tecnologia e Inova\u00e7\u00e3o e do Complexo Econ\u00f4mico Industrial da Sa\u00fade (Sectics), incorporou no \u00e2mbito do Sistema \u00danico de Sa\u00fade (SUS) a prostatectomia radical assistida por rob\u00f4 para o tratamento de pacientes [&hellip;]<\/p>\n","protected":false},"author":2,"featured_media":90560,"comment_status":"open","ping_status":"open","sticky":false,"template":"","format":"standard","meta":{"_acf_changed":false,"_monsterinsights_skip_tracking":false,"_monsterinsights_sitenote_active":false,"_monsterinsights_sitenote_note":"","_monsterinsights_sitenote_category":0,"_jetpack_memberships_contains_paid_content":false,"footnotes":"","jetpack_publicize_message":"","jetpack_publicize_feature_enabled":true,"jetpack_social_post_already_shared":true,"jetpack_social_options":{"image_generator_settings":{"template":"highway","default_image_id":0,"font":"","enabled":false},"version":2}},"categories":[7],"tags":[],"class_list":["post-90559","post","type-post","status-publish","format-standard","has-post-thumbnail","hentry","category-saude"],"acf":[],"jetpack_publicize_connections":[],"jetpack_featured_media_url":"https:\/\/i0.wp.com\/blogdoeloiltoncajuhy.com.br\/site\/wp-content\/uploads\/2025\/10\/SUS_cirurgia-Foto-Tania-Rego-Agencia-Brasil.png?fit=740%2C443&ssl=1","jetpack_sharing_enabled":true,"publishpress_future_workflow_manual_trigger":{"enabledWorkflows":[]},"_links":{"self":[{"href":"https:\/\/blogdoeloiltoncajuhy.com.br\/site\/wp-json\/wp\/v2\/posts\/90559","targetHints":{"allow":["GET"]}}],"collection":[{"href":"https:\/\/blogdoeloiltoncajuhy.com.br\/site\/wp-json\/wp\/v2\/posts"}],"about":[{"href":"https:\/\/blogdoeloiltoncajuhy.com.br\/site\/wp-json\/wp\/v2\/types\/post"}],"author":[{"embeddable":true,"href":"https:\/\/blogdoeloiltoncajuhy.com.br\/site\/wp-json\/wp\/v2\/users\/2"}],"replies":[{"embeddable":true,"href":"https:\/\/blogdoeloiltoncajuhy.com.br\/site\/wp-json\/wp\/v2\/comments?post=90559"}],"version-history":[{"count":1,"href":"https:\/\/blogdoeloiltoncajuhy.com.br\/site\/wp-json\/wp\/v2\/posts\/90559\/revisions"}],"predecessor-version":[{"id":90561,"href":"https:\/\/blogdoeloiltoncajuhy.com.br\/site\/wp-json\/wp\/v2\/posts\/90559\/revisions\/90561"}],"wp:featuredmedia":[{"embeddable":true,"href":"https:\/\/blogdoeloiltoncajuhy.com.br\/site\/wp-json\/wp\/v2\/media\/90560"}],"wp:attachment":[{"href":"https:\/\/blogdoeloiltoncajuhy.com.br\/site\/wp-json\/wp\/v2\/media?parent=90559"}],"wp:term":[{"taxonomy":"category","embeddable":true,"href":"https:\/\/blogdoeloiltoncajuhy.com.br\/site\/wp-json\/wp\/v2\/categories?post=90559"},{"taxonomy":"post_tag","embeddable":true,"href":"https:\/\/blogdoeloiltoncajuhy.com.br\/site\/wp-json\/wp\/v2\/tags?post=90559"}],"curies":[{"name":"wp","href":"https:\/\/api.w.org\/{rel}","templated":true}]}}