{"id":90546,"date":"2025-10-03T00:10:00","date_gmt":"2025-10-03T03:10:00","guid":{"rendered":"https:\/\/blogdoeloiltoncajuhy.com.br\/site\/?p=90546"},"modified":"2025-10-02T19:36:26","modified_gmt":"2025-10-02T22:36:26","slug":"oab-ba-pede-providencias-a-tjba-sobre-falta-de-magistrados-no-interior","status":"publish","type":"post","link":"https:\/\/blogdoeloiltoncajuhy.com.br\/site\/oab-ba-pede-providencias-a-tjba-sobre-falta-de-magistrados-no-interior\/","title":{"rendered":"OAB-BA pede provid\u00eancias a TJBA sobre falta de magistrados no interior"},"content":{"rendered":"\n<p class=\"has-medium-font-size\"><strong>Seccional solicitou reuni\u00e3o com Tribunal para discutir solu\u00e7\u00f5es para falta de ju\u00edzes nas comarcas baianas<\/strong><\/p>\n\n\n\n<p><strong>Blog do Eloilton Cajuhy \u2013 BEC<\/strong><\/p>\n\n\n\n<figure class=\"wp-block-image aligncenter size-full\"><a href=\"https:\/\/i0.wp.com\/blogdoeloiltoncajuhy.com.br\/site\/wp-content\/uploads\/2025\/10\/Fachada-OAB-Bahia_Foto-Angelino-de-Jesus.jpg\"><img data-recalc-dims=\"1\" fetchpriority=\"high\" decoding=\"async\" width=\"760\" height=\"506\" src=\"https:\/\/i0.wp.com\/blogdoeloiltoncajuhy.com.br\/site\/wp-content\/uploads\/2025\/10\/Fachada-OAB-Bahia_Foto-Angelino-de-Jesus.jpg?resize=760%2C506\" alt=\"\" class=\"wp-image-90547\" srcset=\"https:\/\/i0.wp.com\/blogdoeloiltoncajuhy.com.br\/site\/wp-content\/uploads\/2025\/10\/Fachada-OAB-Bahia_Foto-Angelino-de-Jesus.jpg?w=760&amp;ssl=1 760w, https:\/\/i0.wp.com\/blogdoeloiltoncajuhy.com.br\/site\/wp-content\/uploads\/2025\/10\/Fachada-OAB-Bahia_Foto-Angelino-de-Jesus.jpg?resize=300%2C200&amp;ssl=1 300w\" sizes=\"(max-width: 760px) 100vw, 760px\" \/><\/a><figcaption class=\"wp-element-caption\"><sub>Fachada da OAB-Bahia &#8211; Foto: Angelino de Jesus<\/sub><\/figcaption><\/figure>\n\n\n\n<p>A OAB Bahia solicitou provid\u00eancias ao Tribunal de Justi\u00e7a da Bahia (TJBA) diante da grave situa\u00e7\u00e3o enfrentada pelas comarcas do interior, ap\u00f3s a titulariza\u00e7\u00e3o de ju\u00edzes substitutos determinada pelo TJBA em 18 de setembro. Em of\u00edcio encaminhado \u00e0 presidente do Tribunal, desembargadora Cynthia Resende, a seccional pediu a realiza\u00e7\u00e3o de uma reuni\u00e3o entre as institui\u00e7\u00f5es para debater medidas urgentes.<\/p>\n\n\n\n<p>Para a presidenta da OAB-BA, Daniela Borges, \u00e9 preciso enfrentar o problema com solu\u00e7\u00f5es estruturais.<\/p>\n\n\n\n<blockquote class=\"wp-block-quote is-layout-flow wp-block-quote-is-layout-flow\">\n<p><strong><mark style=\"background-color:rgba(0, 0, 0, 0)\" class=\"has-inline-color has-black-color\">\u201cEmbora a gente reconhe\u00e7a os esfor\u00e7os recentes do TJBA em mitigar os efeitos da vac\u00e2ncia, apenas poucas varas sem titular receberam designa\u00e7\u00f5es, gerando um preocupante limbo, em que diversas unidades jurisdicionais se encontram sem qualquer juiz respons\u00e1vel\u201d, destacou.<\/mark><\/strong><\/p>\n<\/blockquote>\n\n\n\n<p>O documento ressalta que as comarcas de entr\u00e2ncia inicial que n\u00e3o foram contempladas com inscritos em seus respectivos editais encontram-se em verdadeiro estado de caos, cen\u00e1rio que remete a dificuldades hist\u00f3ricas. S\u00e3o citadas, por exemplo, Cocos, Gentio do Ouro, Formosa do Rio Preto, Santana, Correntina e Nova Vi\u00e7osa, comarcas com vagas j\u00e1 ofertadas nos editais de 2019 e 2022, sem manifesta\u00e7\u00e3o de interesse.<\/p>\n\n\n\n<p>O of\u00edcio tamb\u00e9m aponta que, ap\u00f3s a publica\u00e7\u00e3o dos editais para varas de entr\u00e2ncia final, algumas unidades permaneceram vagas. Al\u00e9m disso, as comarcas de entr\u00e2ncia intermedi\u00e1ria perderam ju\u00edzes substitutos antes designados e n\u00e3o tiveram novos editais de promo\u00e7\u00e3o ou remo\u00e7\u00e3o publicados.<\/p>\n\n\n\n<blockquote class=\"wp-block-quote is-layout-flow wp-block-quote-is-layout-flow\">\n<p><strong><mark style=\"background-color:rgba(0, 0, 0, 0)\" class=\"has-inline-color has-black-color\">\u201cA solu\u00e7\u00e3o definitiva est\u00e1 na realiza\u00e7\u00e3o de concurso p\u00fablico para magistrados, diante do longo tempo at\u00e9 a posse dos aprovados. Al\u00e9m do concurso, \u00e9 preciso haver a imediata designa\u00e7\u00e3o de ju\u00edzes para varas de entr\u00e2ncia inicial sem substitutos e a regulamenta\u00e7\u00e3o das comarcas de dif\u00edcil provimento, para que sejam atra\u00eddos profissionais para essas vagas\u201d, concluiu Daniela.<\/mark><\/strong><\/p>\n<\/blockquote>\n\n\n\n<p><strong><a href=\"https:\/\/whatsapp.com\/channel\/0029VaAT7tDLI8Yfj5y9Z50Z\"><strong><mark style=\"background-color:rgba(0, 0, 0, 0)\" class=\"has-inline-color has-vivid-red-color\">>> Clique aqui e entre no canal do BEC no WhatsApp<\/mark><\/strong><\/a><\/strong><\/p>\n","protected":false},"excerpt":{"rendered":"<p>Seccional solicitou reuni\u00e3o com Tribunal para discutir solu\u00e7\u00f5es para falta de ju\u00edzes nas comarcas baianas Blog do Eloilton Cajuhy \u2013 BEC A OAB Bahia solicitou provid\u00eancias ao Tribunal de Justi\u00e7a da Bahia (TJBA) diante da grave situa\u00e7\u00e3o enfrentada pelas comarcas do interior, ap\u00f3s a titulariza\u00e7\u00e3o de ju\u00edzes substitutos determinada pelo TJBA em 18 de setembro. [&hellip;]<\/p>\n","protected":false},"author":2,"featured_media":90547,"comment_status":"open","ping_status":"open","sticky":false,"template":"","format":"standard","meta":{"_acf_changed":false,"_monsterinsights_skip_tracking":false,"_monsterinsights_sitenote_active":false,"_monsterinsights_sitenote_note":"","_monsterinsights_sitenote_category":0,"_jetpack_memberships_contains_paid_content":false,"footnotes":"","jetpack_publicize_message":"","jetpack_publicize_feature_enabled":true,"jetpack_social_post_already_shared":true,"jetpack_social_options":{"image_generator_settings":{"template":"highway","default_image_id":0,"font":"","enabled":false},"version":2}},"categories":[5],"tags":[],"class_list":["post-90546","post","type-post","status-publish","format-standard","has-post-thumbnail","hentry","category-cotidiano"],"acf":[],"jetpack_publicize_connections":[],"jetpack_featured_media_url":"https:\/\/i0.wp.com\/blogdoeloiltoncajuhy.com.br\/site\/wp-content\/uploads\/2025\/10\/Fachada-OAB-Bahia_Foto-Angelino-de-Jesus.jpg?fit=760%2C506&ssl=1","jetpack_sharing_enabled":true,"publishpress_future_workflow_manual_trigger":{"enabledWorkflows":[]},"_links":{"self":[{"href":"https:\/\/blogdoeloiltoncajuhy.com.br\/site\/wp-json\/wp\/v2\/posts\/90546","targetHints":{"allow":["GET"]}}],"collection":[{"href":"https:\/\/blogdoeloiltoncajuhy.com.br\/site\/wp-json\/wp\/v2\/posts"}],"about":[{"href":"https:\/\/blogdoeloiltoncajuhy.com.br\/site\/wp-json\/wp\/v2\/types\/post"}],"author":[{"embeddable":true,"href":"https:\/\/blogdoeloiltoncajuhy.com.br\/site\/wp-json\/wp\/v2\/users\/2"}],"replies":[{"embeddable":true,"href":"https:\/\/blogdoeloiltoncajuhy.com.br\/site\/wp-json\/wp\/v2\/comments?post=90546"}],"version-history":[{"count":1,"href":"https:\/\/blogdoeloiltoncajuhy.com.br\/site\/wp-json\/wp\/v2\/posts\/90546\/revisions"}],"predecessor-version":[{"id":90548,"href":"https:\/\/blogdoeloiltoncajuhy.com.br\/site\/wp-json\/wp\/v2\/posts\/90546\/revisions\/90548"}],"wp:featuredmedia":[{"embeddable":true,"href":"https:\/\/blogdoeloiltoncajuhy.com.br\/site\/wp-json\/wp\/v2\/media\/90547"}],"wp:attachment":[{"href":"https:\/\/blogdoeloiltoncajuhy.com.br\/site\/wp-json\/wp\/v2\/media?parent=90546"}],"wp:term":[{"taxonomy":"category","embeddable":true,"href":"https:\/\/blogdoeloiltoncajuhy.com.br\/site\/wp-json\/wp\/v2\/categories?post=90546"},{"taxonomy":"post_tag","embeddable":true,"href":"https:\/\/blogdoeloiltoncajuhy.com.br\/site\/wp-json\/wp\/v2\/tags?post=90546"}],"curies":[{"name":"wp","href":"https:\/\/api.w.org\/{rel}","templated":true}]}}