{"id":90542,"date":"2025-10-03T00:10:00","date_gmt":"2025-10-03T03:10:00","guid":{"rendered":"https:\/\/blogdoeloiltoncajuhy.com.br\/site\/?p=90542"},"modified":"2025-10-02T19:26:41","modified_gmt":"2025-10-02T22:26:41","slug":"brasil-tem-48-casos-em-investigacao-de-intoxicacao-por-metanol","status":"publish","type":"post","link":"https:\/\/blogdoeloiltoncajuhy.com.br\/site\/brasil-tem-48-casos-em-investigacao-de-intoxicacao-por-metanol\/","title":{"rendered":"Brasil tem 48 casos em investiga\u00e7\u00e3o de intoxica\u00e7\u00e3o por metanol"},"content":{"rendered":"\n<p class=\"has-medium-font-size\"><strong>Balan\u00e7o foi apresentado pelo ministro da Sa\u00fade, Alexandre Padilha<\/strong><\/p>\n\n\n\n<p><strong>Por Ag\u00eancia Brasil<\/strong><\/p>\n\n\n\n<figure class=\"wp-block-image aligncenter size-full\"><a href=\"https:\/\/i0.wp.com\/blogdoeloiltoncajuhy.com.br\/site\/wp-content\/uploads\/2025\/10\/Ministro-Alexandre-Padilha-Foto-Jose-Cruz-Agencia-Brasil.png?ssl=1\"><img data-recalc-dims=\"1\" fetchpriority=\"high\" decoding=\"async\" width=\"760\" height=\"455\" src=\"https:\/\/i0.wp.com\/blogdoeloiltoncajuhy.com.br\/site\/wp-content\/uploads\/2025\/10\/Ministro-Alexandre-Padilha-Foto-Jose-Cruz-Agencia-Brasil.png?resize=760%2C455&#038;ssl=1\" alt=\"\" class=\"wp-image-90544\" srcset=\"https:\/\/i0.wp.com\/blogdoeloiltoncajuhy.com.br\/site\/wp-content\/uploads\/2025\/10\/Ministro-Alexandre-Padilha-Foto-Jose-Cruz-Agencia-Brasil.png?w=760&amp;ssl=1 760w, https:\/\/i0.wp.com\/blogdoeloiltoncajuhy.com.br\/site\/wp-content\/uploads\/2025\/10\/Ministro-Alexandre-Padilha-Foto-Jose-Cruz-Agencia-Brasil.png?resize=300%2C180&amp;ssl=1 300w\" sizes=\"(max-width: 760px) 100vw, 760px\" \/><\/a><figcaption class=\"wp-element-caption\"><sub>Ministro Alexandre Padilha &#8211; Foto: Jos\u00e9 Cruz\/Ag\u00eancia Brasil<\/sub><\/figcaption><\/figure>\n\n\n\n<p>O Brasil registra 48 casos em investiga\u00e7\u00e3o relacionados \u00e0 intoxica\u00e7\u00e3o por metanol at\u00e9 a tarde desta quinta-feira (2). O balan\u00e7o foi apresentado pelo ministro Alexandre Padilha, em entrevista \u00e0 imprensa na Sala de Situa\u00e7\u00e3o, instalada pelo governo para monitorar os casos e coordenar as medidas de resposta.<\/p>\n\n\n\n<p>Ao todo, o minist\u00e9rio j\u00e1 confirmou 11 casos por meio de detec\u00e7\u00e3o laboratorial da presen\u00e7a do metanol por um Centro de Informa\u00e7\u00f5es Estrat\u00e9gicas e Resposta de Vigil\u00e2ncia em Sa\u00fade (Cievs).<\/p>\n\n\n\n<p>Inicialmente, o ministro havia confirmado um 12\u00ba caso em Bras\u00edlia. Mas o minist\u00e9rio recuou e informou que o caso do rapper Hungria ainda \u00e9 contabilizado como suspeito.<\/p>\n\n\n\n<p>Apenas uma morte decorrente desse tipo de intoxica\u00e7\u00e3o foi confirmada pelo Minist\u00e9rio da Sa\u00fade no estado de S\u00e3o Paulo. Mais sete \u00f3bitos seguem em investiga\u00e7\u00e3o, sendo dois em Pernambuco e os outros cinco tamb\u00e9m em S\u00e3o Paulo.<\/p>\n\n\n\n<p><strong><a href=\"https:\/\/whatsapp.com\/channel\/0029VaAT7tDLI8Yfj5y9Z50Z\"><strong><mark style=\"background-color:rgba(0, 0, 0, 0)\" class=\"has-inline-color has-vivid-red-color\">>> Clique aqui e entre no canal do BEC no WhatsApp<\/mark><\/strong><\/a><\/strong><\/p>\n\n\n\n<figure class=\"wp-block-image aligncenter size-full is-resized\"><a href=\"https:\/\/i0.wp.com\/blogdoeloiltoncajuhy.com.br\/site\/wp-content\/uploads\/2025\/10\/intoxicacao-por-metanol_3.png?ssl=1\"><img data-recalc-dims=\"1\" decoding=\"async\" width=\"352\" height=\"980\" src=\"https:\/\/i0.wp.com\/blogdoeloiltoncajuhy.com.br\/site\/wp-content\/uploads\/2025\/10\/intoxicacao-por-metanol_3.png?resize=352%2C980&#038;ssl=1\" alt=\"\" class=\"wp-image-90543\" style=\"width:519px;height:auto\" srcset=\"https:\/\/i0.wp.com\/blogdoeloiltoncajuhy.com.br\/site\/wp-content\/uploads\/2025\/10\/intoxicacao-por-metanol_3.png?w=352&amp;ssl=1 352w, https:\/\/i0.wp.com\/blogdoeloiltoncajuhy.com.br\/site\/wp-content\/uploads\/2025\/10\/intoxicacao-por-metanol_3.png?resize=108%2C300&amp;ssl=1 108w\" sizes=\"(max-width: 352px) 100vw, 352px\" \/><\/a><\/figure>\n","protected":false},"excerpt":{"rendered":"<p>Balan\u00e7o foi apresentado pelo ministro da Sa\u00fade, Alexandre Padilha Por Ag\u00eancia Brasil O Brasil registra 48 casos em investiga\u00e7\u00e3o relacionados \u00e0 intoxica\u00e7\u00e3o por metanol at\u00e9 a tarde desta quinta-feira (2). O balan\u00e7o foi apresentado pelo ministro Alexandre Padilha, em entrevista \u00e0 imprensa na Sala de Situa\u00e7\u00e3o, instalada pelo governo para monitorar os casos e coordenar [&hellip;]<\/p>\n","protected":false},"author":2,"featured_media":90544,"comment_status":"open","ping_status":"open","sticky":false,"template":"","format":"standard","meta":{"_acf_changed":false,"_monsterinsights_skip_tracking":false,"_monsterinsights_sitenote_active":false,"_monsterinsights_sitenote_note":"","_monsterinsights_sitenote_category":0,"_jetpack_memberships_contains_paid_content":false,"footnotes":"","jetpack_publicize_message":"","jetpack_publicize_feature_enabled":true,"jetpack_social_post_already_shared":true,"jetpack_social_options":{"image_generator_settings":{"template":"highway","default_image_id":0,"font":"","enabled":false},"version":2}},"categories":[7],"tags":[],"class_list":["post-90542","post","type-post","status-publish","format-standard","has-post-thumbnail","hentry","category-saude"],"acf":[],"jetpack_publicize_connections":[],"jetpack_featured_media_url":"https:\/\/i0.wp.com\/blogdoeloiltoncajuhy.com.br\/site\/wp-content\/uploads\/2025\/10\/Ministro-Alexandre-Padilha-Foto-Jose-Cruz-Agencia-Brasil.png?fit=760%2C455&ssl=1","jetpack_sharing_enabled":true,"publishpress_future_workflow_manual_trigger":{"enabledWorkflows":[]},"_links":{"self":[{"href":"https:\/\/blogdoeloiltoncajuhy.com.br\/site\/wp-json\/wp\/v2\/posts\/90542","targetHints":{"allow":["GET"]}}],"collection":[{"href":"https:\/\/blogdoeloiltoncajuhy.com.br\/site\/wp-json\/wp\/v2\/posts"}],"about":[{"href":"https:\/\/blogdoeloiltoncajuhy.com.br\/site\/wp-json\/wp\/v2\/types\/post"}],"author":[{"embeddable":true,"href":"https:\/\/blogdoeloiltoncajuhy.com.br\/site\/wp-json\/wp\/v2\/users\/2"}],"replies":[{"embeddable":true,"href":"https:\/\/blogdoeloiltoncajuhy.com.br\/site\/wp-json\/wp\/v2\/comments?post=90542"}],"version-history":[{"count":1,"href":"https:\/\/blogdoeloiltoncajuhy.com.br\/site\/wp-json\/wp\/v2\/posts\/90542\/revisions"}],"predecessor-version":[{"id":90545,"href":"https:\/\/blogdoeloiltoncajuhy.com.br\/site\/wp-json\/wp\/v2\/posts\/90542\/revisions\/90545"}],"wp:featuredmedia":[{"embeddable":true,"href":"https:\/\/blogdoeloiltoncajuhy.com.br\/site\/wp-json\/wp\/v2\/media\/90544"}],"wp:attachment":[{"href":"https:\/\/blogdoeloiltoncajuhy.com.br\/site\/wp-json\/wp\/v2\/media?parent=90542"}],"wp:term":[{"taxonomy":"category","embeddable":true,"href":"https:\/\/blogdoeloiltoncajuhy.com.br\/site\/wp-json\/wp\/v2\/categories?post=90542"},{"taxonomy":"post_tag","embeddable":true,"href":"https:\/\/blogdoeloiltoncajuhy.com.br\/site\/wp-json\/wp\/v2\/tags?post=90542"}],"curies":[{"name":"wp","href":"https:\/\/api.w.org\/{rel}","templated":true}]}}