{"id":90538,"date":"2025-10-02T21:00:00","date_gmt":"2025-10-03T00:00:00","guid":{"rendered":"https:\/\/blogdoeloiltoncajuhy.com.br\/site\/?p=90538"},"modified":"2025-10-02T19:16:52","modified_gmt":"2025-10-02T22:16:52","slug":"homem-preso-por-matar-amigas-disse-que-divida-motivou-assassinato","status":"publish","type":"post","link":"https:\/\/blogdoeloiltoncajuhy.com.br\/site\/homem-preso-por-matar-amigas-disse-que-divida-motivou-assassinato\/","title":{"rendered":"Homem preso por matar amigas disse que d\u00edvida motivou assassinato"},"content":{"rendered":"\n<p class=\"has-medium-font-size\"><strong>Jovens estavam desaparecidas desde o dia 25 de setembro. Corpos foram achados ap\u00f3s confiss\u00e3o do suspeito, que apontou o local, em uma \u00e1rea de mata, em Sim\u00f5es Filho<\/strong><\/p>\n\n\n\n<p><strong>Por g1 BA e TV Bahia<\/strong><\/p>\n\n\n\n<figure class=\"wp-block-image aligncenter size-full is-resized\"><a href=\"https:\/\/i0.wp.com\/blogdoeloiltoncajuhy.com.br\/site\/wp-content\/uploads\/2025\/10\/Mayane-Coelho-Brandao-e-Tamara-Trindade-da-Silva-%E2%80%94-Foto-Reproducao-Redes-Sociais.jpg?ssl=1\"><img data-recalc-dims=\"1\" fetchpriority=\"high\" decoding=\"async\" width=\"800\" height=\"501\" src=\"https:\/\/i0.wp.com\/blogdoeloiltoncajuhy.com.br\/site\/wp-content\/uploads\/2025\/10\/Mayane-Coelho-Brandao-e-Tamara-Trindade-da-Silva-%E2%80%94-Foto-Reproducao-Redes-Sociais.jpg?resize=800%2C501&#038;ssl=1\" alt=\"\" class=\"wp-image-90539\" style=\"width:717px;height:auto\" srcset=\"https:\/\/i0.wp.com\/blogdoeloiltoncajuhy.com.br\/site\/wp-content\/uploads\/2025\/10\/Mayane-Coelho-Brandao-e-Tamara-Trindade-da-Silva-%E2%80%94-Foto-Reproducao-Redes-Sociais.jpg?w=984&amp;ssl=1 984w, https:\/\/i0.wp.com\/blogdoeloiltoncajuhy.com.br\/site\/wp-content\/uploads\/2025\/10\/Mayane-Coelho-Brandao-e-Tamara-Trindade-da-Silva-%E2%80%94-Foto-Reproducao-Redes-Sociais.jpg?resize=300%2C188&amp;ssl=1 300w, https:\/\/i0.wp.com\/blogdoeloiltoncajuhy.com.br\/site\/wp-content\/uploads\/2025\/10\/Mayane-Coelho-Brandao-e-Tamara-Trindade-da-Silva-%E2%80%94-Foto-Reproducao-Redes-Sociais.jpg?resize=768%2C481&amp;ssl=1 768w\" sizes=\"(max-width: 800px) 100vw, 800px\" \/><\/a><figcaption class=\"wp-element-caption\"><sub>Mayane Coelho Brand\u00e3o e T\u00e2mara Trindade da Silva foram vistas pela \u00faltima vez em Sim\u00f5es Filho \u2014 Foto: Reprodu\u00e7\u00e3o\/Redes Sociais<\/sub><\/figcaption><\/figure>\n\n\n\n<p>As amigas <strong>Tamara Trindade da Silva<\/strong>, de 28 anos, e <strong>Mayane Coelho Brand\u00e3o<\/strong>, de 20 anos, foram mortas por causa de uma d\u00edvida com o homem que confessou o crime, em Sim\u00f5es Filho, na Regi\u00e3o Metropolitana de Salvador (RMS).<\/p>\n\n\n\n<p>Segundo o delegado Jader Oliveira, respons\u00e1vel pela investiga\u00e7\u00e3o, a vers\u00e3o foi apontada pelo suspeito durante depoimento, nesta quinta-feira (2). A <strong>TV Bahia<\/strong> apurou que o nome dele \u00e9 <strong>Jonas Souza Santos<\/strong>. As v\u00edtimas estavam desaparecidas h\u00e1 uma semana, depois de sa\u00edrem para beber.<\/p>\n\n\n\n<p>Conforme detalhou o delegado, o preso, que n\u00e3o teve o nome divulgado, relatou que teve um relacionamento amoroso com uma das v\u00edtimas, que, em determinada ocasi\u00e3o, teria furtado um dinheiro dele. O valor n\u00e3o foi detalhado.<\/p>\n\n\n\n<p><strong><a href=\"https:\/\/whatsapp.com\/channel\/0029VaAT7tDLI8Yfj5y9Z50Z\"><strong><mark style=\"background-color:rgba(0, 0, 0, 0)\" class=\"has-inline-color has-vivid-red-color\">>> Clique aqui e entre no canal do BEC no WhatsApp<\/mark><\/strong><\/a><\/strong><\/p>\n\n\n\n<p>O suspeito disse ainda que, ao encontrar a ex-companheira, decidiu cobrar a \u201cd\u00edvida\u201d, o que gerou uma discuss\u00e3o &#8220;acalorada&#8221; e culminou nas agress\u00f5es fatais. Ele matou as mulheres com golpes de faca e machado.<\/p>\n\n\n\n<p>Ainda segundo o delegado o homem contou que os assassinatos ocorreram no dia 25 de setembro, no bairro do Cia II. As duas foram vistas com vida pela \u00faltima vez durante a madrugada.<\/p>\n\n\n\n<figure class=\"wp-block-image aligncenter size-full is-resized\"><a href=\"https:\/\/i0.wp.com\/blogdoeloiltoncajuhy.com.br\/site\/wp-content\/uploads\/2025\/10\/orpos-das-amigas-foram-encontrados-em-area-de-mata-na-Bahia-%E2%80%94-Foto-Reproducao-TV-Bahia.jpg?ssl=1\"><img data-recalc-dims=\"1\" decoding=\"async\" width=\"800\" height=\"480\" src=\"https:\/\/i0.wp.com\/blogdoeloiltoncajuhy.com.br\/site\/wp-content\/uploads\/2025\/10\/orpos-das-amigas-foram-encontrados-em-area-de-mata-na-Bahia-%E2%80%94-Foto-Reproducao-TV-Bahia.jpg?resize=800%2C480&#038;ssl=1\" alt=\"\" class=\"wp-image-90540\" style=\"width:677px;height:auto\" srcset=\"https:\/\/i0.wp.com\/blogdoeloiltoncajuhy.com.br\/site\/wp-content\/uploads\/2025\/10\/orpos-das-amigas-foram-encontrados-em-area-de-mata-na-Bahia-%E2%80%94-Foto-Reproducao-TV-Bahia.jpg?w=984&amp;ssl=1 984w, https:\/\/i0.wp.com\/blogdoeloiltoncajuhy.com.br\/site\/wp-content\/uploads\/2025\/10\/orpos-das-amigas-foram-encontrados-em-area-de-mata-na-Bahia-%E2%80%94-Foto-Reproducao-TV-Bahia.jpg?resize=300%2C180&amp;ssl=1 300w, https:\/\/i0.wp.com\/blogdoeloiltoncajuhy.com.br\/site\/wp-content\/uploads\/2025\/10\/orpos-das-amigas-foram-encontrados-em-area-de-mata-na-Bahia-%E2%80%94-Foto-Reproducao-TV-Bahia.jpg?resize=768%2C460&amp;ssl=1 768w\" sizes=\"(max-width: 800px) 100vw, 800px\" \/><\/a><figcaption class=\"wp-element-caption\"><sub>Corpos das amigas foram encontrados em \u00e1rea de mata na Bahia \u2014 Foto: Reprodu\u00e7\u00e3o\/TV Bahia<\/sub><\/figcaption><\/figure>\n\n\n\n<p>Os corpos das amigas foram encontradas nesta quinta-feira, em um c\u00f3rrego que fica em uma \u00e1rea de mata da cidade, ap\u00f3s o homem apontar o local onde tinha deixado as v\u00edtimas.<\/p>\n\n\n\n<p>As buscas foram conclu\u00eddas por policiais e bombeiros militares. Familiares das v\u00edtimas fizeram o reconhecimento. Os corpos foram levados para o Departamento de Pol\u00edcia T\u00e9cnica (DPT), onde passar\u00e3o por per\u00edcia.<\/p>\n\n\n\n<p>Em entrevista para o <strong>Bahia Meio Dia<\/strong>, telejornal da <strong>TV Bahia<\/strong>, um familiar de Mayane lamentou o crime.<\/p>\n\n\n\n<p>&#8220;Mayane era uma menina amorosa, n\u00e3o guardava m\u00e1goas de ningu\u00e9m. \u00c9 dif\u00edcil para a fam\u00edlia, porque a \u00edndole dela era boa. Uma pessoa amorosa, que n\u00e3o dava para sentir raiva e nem odiar&#8221;, disse o homem, que preferiu n\u00e3o se identificar.<\/p>\n\n\n\n<p>A pol\u00edcia investiga ainda a participa\u00e7\u00e3o de mais um suspeito no crime. O homem preso passar\u00e1 por audi\u00eancia de cust\u00f3dia na sexta-feira (3).<\/p>\n","protected":false},"excerpt":{"rendered":"<p>Jovens estavam desaparecidas desde o dia 25 de setembro. Corpos foram achados ap\u00f3s confiss\u00e3o do suspeito, que apontou o local, em uma \u00e1rea de mata, em Sim\u00f5es Filho Por g1 BA e TV Bahia As amigas Tamara Trindade da Silva, de 28 anos, e Mayane Coelho Brand\u00e3o, de 20 anos, foram mortas por causa de [&hellip;]<\/p>\n","protected":false},"author":2,"featured_media":90539,"comment_status":"open","ping_status":"open","sticky":false,"template":"","format":"standard","meta":{"_acf_changed":false,"_monsterinsights_skip_tracking":false,"_monsterinsights_sitenote_active":false,"_monsterinsights_sitenote_note":"","_monsterinsights_sitenote_category":0,"_jetpack_memberships_contains_paid_content":false,"footnotes":"","jetpack_publicize_message":"","jetpack_publicize_feature_enabled":true,"jetpack_social_post_already_shared":true,"jetpack_social_options":{"image_generator_settings":{"template":"highway","default_image_id":0,"font":"","enabled":false},"version":2}},"categories":[15],"tags":[],"class_list":["post-90538","post","type-post","status-publish","format-standard","has-post-thumbnail","hentry","category-policia"],"acf":[],"jetpack_publicize_connections":[],"jetpack_featured_media_url":"https:\/\/i0.wp.com\/blogdoeloiltoncajuhy.com.br\/site\/wp-content\/uploads\/2025\/10\/Mayane-Coelho-Brandao-e-Tamara-Trindade-da-Silva-%E2%80%94-Foto-Reproducao-Redes-Sociais.jpg?fit=984%2C616&ssl=1","jetpack_sharing_enabled":true,"publishpress_future_workflow_manual_trigger":{"enabledWorkflows":[]},"_links":{"self":[{"href":"https:\/\/blogdoeloiltoncajuhy.com.br\/site\/wp-json\/wp\/v2\/posts\/90538","targetHints":{"allow":["GET"]}}],"collection":[{"href":"https:\/\/blogdoeloiltoncajuhy.com.br\/site\/wp-json\/wp\/v2\/posts"}],"about":[{"href":"https:\/\/blogdoeloiltoncajuhy.com.br\/site\/wp-json\/wp\/v2\/types\/post"}],"author":[{"embeddable":true,"href":"https:\/\/blogdoeloiltoncajuhy.com.br\/site\/wp-json\/wp\/v2\/users\/2"}],"replies":[{"embeddable":true,"href":"https:\/\/blogdoeloiltoncajuhy.com.br\/site\/wp-json\/wp\/v2\/comments?post=90538"}],"version-history":[{"count":1,"href":"https:\/\/blogdoeloiltoncajuhy.com.br\/site\/wp-json\/wp\/v2\/posts\/90538\/revisions"}],"predecessor-version":[{"id":90541,"href":"https:\/\/blogdoeloiltoncajuhy.com.br\/site\/wp-json\/wp\/v2\/posts\/90538\/revisions\/90541"}],"wp:featuredmedia":[{"embeddable":true,"href":"https:\/\/blogdoeloiltoncajuhy.com.br\/site\/wp-json\/wp\/v2\/media\/90539"}],"wp:attachment":[{"href":"https:\/\/blogdoeloiltoncajuhy.com.br\/site\/wp-json\/wp\/v2\/media?parent=90538"}],"wp:term":[{"taxonomy":"category","embeddable":true,"href":"https:\/\/blogdoeloiltoncajuhy.com.br\/site\/wp-json\/wp\/v2\/categories?post=90538"},{"taxonomy":"post_tag","embeddable":true,"href":"https:\/\/blogdoeloiltoncajuhy.com.br\/site\/wp-json\/wp\/v2\/tags?post=90538"}],"curies":[{"name":"wp","href":"https:\/\/api.w.org\/{rel}","templated":true}]}}