{"id":90532,"date":"2025-10-02T17:33:12","date_gmt":"2025-10-02T20:33:12","guid":{"rendered":"https:\/\/blogdoeloiltoncajuhy.com.br\/site\/?p=90532"},"modified":"2025-10-02T17:33:13","modified_gmt":"2025-10-02T20:33:13","slug":"wando-faria-80-anos-e-segue-vivo-nas-cancoes-que-marcaram-geracoes","status":"publish","type":"post","link":"https:\/\/blogdoeloiltoncajuhy.com.br\/site\/wando-faria-80-anos-e-segue-vivo-nas-cancoes-que-marcaram-geracoes\/","title":{"rendered":"Wando faria 80 anos e segue vivo nas can\u00e7\u00f5es que marcaram gera\u00e7\u00f5es"},"content":{"rendered":"\n<p class=\"has-medium-font-size\"><strong>Levantamento do Ecad destaca \u201cChora cora\u00e7\u00e3o\u201d como a mais executada e \u201cMo\u00e7a\u201d como a mais regravada<\/strong><\/p>\n\n\n\n<p><strong>Blog do Eloilton Cajuhy \u2013 BEC<\/strong><\/p>\n\n\n\n<figure class=\"wp-block-image aligncenter size-full\"><a href=\"https:\/\/i0.wp.com\/blogdoeloiltoncajuhy.com.br\/site\/wp-content\/uploads\/2015\/10\/wando1.jpg\"><img data-recalc-dims=\"1\" fetchpriority=\"high\" decoding=\"async\" width=\"640\" height=\"475\" src=\"https:\/\/i0.wp.com\/blogdoeloiltoncajuhy.com.br\/site\/wp-content\/uploads\/2015\/10\/wando1.jpg?resize=640%2C475\" alt=\"\" class=\"wp-image-4500\" srcset=\"https:\/\/i0.wp.com\/blogdoeloiltoncajuhy.com.br\/site\/wp-content\/uploads\/2015\/10\/wando1.jpg?w=640&amp;ssl=1 640w, https:\/\/i0.wp.com\/blogdoeloiltoncajuhy.com.br\/site\/wp-content\/uploads\/2015\/10\/wando1.jpg?resize=300%2C223&amp;ssl=1 300w, https:\/\/i0.wp.com\/blogdoeloiltoncajuhy.com.br\/site\/wp-content\/uploads\/2015\/10\/wando1.jpg?resize=250%2C186&amp;ssl=1 250w\" sizes=\"(max-width: 640px) 100vw, 640px\" \/><\/a><figcaption class=\"wp-element-caption\"><sub>Foto: Reprodu\u00e7\u00e3o<\/sub><\/figcaption><\/figure>\n\n\n\n<p>S\u00edmbolo da m\u00fasica rom\u00e2ntica brasileira e dono de sucessos que marcaram gera\u00e7\u00f5es, Wando completaria 80 anos neste 2 de outubro. Para celebrar sua mem\u00f3ria, o Ecad (Escrit\u00f3rio Central de Arrecada\u00e7\u00e3o e Distribui\u00e7\u00e3o) preparou um levantamento especial sobre sua obra, que re\u00fane 245 composi\u00e7\u00f5es e 402 grava\u00e7\u00f5es cadastradas no banco de dados da gest\u00e3o coletiva no Brasil.<\/p>\n\n\n\n<p>De acordo com os dados, \u201cChora cora\u00e7\u00e3o\u201d, parceria com Pedro Medeiros, foi a can\u00e7\u00e3o mais tocada nos \u00faltimos cinco anos entre as m\u00fasicas de sua autoria. J\u00e1 \u201cMo\u00e7a\u201d \u00e9 a mais regravada, com 42 registros identificados.<\/p>\n\n\n\n<p>\u201cFogo e paix\u00e3o\u201d se tornou um dos maiores sucessos na voz de Wando, mas como a autoria \u00e9 de sua ex-mulher, Rose Marie, a obra n\u00e3o integra os rankings abaixo.<\/p>\n\n\n\n<p><strong><a href=\"https:\/\/whatsapp.com\/channel\/0029VaAT7tDLI8Yfj5y9Z50Z\"><strong><mark style=\"background-color:rgba(0, 0, 0, 0)\" class=\"has-inline-color has-vivid-red-color\">>> Clique aqui e entre no canal do BEC no WhatsApp<\/mark><\/strong><\/a><\/strong><\/p>\n\n\n\n<p>Wando faleceu em 8 de fevereiro de 2012. Como determina a Lei dos Direitos Autorais brasileira (9610\/98), seus herdeiros receber\u00e3o rendimentos em direitos autorais de suas m\u00fasicas tocadas no Brasil por 70 anos ap\u00f3s sua morte (ou de autores parceiros, no caso de can\u00e7\u00f5es feitas em parceria).<\/p>\n\n\n\n<figure class=\"wp-block-image aligncenter size-full is-resized\"><a href=\"https:\/\/i0.wp.com\/blogdoeloiltoncajuhy.com.br\/site\/wp-content\/uploads\/2025\/10\/Wando-Divulgacao.png?ssl=1\"><img data-recalc-dims=\"1\" decoding=\"async\" width=\"800\" height=\"482\" src=\"https:\/\/i0.wp.com\/blogdoeloiltoncajuhy.com.br\/site\/wp-content\/uploads\/2025\/10\/Wando-Divulgacao.png?resize=800%2C482&#038;ssl=1\" alt=\"\" class=\"wp-image-90533\" style=\"width:733px;height:auto\" srcset=\"https:\/\/i0.wp.com\/blogdoeloiltoncajuhy.com.br\/site\/wp-content\/uploads\/2025\/10\/Wando-Divulgacao.png?w=995&amp;ssl=1 995w, https:\/\/i0.wp.com\/blogdoeloiltoncajuhy.com.br\/site\/wp-content\/uploads\/2025\/10\/Wando-Divulgacao.png?resize=300%2C181&amp;ssl=1 300w, https:\/\/i0.wp.com\/blogdoeloiltoncajuhy.com.br\/site\/wp-content\/uploads\/2025\/10\/Wando-Divulgacao.png?resize=768%2C462&amp;ssl=1 768w\" sizes=\"(max-width: 800px) 100vw, 800px\" \/><\/a><figcaption class=\"wp-element-caption\"><sub>Foto: Reprodu\u00e7\u00e3o<\/sub><\/figcaption><\/figure>\n\n\n\n<p><strong><mark style=\"background-color:rgba(0, 0, 0, 0)\" class=\"has-inline-color has-black-color\">Ranking das m\u00fasicas de autoria de Wando mais tocadas nos \u00faltimos cinco anos no Brasil nos principais segmentos de execu\u00e7\u00e3o p\u00fablica<\/mark><\/strong> (R\u00e1dio, Shows, Sonoriza\u00e7\u00e3o Ambiental, M\u00fasica ao Vivo, Casas de Festas e Divers\u00e3o, Carnaval e Festa Junina)<\/p>\n\n\n\n<figure class=\"wp-block-table\"><table class=\"has-fixed-layout\"><tbody><tr><td><strong><mark style=\"background-color:rgba(0, 0, 0, 0)\" class=\"has-inline-color has-black-color\">Posi\u00e7\u00e3o<\/mark>\u00a0\u00a0\u00a0<\/strong><\/td><td><strong><mark style=\"background-color:rgba(0, 0, 0, 0)\" class=\"has-inline-color has-black-color\">M\u00fasica<\/mark>\u00a0\u00a0\u00a0<\/strong><\/td><td><strong><mark style=\"background-color:rgba(0, 0, 0, 0)\" class=\"has-inline-color has-black-color\">Autores<\/mark>\u00a0\u00a0\u00a0<\/strong><\/td><\/tr><tr><td>1&nbsp;&nbsp;&nbsp;<\/td><td>Chora&nbsp;cora\u00e7\u00e3o&nbsp;<\/td><td>Pedro Medeiros \/ Wando&nbsp;<\/td><\/tr><tr><td>2&nbsp;&nbsp;&nbsp;<\/td><td>Mo\u00e7a&nbsp;<\/td><td>Wando&nbsp;<\/td><\/tr><tr><td>3&nbsp;&nbsp;&nbsp;<\/td><td>Mordida na ma\u00e7\u00e3&nbsp;<\/td><td>Niffer&nbsp;\/ Wando&nbsp;<\/td><\/tr><tr><td>4&nbsp;&nbsp;&nbsp;<\/td><td>A&nbsp;pr\u00f3xima&nbsp;v\u00edtima&nbsp;<\/td><td>Fernando Mendes \/ Wando&nbsp;<\/td><\/tr><tr><td>5&nbsp;&nbsp;<\/td><td>Gosto de ma\u00e7\u00e3&nbsp;<\/td><td>Wando&nbsp;<\/td><\/tr><tr><td>6&nbsp;&nbsp;<\/td><td>Coisa cristalina&nbsp;<\/td><td>Wando&nbsp;<\/td><\/tr><tr><td>7&nbsp;&nbsp;<\/td><td>Aquele amor que faz gostoso me deixou&nbsp;<\/td><td>Annibelli&nbsp;\/ Wando&nbsp;<\/td><\/tr><tr><td>8&nbsp;&nbsp;<\/td><td>O importante&nbsp;\u00e9&nbsp;ser fevereiro&nbsp;<\/td><td>Moyses Cardoso Neves (Nilo Amaro) \/ Wando&nbsp;<\/td><\/tr><tr><td>9&nbsp;&nbsp;<\/td><td>A menina e o poeta&nbsp;<\/td><td>Wando&nbsp;<\/td><\/tr><tr><td>10&nbsp;&nbsp;<\/td><td>Eu&nbsp;j\u00e1&nbsp;tirei a tua roupa&nbsp;<\/td><td>Wando<\/td><\/tr><\/tbody><\/table><\/figure>\n\n\n\n<p class=\"has-black-color has-text-color has-link-color wp-elements-a2151ccf49c9ea9ef25daba10023a913\"><strong>Top 5 das m\u00fasicas de autoria de Wando mais gravadas<\/strong><\/p>\n\n\n\n<figure class=\"wp-block-table\"><table class=\"has-fixed-layout\"><tbody><tr><td><strong><mark style=\"background-color:rgba(0, 0, 0, 0)\" class=\"has-inline-color has-black-color\">Posi\u00e7\u00e3o<\/mark>\u00a0\u00a0\u00a0<\/strong><\/td><td><strong><mark style=\"background-color:rgba(0, 0, 0, 0)\" class=\"has-inline-color has-black-color\">M\u00fasica<\/mark>\u00a0\u00a0\u00a0<\/strong><\/td><td><strong><mark style=\"background-color:rgba(0, 0, 0, 0)\" class=\"has-inline-color has-black-color\">Autores<\/mark>\u00a0\u00a0\u00a0<\/strong><\/td><\/tr><tr><td>1&nbsp;&nbsp;&nbsp;<\/td><td>Mo\u00e7a&nbsp;<\/td><td>Wando&nbsp;<\/td><\/tr><tr><td>2&nbsp;&nbsp;&nbsp;<\/td><td>Chora cora\u00e7\u00e3o&nbsp;<\/td><td>Pedro Medeiros \/ Wando&nbsp;<\/td><\/tr><tr><td>3&nbsp;&nbsp;&nbsp;<\/td><td>Aquele amor que faz gostoso me deixou&nbsp;<\/td><td>Annibelli&nbsp;\/ Wando&nbsp;<\/td><\/tr><tr><td>4&nbsp;&nbsp;&nbsp;<\/td><td>Mordida na ma\u00e7\u00e3&nbsp;<\/td><td>Niffer&nbsp;\/ Wando&nbsp;<\/td><\/tr><tr><td>4&nbsp;<\/td><td>Gosto de ma\u00e7\u00e3&nbsp;<\/td><td>Wando&nbsp;<\/td><\/tr><tr><td>5&nbsp;&nbsp;<\/td><td>Nega de&nbsp;obalua\u00ea&nbsp;<\/td><td>Wando<\/td><\/tr><\/tbody><\/table><\/figure>\n","protected":false},"excerpt":{"rendered":"<p>Levantamento do Ecad destaca \u201cChora cora\u00e7\u00e3o\u201d como a mais executada e \u201cMo\u00e7a\u201d como a mais regravada Blog do Eloilton Cajuhy \u2013 BEC S\u00edmbolo da m\u00fasica rom\u00e2ntica brasileira e dono de sucessos que marcaram gera\u00e7\u00f5es, Wando completaria 80 anos neste 2 de outubro. Para celebrar sua mem\u00f3ria, o Ecad (Escrit\u00f3rio Central de Arrecada\u00e7\u00e3o e Distribui\u00e7\u00e3o) preparou [&hellip;]<\/p>\n","protected":false},"author":2,"featured_media":90533,"comment_status":"open","ping_status":"open","sticky":false,"template":"","format":"standard","meta":{"_acf_changed":false,"_monsterinsights_skip_tracking":false,"_monsterinsights_sitenote_active":false,"_monsterinsights_sitenote_note":"","_monsterinsights_sitenote_category":0,"_jetpack_memberships_contains_paid_content":false,"footnotes":"","jetpack_publicize_message":"","jetpack_publicize_feature_enabled":true,"jetpack_social_post_already_shared":true,"jetpack_social_options":{"image_generator_settings":{"template":"highway","default_image_id":0,"font":"","enabled":false},"version":2}},"categories":[8],"tags":[],"class_list":["post-90532","post","type-post","status-publish","format-standard","has-post-thumbnail","hentry","category-cultura"],"acf":[],"jetpack_publicize_connections":[],"jetpack_featured_media_url":"https:\/\/i0.wp.com\/blogdoeloiltoncajuhy.com.br\/site\/wp-content\/uploads\/2025\/10\/Wando-Divulgacao.png?fit=995%2C599&ssl=1","jetpack_sharing_enabled":true,"publishpress_future_workflow_manual_trigger":{"enabledWorkflows":[]},"_links":{"self":[{"href":"https:\/\/blogdoeloiltoncajuhy.com.br\/site\/wp-json\/wp\/v2\/posts\/90532","targetHints":{"allow":["GET"]}}],"collection":[{"href":"https:\/\/blogdoeloiltoncajuhy.com.br\/site\/wp-json\/wp\/v2\/posts"}],"about":[{"href":"https:\/\/blogdoeloiltoncajuhy.com.br\/site\/wp-json\/wp\/v2\/types\/post"}],"author":[{"embeddable":true,"href":"https:\/\/blogdoeloiltoncajuhy.com.br\/site\/wp-json\/wp\/v2\/users\/2"}],"replies":[{"embeddable":true,"href":"https:\/\/blogdoeloiltoncajuhy.com.br\/site\/wp-json\/wp\/v2\/comments?post=90532"}],"version-history":[{"count":1,"href":"https:\/\/blogdoeloiltoncajuhy.com.br\/site\/wp-json\/wp\/v2\/posts\/90532\/revisions"}],"predecessor-version":[{"id":90534,"href":"https:\/\/blogdoeloiltoncajuhy.com.br\/site\/wp-json\/wp\/v2\/posts\/90532\/revisions\/90534"}],"wp:featuredmedia":[{"embeddable":true,"href":"https:\/\/blogdoeloiltoncajuhy.com.br\/site\/wp-json\/wp\/v2\/media\/90533"}],"wp:attachment":[{"href":"https:\/\/blogdoeloiltoncajuhy.com.br\/site\/wp-json\/wp\/v2\/media?parent=90532"}],"wp:term":[{"taxonomy":"category","embeddable":true,"href":"https:\/\/blogdoeloiltoncajuhy.com.br\/site\/wp-json\/wp\/v2\/categories?post=90532"},{"taxonomy":"post_tag","embeddable":true,"href":"https:\/\/blogdoeloiltoncajuhy.com.br\/site\/wp-json\/wp\/v2\/tags?post=90532"}],"curies":[{"name":"wp","href":"https:\/\/api.w.org\/{rel}","templated":true}]}}