{"id":90528,"date":"2025-10-02T17:14:59","date_gmt":"2025-10-02T20:14:59","guid":{"rendered":"https:\/\/blogdoeloiltoncajuhy.com.br\/site\/?p=90528"},"modified":"2025-10-02T17:15:01","modified_gmt":"2025-10-02T20:15:01","slug":"diagnosticos-de-autismo-crescem-no-brasil-e-reforcam-a-importancia-da-fonoaudiologia","status":"publish","type":"post","link":"https:\/\/blogdoeloiltoncajuhy.com.br\/site\/diagnosticos-de-autismo-crescem-no-brasil-e-reforcam-a-importancia-da-fonoaudiologia\/","title":{"rendered":"Diagn\u00f3sticos de autismo crescem no Brasil e refor\u00e7am a import\u00e2ncia da fonoaudiologia"},"content":{"rendered":"\n<p><strong>Blog do Eloilton Cajuhy \u2013 BEC<\/strong><\/p>\n\n\n\n<figure class=\"wp-block-image aligncenter size-full\"><a href=\"https:\/\/i0.wp.com\/blogdoeloiltoncajuhy.com.br\/site\/wp-content\/uploads\/2025\/10\/Autismo-Foto_Freepik-2.jpg?ssl=1\"><img data-recalc-dims=\"1\" fetchpriority=\"high\" decoding=\"async\" width=\"760\" height=\"507\" src=\"https:\/\/i0.wp.com\/blogdoeloiltoncajuhy.com.br\/site\/wp-content\/uploads\/2025\/10\/Autismo-Foto_Freepik-2.jpg?resize=760%2C507&#038;ssl=1\" alt=\"\" class=\"wp-image-90529\" srcset=\"https:\/\/i0.wp.com\/blogdoeloiltoncajuhy.com.br\/site\/wp-content\/uploads\/2025\/10\/Autismo-Foto_Freepik-2.jpg?w=760&amp;ssl=1 760w, https:\/\/i0.wp.com\/blogdoeloiltoncajuhy.com.br\/site\/wp-content\/uploads\/2025\/10\/Autismo-Foto_Freepik-2.jpg?resize=300%2C200&amp;ssl=1 300w\" sizes=\"(max-width: 760px) 100vw, 760px\" \/><\/a><figcaption class=\"wp-element-caption\"><sub>Foto: Freepik<\/sub><\/figcaption><\/figure>\n\n\n\n<p>O diagn\u00f3stico de Transtorno do Espectro Autista (TEA) tem crescido de forma significativa nos \u00faltimos anos, tanto no Brasil quanto no cen\u00e1rio global. De acordo com o Censo Demogr\u00e1fico 2022 do IBGE, 2,4 milh\u00f5es de brasileiros j\u00e1 receberam o diagn\u00f3stico, o que corresponde a 1,2% da popula\u00e7\u00e3o com 2 anos ou mais. A maior preval\u00eancia aparece na inf\u00e2ncia, entre 5 e 9 anos, aproximadamente 2,6% das crian\u00e7as est\u00e3o no espectro, evidenciando a necessidade de apoio especializado em fase crucial de desenvolvimento.<\/p>\n\n\n\n<p>Os dados tamb\u00e9m revelam diferen\u00e7as de preval\u00eancia entre meninos e meninas: enquanto 1,5% dos garotos foram diagnosticados com TEA, o \u00edndice entre as meninas ficou em 0,9%. No contexto escolar, o impacto \u00e9 ainda mais evidente. O Censo Escolar de 2023 registrou um aumento de 48% no n\u00famero de alunos com autismo em apenas um ano, um salto que refor\u00e7a a urg\u00eancia de capacita\u00e7\u00e3o de professores e investimento em equipes multidisciplinares.<\/p>\n\n\n\n<p><strong><a href=\"https:\/\/whatsapp.com\/channel\/0029VaAT7tDLI8Yfj5y9Z50Z\"><strong><mark style=\"background-color:rgba(0, 0, 0, 0)\" class=\"has-inline-color has-vivid-red-color\">>> Clique aqui e entre no canal do BEC no WhatsApp<\/mark><\/strong><\/a><\/strong><\/p>\n\n\n\n<p>A fonoaudi\u00f3loga Joseane Bouzon explica que a fonoaudiologia pode ser uma aliada ao oferecer recursos que v\u00e3o desde o est\u00edmulo \u00e0 oralidade at\u00e9 o uso de m\u00e9todos alternativos e aumentativos de comunica\u00e7\u00e3o, como figuras, aplicativos e sistemas visuais que auxiliam na express\u00e3o. A especialista destaca que o trabalho fonoaudiol\u00f3gico pode incluir o desenvolvimento de habilidades pragm\u00e1ticas, fundamentais para compreender regras sociais de conversa\u00e7\u00e3o, e estrat\u00e9gias que ajudam a reduzir frustra\u00e7\u00f5es decorrentes da dificuldade em se comunicar.<\/p>\n\n\n\n<figure class=\"wp-block-image aligncenter size-full\"><a href=\"https:\/\/i0.wp.com\/blogdoeloiltoncajuhy.com.br\/site\/wp-content\/uploads\/2025\/10\/Autismo-Foto_Adobe-Stock-01.jpeg?ssl=1\"><img data-recalc-dims=\"1\" decoding=\"async\" width=\"760\" height=\"426\" src=\"https:\/\/i0.wp.com\/blogdoeloiltoncajuhy.com.br\/site\/wp-content\/uploads\/2025\/10\/Autismo-Foto_Adobe-Stock-01.jpeg?resize=760%2C426&#038;ssl=1\" alt=\"\" class=\"wp-image-90530\" srcset=\"https:\/\/i0.wp.com\/blogdoeloiltoncajuhy.com.br\/site\/wp-content\/uploads\/2025\/10\/Autismo-Foto_Adobe-Stock-01.jpeg?w=760&amp;ssl=1 760w, https:\/\/i0.wp.com\/blogdoeloiltoncajuhy.com.br\/site\/wp-content\/uploads\/2025\/10\/Autismo-Foto_Adobe-Stock-01.jpeg?resize=300%2C168&amp;ssl=1 300w\" sizes=\"(max-width: 760px) 100vw, 760px\" \/><\/a><figcaption class=\"wp-element-caption\"><sub>Foto: Adobe Stock<\/sub><\/figcaption><\/figure>\n\n\n\n<p>A Organiza\u00e7\u00e3o Mundial da Sa\u00fade (OMS) estima que, em 2021, cerca de 1 em cada 127 pessoas vivia com autismo. Embora esses n\u00fameros sejam reflexo de maior conscientiza\u00e7\u00e3o e aprimoramento nos diagn\u00f3sticos, eles tamb\u00e9m escancaram a necessidade de suporte cont\u00ednuo para que pessoas com TEA alcancem seu potencial de desenvolvimento, especialmente no campo da comunica\u00e7\u00e3o.<\/p>\n\n\n\n<p>A fonoaudiologia, no entanto, pode desempenhar papel essencial. A interven\u00e7\u00e3o fonoaudiol\u00f3gica \u00e9 capaz de estimular a fala, ampliar vocabul\u00e1rio, trabalhar a compreens\u00e3o da linguagem e, sobretudo, fortalecer a comunica\u00e7\u00e3o social, que tem sido um dos maiores desafios enfrentados por pessoas no espectro. Atuar precocemente pode melhorar a qualidade de vida e facilitar a inser\u00e7\u00e3o escolar e social.<\/p>\n\n\n\n<p>Segundo Joseane Bouzon, cada caso exige um olhar individualizado:<\/p>\n\n\n\n<blockquote class=\"wp-block-quote is-layout-flow wp-block-quote-is-layout-flow\">\n<p><strong><mark style=\"background-color:rgba(0, 0, 0, 0)\" class=\"has-inline-color has-black-color\">\u201cO trabalho da fonoaudiologia vai muito al\u00e9m de ensinar a crian\u00e7a a falar. Mas cria caminhos de comunica\u00e7\u00e3o, sejam verbais ou n\u00e3o verbais, que permitem a ela interagir com o mundo e expressar seus desejos, emo\u00e7\u00f5es e pensamentos. Quanto mais cedo iniciamos esse processo, maiores s\u00e3o as chances de promovermos autonomia e inclus\u00e3o\u201d.<\/mark><\/strong><\/p>\n<\/blockquote>\n","protected":false},"excerpt":{"rendered":"<p>Blog do Eloilton Cajuhy \u2013 BEC O diagn\u00f3stico de Transtorno do Espectro Autista (TEA) tem crescido de forma significativa nos \u00faltimos anos, tanto no Brasil quanto no cen\u00e1rio global. De acordo com o Censo Demogr\u00e1fico 2022 do IBGE, 2,4 milh\u00f5es de brasileiros j\u00e1 receberam o diagn\u00f3stico, o que corresponde a 1,2% da popula\u00e7\u00e3o com 2 [&hellip;]<\/p>\n","protected":false},"author":2,"featured_media":90530,"comment_status":"open","ping_status":"open","sticky":false,"template":"","format":"standard","meta":{"_acf_changed":false,"_monsterinsights_skip_tracking":false,"_monsterinsights_sitenote_active":false,"_monsterinsights_sitenote_note":"","_monsterinsights_sitenote_category":0,"_jetpack_memberships_contains_paid_content":false,"footnotes":"","jetpack_publicize_message":"","jetpack_publicize_feature_enabled":true,"jetpack_social_post_already_shared":false,"jetpack_social_options":{"image_generator_settings":{"template":"highway","default_image_id":0,"font":"","enabled":false},"version":2}},"categories":[7],"tags":[],"class_list":["post-90528","post","type-post","status-publish","format-standard","has-post-thumbnail","hentry","category-saude"],"acf":[],"jetpack_publicize_connections":[],"jetpack_featured_media_url":"https:\/\/i0.wp.com\/blogdoeloiltoncajuhy.com.br\/site\/wp-content\/uploads\/2025\/10\/Autismo-Foto_Adobe-Stock-01.jpeg?fit=760%2C426&ssl=1","jetpack_sharing_enabled":true,"publishpress_future_workflow_manual_trigger":{"enabledWorkflows":[]},"_links":{"self":[{"href":"https:\/\/blogdoeloiltoncajuhy.com.br\/site\/wp-json\/wp\/v2\/posts\/90528","targetHints":{"allow":["GET"]}}],"collection":[{"href":"https:\/\/blogdoeloiltoncajuhy.com.br\/site\/wp-json\/wp\/v2\/posts"}],"about":[{"href":"https:\/\/blogdoeloiltoncajuhy.com.br\/site\/wp-json\/wp\/v2\/types\/post"}],"author":[{"embeddable":true,"href":"https:\/\/blogdoeloiltoncajuhy.com.br\/site\/wp-json\/wp\/v2\/users\/2"}],"replies":[{"embeddable":true,"href":"https:\/\/blogdoeloiltoncajuhy.com.br\/site\/wp-json\/wp\/v2\/comments?post=90528"}],"version-history":[{"count":1,"href":"https:\/\/blogdoeloiltoncajuhy.com.br\/site\/wp-json\/wp\/v2\/posts\/90528\/revisions"}],"predecessor-version":[{"id":90531,"href":"https:\/\/blogdoeloiltoncajuhy.com.br\/site\/wp-json\/wp\/v2\/posts\/90528\/revisions\/90531"}],"wp:featuredmedia":[{"embeddable":true,"href":"https:\/\/blogdoeloiltoncajuhy.com.br\/site\/wp-json\/wp\/v2\/media\/90530"}],"wp:attachment":[{"href":"https:\/\/blogdoeloiltoncajuhy.com.br\/site\/wp-json\/wp\/v2\/media?parent=90528"}],"wp:term":[{"taxonomy":"category","embeddable":true,"href":"https:\/\/blogdoeloiltoncajuhy.com.br\/site\/wp-json\/wp\/v2\/categories?post=90528"},{"taxonomy":"post_tag","embeddable":true,"href":"https:\/\/blogdoeloiltoncajuhy.com.br\/site\/wp-json\/wp\/v2\/tags?post=90528"}],"curies":[{"name":"wp","href":"https:\/\/api.w.org\/{rel}","templated":true}]}}