{"id":90517,"date":"2025-10-02T16:40:41","date_gmt":"2025-10-02T19:40:41","guid":{"rendered":"https:\/\/blogdoeloiltoncajuhy.com.br\/site\/?p=90517"},"modified":"2025-10-02T16:40:43","modified_gmt":"2025-10-02T19:40:43","slug":"produtos-da-agricultura-familiar-da-bahia-chegam-a-maior-feira-de-alimentos-do-mundo","status":"publish","type":"post","link":"https:\/\/blogdoeloiltoncajuhy.com.br\/site\/produtos-da-agricultura-familiar-da-bahia-chegam-a-maior-feira-de-alimentos-do-mundo\/","title":{"rendered":"Produtos da Agricultura Familiar da Bahia chegam \u00e0 maior feira de alimentos do mundo"},"content":{"rendered":"\n<p><strong>Blog do Eloilton Cajuhy \u2013 BEC<\/strong><\/p>\n\n\n\n<figure class=\"wp-block-image aligncenter size-full\"><a href=\"https:\/\/i0.wp.com\/blogdoeloiltoncajuhy.com.br\/site\/wp-content\/uploads\/2025\/10\/GOVBA_CAR_Feira-Anuga-01.jpeg?ssl=1\"><img data-recalc-dims=\"1\" fetchpriority=\"high\" decoding=\"async\" width=\"760\" height=\"506\" src=\"https:\/\/i0.wp.com\/blogdoeloiltoncajuhy.com.br\/site\/wp-content\/uploads\/2025\/10\/GOVBA_CAR_Feira-Anuga-01.jpeg?resize=760%2C506&#038;ssl=1\" alt=\"\" class=\"wp-image-90518\" srcset=\"https:\/\/i0.wp.com\/blogdoeloiltoncajuhy.com.br\/site\/wp-content\/uploads\/2025\/10\/GOVBA_CAR_Feira-Anuga-01.jpeg?w=760&amp;ssl=1 760w, https:\/\/i0.wp.com\/blogdoeloiltoncajuhy.com.br\/site\/wp-content\/uploads\/2025\/10\/GOVBA_CAR_Feira-Anuga-01.jpeg?resize=300%2C200&amp;ssl=1 300w\" sizes=\"(max-width: 760px) 100vw, 760px\" \/><\/a><figcaption class=\"wp-element-caption\"><sub>Foto: Ascom CAR<\/sub><\/figcaption><\/figure>\n\n\n\n<p>A agricultura familiar da Bahia vai ganhar o mundo com a participa\u00e7\u00e3o na Anuga 2025, a maior feira internacional de alimentos e bebidas, que acontece de 4 a 8 de outubro, em Col\u00f4nia, na Alemanha. O objetivo \u00e9 internacionalizar os produtos baianos e abrir portas para novos mercados na Europa.<br><\/p>\n\n\n\n<p>A iniciativa \u00e9 promovida pelo Cons\u00f3rcio Nordeste, em parceria com o Governo do Estado, por meio da Companhia de Desenvolvimento e A\u00e7\u00e3o Regional (CAR), em parceria com a Uni\u00e3o das Cooperativas da Agricultura Familiar e de Economia Solid\u00e1ria da Bahia (Unicafes-BA), com apoio da ApexBrasil e do Sebrae.<\/p>\n\n\n\n<p><strong><a href=\"https:\/\/whatsapp.com\/channel\/0029VaAT7tDLI8Yfj5y9Z50Z\"><strong><mark style=\"background-color:rgba(0, 0, 0, 0)\" class=\"has-inline-color has-vivid-red-color\">>> Clique aqui e entre no canal do BEC no WhatsApp<\/mark><\/strong><\/a><\/strong><\/p>\n\n\n\n<p>A participa\u00e7\u00e3o ser\u00e1 marcada pela diversidade de sabores que representam a for\u00e7a da agricultura familiar baiana. Caf\u00e9s especiais da Chapada Diamantina, produzidos pela Coopiat\u00e3, se juntam \u00e0s castanhas e pastas de castanha da Cooperacaju, ao mel de qualidade superior da Cooarp, em Ribeira do Pombal, e ao floc\u00e3o de milho n\u00e3o transg\u00eanico da Copirec\u00ea, em Irec\u00ea. S\u00e3o produtos que carregam tradi\u00e7\u00e3o, qualidade e sustentabilidade, levando a identidade do campo baiano para um dos palcos mais disputados da ind\u00fastria mundial de alimentos e bebidas.<br><\/p>\n\n\n\n<figure class=\"wp-block-image aligncenter size-full\"><a href=\"https:\/\/i0.wp.com\/blogdoeloiltoncajuhy.com.br\/site\/wp-content\/uploads\/2025\/10\/GOVBA_CAR_Feira-Anuga-02.jpeg?ssl=1\"><img data-recalc-dims=\"1\" decoding=\"async\" width=\"760\" height=\"506\" src=\"https:\/\/i0.wp.com\/blogdoeloiltoncajuhy.com.br\/site\/wp-content\/uploads\/2025\/10\/GOVBA_CAR_Feira-Anuga-02.jpeg?resize=760%2C506&#038;ssl=1\" alt=\"\" class=\"wp-image-90519\" srcset=\"https:\/\/i0.wp.com\/blogdoeloiltoncajuhy.com.br\/site\/wp-content\/uploads\/2025\/10\/GOVBA_CAR_Feira-Anuga-02.jpeg?w=760&amp;ssl=1 760w, https:\/\/i0.wp.com\/blogdoeloiltoncajuhy.com.br\/site\/wp-content\/uploads\/2025\/10\/GOVBA_CAR_Feira-Anuga-02.jpeg?resize=300%2C200&amp;ssl=1 300w\" sizes=\"(max-width: 760px) 100vw, 760px\" \/><\/a><figcaption class=\"wp-element-caption\"><sub>Foto: Ascom CAR<\/sub><\/figcaption><\/figure>\n\n\n\n<p>A Anuga \u00e9 refer\u00eancia global por ditar tend\u00eancias e conectar mercados. Na edi\u00e7\u00e3o de 2023, reuniu 7,9 mil expositores de 118 pa\u00edses e atraiu mais de 140 mil visitantes de 200 na\u00e7\u00f5es, movimentando cerca de US$ 530 milh\u00f5es em neg\u00f3cios.<br><\/p>\n\n\n\n<p>Mais do que um espa\u00e7o de exposi\u00e7\u00e3o, a Anuga \u00e9 um hub de conhecimento e inova\u00e7\u00e3o, reunindo grandes players, pesquisadores e formadores de opini\u00e3o para debater o futuro da alimenta\u00e7\u00e3o.<br><\/p>\n\n\n\n<p class=\"has-black-color has-text-color has-link-color has-medium-font-size wp-elements-a24fa64cd2f328702197bea8ea9393db\"><strong>Um caminho de oportunidades<\/strong><br><\/p>\n\n\n\n<p>Ap\u00f3s a Alemanha, a comitiva baiana segue para Portugal, nos dias 8 e 9 de outubro, com rodadas de neg\u00f3cios voltadas \u00e0 amplia\u00e7\u00e3o das conex\u00f5es comerciais.<br><\/p>\n\n\n\n<p>A presen\u00e7a baiana integra a estrat\u00e9gia do Cons\u00f3rcio Nordeste de fortalecer a imagem da regi\u00e3o como pot\u00eancia produtiva e sustent\u00e1vel, atraindo investimentos e valorizando a diversidade econ\u00f4mica dos nove estados. A participa\u00e7\u00e3o \u00e9 uma vitrine de produtos inovadores e sustent\u00e1veis, al\u00e9m de um passo importante para atrair investimentos e consolidar a imagem do Nordeste como um celeiro de qualidade no mercado global.<\/p>\n\n\n\n<figure class=\"wp-block-image aligncenter size-full\"><a href=\"https:\/\/i0.wp.com\/blogdoeloiltoncajuhy.com.br\/site\/wp-content\/uploads\/2025\/10\/GOVBA_CAR_Feira-Anuga-03.jpeg?ssl=1\"><img data-recalc-dims=\"1\" decoding=\"async\" width=\"760\" height=\"506\" src=\"https:\/\/i0.wp.com\/blogdoeloiltoncajuhy.com.br\/site\/wp-content\/uploads\/2025\/10\/GOVBA_CAR_Feira-Anuga-03.jpeg?resize=760%2C506&#038;ssl=1\" alt=\"\" class=\"wp-image-90520\" srcset=\"https:\/\/i0.wp.com\/blogdoeloiltoncajuhy.com.br\/site\/wp-content\/uploads\/2025\/10\/GOVBA_CAR_Feira-Anuga-03.jpeg?w=760&amp;ssl=1 760w, https:\/\/i0.wp.com\/blogdoeloiltoncajuhy.com.br\/site\/wp-content\/uploads\/2025\/10\/GOVBA_CAR_Feira-Anuga-03.jpeg?resize=300%2C200&amp;ssl=1 300w\" sizes=\"(max-width: 760px) 100vw, 760px\" \/><\/a><figcaption class=\"wp-element-caption\"><sub>Foto: Ascom CAR<\/sub><\/figcaption><\/figure>\n","protected":false},"excerpt":{"rendered":"<p>Blog do Eloilton Cajuhy \u2013 BEC A agricultura familiar da Bahia vai ganhar o mundo com a participa\u00e7\u00e3o na Anuga 2025, a maior feira internacional de alimentos e bebidas, que acontece de 4 a 8 de outubro, em Col\u00f4nia, na Alemanha. O objetivo \u00e9 internacionalizar os produtos baianos e abrir portas para novos mercados na [&hellip;]<\/p>\n","protected":false},"author":2,"featured_media":90518,"comment_status":"open","ping_status":"open","sticky":false,"template":"","format":"standard","meta":{"_acf_changed":false,"_monsterinsights_skip_tracking":false,"_monsterinsights_sitenote_active":false,"_monsterinsights_sitenote_note":"","_monsterinsights_sitenote_category":0,"_jetpack_memberships_contains_paid_content":false,"footnotes":"","jetpack_publicize_message":"","jetpack_publicize_feature_enabled":true,"jetpack_social_post_already_shared":false,"jetpack_social_options":{"image_generator_settings":{"template":"highway","default_image_id":0,"font":"","enabled":false},"version":2}},"categories":[31],"tags":[],"class_list":["post-90517","post","type-post","status-publish","format-standard","has-post-thumbnail","hentry","category-economia"],"acf":[],"jetpack_publicize_connections":[],"jetpack_featured_media_url":"https:\/\/i0.wp.com\/blogdoeloiltoncajuhy.com.br\/site\/wp-content\/uploads\/2025\/10\/GOVBA_CAR_Feira-Anuga-01.jpeg?fit=760%2C506&ssl=1","jetpack_sharing_enabled":true,"publishpress_future_workflow_manual_trigger":{"enabledWorkflows":[]},"_links":{"self":[{"href":"https:\/\/blogdoeloiltoncajuhy.com.br\/site\/wp-json\/wp\/v2\/posts\/90517","targetHints":{"allow":["GET"]}}],"collection":[{"href":"https:\/\/blogdoeloiltoncajuhy.com.br\/site\/wp-json\/wp\/v2\/posts"}],"about":[{"href":"https:\/\/blogdoeloiltoncajuhy.com.br\/site\/wp-json\/wp\/v2\/types\/post"}],"author":[{"embeddable":true,"href":"https:\/\/blogdoeloiltoncajuhy.com.br\/site\/wp-json\/wp\/v2\/users\/2"}],"replies":[{"embeddable":true,"href":"https:\/\/blogdoeloiltoncajuhy.com.br\/site\/wp-json\/wp\/v2\/comments?post=90517"}],"version-history":[{"count":1,"href":"https:\/\/blogdoeloiltoncajuhy.com.br\/site\/wp-json\/wp\/v2\/posts\/90517\/revisions"}],"predecessor-version":[{"id":90521,"href":"https:\/\/blogdoeloiltoncajuhy.com.br\/site\/wp-json\/wp\/v2\/posts\/90517\/revisions\/90521"}],"wp:featuredmedia":[{"embeddable":true,"href":"https:\/\/blogdoeloiltoncajuhy.com.br\/site\/wp-json\/wp\/v2\/media\/90518"}],"wp:attachment":[{"href":"https:\/\/blogdoeloiltoncajuhy.com.br\/site\/wp-json\/wp\/v2\/media?parent=90517"}],"wp:term":[{"taxonomy":"category","embeddable":true,"href":"https:\/\/blogdoeloiltoncajuhy.com.br\/site\/wp-json\/wp\/v2\/categories?post=90517"},{"taxonomy":"post_tag","embeddable":true,"href":"https:\/\/blogdoeloiltoncajuhy.com.br\/site\/wp-json\/wp\/v2\/tags?post=90517"}],"curies":[{"name":"wp","href":"https:\/\/api.w.org\/{rel}","templated":true}]}}