{"id":90513,"date":"2025-10-02T16:17:05","date_gmt":"2025-10-02T19:17:05","guid":{"rendered":"https:\/\/blogdoeloiltoncajuhy.com.br\/site\/?p=90513"},"modified":"2025-10-02T16:17:07","modified_gmt":"2025-10-02T19:17:07","slug":"dia-nacional-do-idoso-fisioterapia-ajuda-a-prevenir-quedas-e-garante-maior-qualidade-de-vida-reforca-especialista","status":"publish","type":"post","link":"https:\/\/blogdoeloiltoncajuhy.com.br\/site\/dia-nacional-do-idoso-fisioterapia-ajuda-a-prevenir-quedas-e-garante-maior-qualidade-de-vida-reforca-especialista\/","title":{"rendered":"Dia Nacional do Idoso: fisioterapia ajuda a prevenir quedas e garante maior qualidade de vida, refor\u00e7a especialista"},"content":{"rendered":"\n<p><strong>Blog do Eloilton Cajuhy \u2013 BEC<\/strong><\/p>\n\n\n\n<figure class=\"wp-block-image aligncenter size-full\"><a href=\"https:\/\/i0.wp.com\/blogdoeloiltoncajuhy.com.br\/site\/wp-content\/uploads\/2025\/10\/Idosos-2025-09-30-Pixabay.jpeg?ssl=1\"><img data-recalc-dims=\"1\" fetchpriority=\"high\" decoding=\"async\" width=\"760\" height=\"507\" src=\"https:\/\/i0.wp.com\/blogdoeloiltoncajuhy.com.br\/site\/wp-content\/uploads\/2025\/10\/Idosos-2025-09-30-Pixabay.jpeg?resize=760%2C507&#038;ssl=1\" alt=\"\" class=\"wp-image-90514\" srcset=\"https:\/\/i0.wp.com\/blogdoeloiltoncajuhy.com.br\/site\/wp-content\/uploads\/2025\/10\/Idosos-2025-09-30-Pixabay.jpeg?w=760&amp;ssl=1 760w, https:\/\/i0.wp.com\/blogdoeloiltoncajuhy.com.br\/site\/wp-content\/uploads\/2025\/10\/Idosos-2025-09-30-Pixabay.jpeg?resize=300%2C200&amp;ssl=1 300w\" sizes=\"(max-width: 760px) 100vw, 760px\" \/><\/a><figcaption class=\"wp-element-caption\"><sub>Foto: Pixabay<\/sub><\/figcaption><\/figure>\n\n\n\n<p>O Brasil tem cerca de 33 milh\u00f5es de idosos, totalizando quase 16% da popula\u00e7\u00e3o do pa\u00eds. Uma proje\u00e7\u00e3o do IBGE aponta que esse n\u00famero pode subir para 75 milh\u00f5es em 2070, fato que confirma a tend\u00eancia de envelhecimento da popula\u00e7\u00e3o brasileira. Essa realidade, aliada ao aumento da expectativa de vida no Brasil, levanta um debate importante sobre a sa\u00fade do p\u00fablico 60+. Segundo a fisioterapeuta Carolinne Dantas, especialista em geriatria e gerontologia, as quedas est\u00e3o entre os acidentes mais comuns e perigosos nessa fase da vida, fato que refor\u00e7a a necessidade de medidas preventivas para trazer qualidade de vida.<\/p>\n\n\n\n<p>De acordo com o Minist\u00e9rio da Sa\u00fade, um em cada tr\u00eas brasileiros acima dos 65 anos cai pelo menos uma vez por ano. O Dia Nacional do Idoso &#8211; tamb\u00e9m conhecido por ser o Dia Internacional da Terceira Idade &#8211; \u00e9 celebrado desde 1990 em 1\u00ba de outubro pela Organiza\u00e7\u00e3o das Na\u00e7\u00f5es Unidas (ONU), para sensibilizar a sociedade sobre os desafios do envelhecimento e a import\u00e2ncia de cuidar e proteger a popula\u00e7\u00e3o idosa.<\/p>\n\n\n\n<p><strong><a href=\"https:\/\/whatsapp.com\/channel\/0029VaAT7tDLI8Yfj5y9Z50Z\"><strong><mark style=\"background-color:rgba(0, 0, 0, 0)\" class=\"has-inline-color has-vivid-red-color\">>> Clique aqui e entre no canal do BEC no WhatsApp<\/mark><\/strong><\/a><\/strong><\/p>\n\n\n\n<p>As quedas podem ser provocadas por fatores como a redu\u00e7\u00e3o da for\u00e7a muscular e do equil\u00edbrio; doen\u00e7as patol\u00f3gicas como Parkinson, diabetes, press\u00e3o baixa e dem\u00eancia; e obst\u00e1culos f\u00edsicos, principalmente dentro de casa. De acordo com Carolinne Dantas, a queda traz impactos que v\u00e3o al\u00e9m da les\u00e3o f\u00edsica: compromete a autoestima e a qualidade de vida desses pacientes. Diante disso, a fisioterapia preventiva para idosos \u00e9 indicada para evitar quedas, les\u00f5es e at\u00e9 mesmo o desenvolvimento de doen\u00e7as cr\u00f4nicas.<\/p>\n\n\n\n<blockquote class=\"wp-block-quote is-layout-flow wp-block-quote-is-layout-flow\">\n<p><strong><mark style=\"background-color:rgba(0, 0, 0, 0)\" class=\"has-inline-color has-black-color\">\u201cEssa fisioterapia foca em exerc\u00edcios e orienta\u00e7\u00f5es para manter a funcionalidade, for\u00e7a muscular, equil\u00edbrio e mobilidade dos pacientes. Os resultados proporcionam aos idosos maior seguran\u00e7a, autonomia, e bem-estar f\u00edsico e mental\u201d, refor\u00e7a a especialista em sa\u00fade do idoso.<\/mark><\/strong><\/p>\n<\/blockquote>\n\n\n\n<p>O trabalho da fisioterapia preventiva perpassa tamb\u00e9m pela avalia\u00e7\u00e3o de ambiente dom\u00e9stico e orienta\u00e7\u00e3o profissional sobre adapta\u00e7\u00f5es seguras.<\/p>\n\n\n\n<p>O acompanhamento profissional \u00e9 fundamental para garantir o bem-estar f\u00edsico atrav\u00e9s do trabalho de preven\u00e7\u00e3o, diagn\u00f3stico e tratamento de doen\u00e7as espec\u00edficas da idade. \u201cPrevenir \u00e9 o melhor rem\u00e9dio. Ajudar no tratamento e na reabilita\u00e7\u00e3o desses pacientes \u00e9 contribuir para a sa\u00fade e a qualidade de vida dos idosos\u201d, explica a especialista que realiza atendimentos domiciliares. Os interessados podem procur\u00e1-la atrav\u00e9s das redes sociais, no Instagram @caroldantasfisio, ou pelo n\u00famero de whatsapp: (74) 99935-2392.<\/p>\n\n\n\n<figure class=\"wp-block-image aligncenter size-full is-resized\"><a href=\"https:\/\/i0.wp.com\/blogdoeloiltoncajuhy.com.br\/site\/wp-content\/uploads\/2025\/10\/Fisioterapeuta-Carolinne-Dantas-2025-09-30-Arquivo-Pessoal.jpeg?ssl=1\"><img data-recalc-dims=\"1\" decoding=\"async\" width=\"439\" height=\"640\" src=\"https:\/\/i0.wp.com\/blogdoeloiltoncajuhy.com.br\/site\/wp-content\/uploads\/2025\/10\/Fisioterapeuta-Carolinne-Dantas-2025-09-30-Arquivo-Pessoal.jpeg?resize=439%2C640&#038;ssl=1\" alt=\"\" class=\"wp-image-90515\" style=\"width:224px;height:auto\" srcset=\"https:\/\/i0.wp.com\/blogdoeloiltoncajuhy.com.br\/site\/wp-content\/uploads\/2025\/10\/Fisioterapeuta-Carolinne-Dantas-2025-09-30-Arquivo-Pessoal.jpeg?w=439&amp;ssl=1 439w, https:\/\/i0.wp.com\/blogdoeloiltoncajuhy.com.br\/site\/wp-content\/uploads\/2025\/10\/Fisioterapeuta-Carolinne-Dantas-2025-09-30-Arquivo-Pessoal.jpeg?resize=206%2C300&amp;ssl=1 206w\" sizes=\"(max-width: 439px) 100vw, 439px\" \/><\/a><figcaption class=\"wp-element-caption\"><sub>Fisioterapeuta Carolinne Dantas &#8211; Foto: Arquivo Pessoal<\/sub><\/figcaption><\/figure>\n","protected":false},"excerpt":{"rendered":"<p>Blog do Eloilton Cajuhy \u2013 BEC O Brasil tem cerca de 33 milh\u00f5es de idosos, totalizando quase 16% da popula\u00e7\u00e3o do pa\u00eds. Uma proje\u00e7\u00e3o do IBGE aponta que esse n\u00famero pode subir para 75 milh\u00f5es em 2070, fato que confirma a tend\u00eancia de envelhecimento da popula\u00e7\u00e3o brasileira. Essa realidade, aliada ao aumento da expectativa de [&hellip;]<\/p>\n","protected":false},"author":2,"featured_media":90514,"comment_status":"open","ping_status":"open","sticky":false,"template":"","format":"standard","meta":{"_acf_changed":false,"_monsterinsights_skip_tracking":false,"_monsterinsights_sitenote_active":false,"_monsterinsights_sitenote_note":"","_monsterinsights_sitenote_category":0,"_jetpack_memberships_contains_paid_content":false,"footnotes":"","jetpack_publicize_message":"","jetpack_publicize_feature_enabled":true,"jetpack_social_post_already_shared":false,"jetpack_social_options":{"image_generator_settings":{"template":"highway","default_image_id":0,"font":"","enabled":false},"version":2}},"categories":[7],"tags":[],"class_list":["post-90513","post","type-post","status-publish","format-standard","has-post-thumbnail","hentry","category-saude"],"acf":[],"jetpack_publicize_connections":[],"jetpack_featured_media_url":"https:\/\/i0.wp.com\/blogdoeloiltoncajuhy.com.br\/site\/wp-content\/uploads\/2025\/10\/Idosos-2025-09-30-Pixabay.jpeg?fit=760%2C507&ssl=1","jetpack_sharing_enabled":true,"publishpress_future_workflow_manual_trigger":{"enabledWorkflows":[]},"_links":{"self":[{"href":"https:\/\/blogdoeloiltoncajuhy.com.br\/site\/wp-json\/wp\/v2\/posts\/90513","targetHints":{"allow":["GET"]}}],"collection":[{"href":"https:\/\/blogdoeloiltoncajuhy.com.br\/site\/wp-json\/wp\/v2\/posts"}],"about":[{"href":"https:\/\/blogdoeloiltoncajuhy.com.br\/site\/wp-json\/wp\/v2\/types\/post"}],"author":[{"embeddable":true,"href":"https:\/\/blogdoeloiltoncajuhy.com.br\/site\/wp-json\/wp\/v2\/users\/2"}],"replies":[{"embeddable":true,"href":"https:\/\/blogdoeloiltoncajuhy.com.br\/site\/wp-json\/wp\/v2\/comments?post=90513"}],"version-history":[{"count":1,"href":"https:\/\/blogdoeloiltoncajuhy.com.br\/site\/wp-json\/wp\/v2\/posts\/90513\/revisions"}],"predecessor-version":[{"id":90516,"href":"https:\/\/blogdoeloiltoncajuhy.com.br\/site\/wp-json\/wp\/v2\/posts\/90513\/revisions\/90516"}],"wp:featuredmedia":[{"embeddable":true,"href":"https:\/\/blogdoeloiltoncajuhy.com.br\/site\/wp-json\/wp\/v2\/media\/90514"}],"wp:attachment":[{"href":"https:\/\/blogdoeloiltoncajuhy.com.br\/site\/wp-json\/wp\/v2\/media?parent=90513"}],"wp:term":[{"taxonomy":"category","embeddable":true,"href":"https:\/\/blogdoeloiltoncajuhy.com.br\/site\/wp-json\/wp\/v2\/categories?post=90513"},{"taxonomy":"post_tag","embeddable":true,"href":"https:\/\/blogdoeloiltoncajuhy.com.br\/site\/wp-json\/wp\/v2\/tags?post=90513"}],"curies":[{"name":"wp","href":"https:\/\/api.w.org\/{rel}","templated":true}]}}