{"id":90510,"date":"2025-10-02T15:56:39","date_gmt":"2025-10-02T18:56:39","guid":{"rendered":"https:\/\/blogdoeloiltoncajuhy.com.br\/site\/?p=90510"},"modified":"2025-10-02T15:56:41","modified_gmt":"2025-10-02T18:56:41","slug":"ex-prefeito-de-bonfim-recebe-homenagem-durante-conferencia-estadual","status":"publish","type":"post","link":"https:\/\/blogdoeloiltoncajuhy.com.br\/site\/ex-prefeito-de-bonfim-recebe-homenagem-durante-conferencia-estadual\/","title":{"rendered":"Ex-prefeito de Bonfim recebe homenagem durante confer\u00eancia estadual"},"content":{"rendered":"\n<p><strong>Por Blog do Eloilton Cajuhy \u2013 BEC<\/strong><\/p>\n\n\n\n<figure class=\"wp-block-image aligncenter size-full\"><a href=\"https:\/\/i0.wp.com\/blogdoeloiltoncajuhy.com.br\/site\/wp-content\/uploads\/2025\/10\/Carlos-Brasileiro-2025-10-01.jpeg?ssl=1\"><img data-recalc-dims=\"1\" fetchpriority=\"high\" decoding=\"async\" width=\"590\" height=\"640\" src=\"https:\/\/i0.wp.com\/blogdoeloiltoncajuhy.com.br\/site\/wp-content\/uploads\/2025\/10\/Carlos-Brasileiro-2025-10-01.jpeg?resize=590%2C640&#038;ssl=1\" alt=\"\" class=\"wp-image-90511\" srcset=\"https:\/\/i0.wp.com\/blogdoeloiltoncajuhy.com.br\/site\/wp-content\/uploads\/2025\/10\/Carlos-Brasileiro-2025-10-01.jpeg?w=590&amp;ssl=1 590w, https:\/\/i0.wp.com\/blogdoeloiltoncajuhy.com.br\/site\/wp-content\/uploads\/2025\/10\/Carlos-Brasileiro-2025-10-01.jpeg?resize=277%2C300&amp;ssl=1 277w\" sizes=\"(max-width: 590px) 100vw, 590px\" \/><\/a><figcaption class=\"wp-element-caption\"><sub>Ex-prefeito de Bonfim recebe homenagem durante confer\u00eancia estadual<\/sub><\/figcaption><\/figure>\n\n\n\n<p>Na \u00faltima ter\u00e7a-feira (30), durante a <strong><mark style=\"background-color:rgba(0, 0, 0, 0)\" class=\"has-inline-color has-black-color\">15\u00aa Confer\u00eancia Estadual da Assist\u00eancia Social<\/mark><\/strong>, o governador da Bahia, Jer\u00f4nimo Rodrigues, e a secret\u00e1ria Fabya Reis entregaram uma placa de reconhecimento ao assessor especial da Secretaria de Assist\u00eancia e Desenvolvimento Social, Carlos Brasileiro, em homenagem \u00e0 sua contribui\u00e7\u00e3o para a constru\u00e7\u00e3o e o aprimoramento da Pol\u00edtica de Assist\u00eancia Social do estado.<\/p>\n\n\n\n<p><strong><a href=\"https:\/\/whatsapp.com\/channel\/0029VaAT7tDLI8Yfj5y9Z50Z\"><strong><mark style=\"background-color:rgba(0, 0, 0, 0)\" class=\"has-inline-color has-vivid-red-color\">>> Clique aqui e entre no canal do BEC no WhatsApp<\/mark><\/strong><\/a><\/strong><\/p>\n\n\n\n<p>O reconhecimento se refere ao per\u00edodo em que Carlos Brasileiro atuou como Secret\u00e1rio de Estado e presidente do Conselho Estadual da Assist\u00eancia Social (CEAS), entre 2011 e 2012, quando fortaleceu o controle e a participa\u00e7\u00e3o social no \u00e2mbito da assist\u00eancia social baiana.<\/p>\n\n\n\n<blockquote class=\"wp-block-quote is-layout-flow wp-block-quote-is-layout-flow\">\n<p><strong><mark style=\"background-color:rgba(0, 0, 0, 0)\" class=\"has-inline-color has-black-color\">\u201cFoi um momento m\u00e1gico e de muita felicidade, que quero dividir com familiares, companheiras(os), amigas(os), trabalhadoras(es) do SUAS, conterr\u00e2neos(as) e colegas de ontem e de hoje da Secretaria Estadual da Assist\u00eancia Social, que com dedica\u00e7\u00e3o e amor acolhem, escutam e incluem as pessoas mais humildes e vulner\u00e1veis do nosso estado\u201d, destacou Brasileiro.<\/mark><\/strong><\/p>\n<\/blockquote>\n\n\n\n<p>A homenagem foi entregue em um evento que entrou para a hist\u00f3ria como a confer\u00eancia mais participativa j\u00e1 realizada no estado. A 15\u00aa edi\u00e7\u00e3o tamb\u00e9m marcou a celebra\u00e7\u00e3o dos 20 anos do Sistema \u00danico da Assist\u00eancia Social (SUAS), reafirmando o compromisso da Bahia com a inclus\u00e3o social, a cidadania e o cuidado com os que mais precisam.<\/p>\n\n\n\n<p>Carlos Brasileiro finalizou expressando sua gratid\u00e3o pelo gesto e ressaltando a import\u00e2ncia da uni\u00e3o de esfor\u00e7os para manter viva a miss\u00e3o do SUAS: \u201cReceber esse reconhecimento \u00e9 mais do que uma honra pessoal; \u00e9 a prova de que o trabalho coletivo, feito com dedica\u00e7\u00e3o, transforma vidas e fortalece a esperan\u00e7a\u201d.<\/p>\n","protected":false},"excerpt":{"rendered":"<p>Por Blog do Eloilton Cajuhy \u2013 BEC Na \u00faltima ter\u00e7a-feira (30), durante a 15\u00aa Confer\u00eancia Estadual da Assist\u00eancia Social, o governador da Bahia, Jer\u00f4nimo Rodrigues, e a secret\u00e1ria Fabya Reis entregaram uma placa de reconhecimento ao assessor especial da Secretaria de Assist\u00eancia e Desenvolvimento Social, Carlos Brasileiro, em homenagem \u00e0 sua contribui\u00e7\u00e3o para a constru\u00e7\u00e3o [&hellip;]<\/p>\n","protected":false},"author":2,"featured_media":90511,"comment_status":"open","ping_status":"open","sticky":false,"template":"","format":"standard","meta":{"_acf_changed":false,"_monsterinsights_skip_tracking":false,"_monsterinsights_sitenote_active":false,"_monsterinsights_sitenote_note":"","_monsterinsights_sitenote_category":0,"_jetpack_memberships_contains_paid_content":false,"footnotes":"","jetpack_publicize_message":"","jetpack_publicize_feature_enabled":true,"jetpack_social_post_already_shared":true,"jetpack_social_options":{"image_generator_settings":{"template":"highway","default_image_id":0,"font":"","enabled":false},"version":2}},"categories":[3],"tags":[],"class_list":["post-90510","post","type-post","status-publish","format-standard","has-post-thumbnail","hentry","category-politica"],"acf":[],"jetpack_publicize_connections":[],"jetpack_featured_media_url":"https:\/\/i0.wp.com\/blogdoeloiltoncajuhy.com.br\/site\/wp-content\/uploads\/2025\/10\/Carlos-Brasileiro-2025-10-01.jpeg?fit=590%2C640&ssl=1","jetpack_sharing_enabled":true,"publishpress_future_workflow_manual_trigger":{"enabledWorkflows":[]},"_links":{"self":[{"href":"https:\/\/blogdoeloiltoncajuhy.com.br\/site\/wp-json\/wp\/v2\/posts\/90510","targetHints":{"allow":["GET"]}}],"collection":[{"href":"https:\/\/blogdoeloiltoncajuhy.com.br\/site\/wp-json\/wp\/v2\/posts"}],"about":[{"href":"https:\/\/blogdoeloiltoncajuhy.com.br\/site\/wp-json\/wp\/v2\/types\/post"}],"author":[{"embeddable":true,"href":"https:\/\/blogdoeloiltoncajuhy.com.br\/site\/wp-json\/wp\/v2\/users\/2"}],"replies":[{"embeddable":true,"href":"https:\/\/blogdoeloiltoncajuhy.com.br\/site\/wp-json\/wp\/v2\/comments?post=90510"}],"version-history":[{"count":1,"href":"https:\/\/blogdoeloiltoncajuhy.com.br\/site\/wp-json\/wp\/v2\/posts\/90510\/revisions"}],"predecessor-version":[{"id":90512,"href":"https:\/\/blogdoeloiltoncajuhy.com.br\/site\/wp-json\/wp\/v2\/posts\/90510\/revisions\/90512"}],"wp:featuredmedia":[{"embeddable":true,"href":"https:\/\/blogdoeloiltoncajuhy.com.br\/site\/wp-json\/wp\/v2\/media\/90511"}],"wp:attachment":[{"href":"https:\/\/blogdoeloiltoncajuhy.com.br\/site\/wp-json\/wp\/v2\/media?parent=90510"}],"wp:term":[{"taxonomy":"category","embeddable":true,"href":"https:\/\/blogdoeloiltoncajuhy.com.br\/site\/wp-json\/wp\/v2\/categories?post=90510"},{"taxonomy":"post_tag","embeddable":true,"href":"https:\/\/blogdoeloiltoncajuhy.com.br\/site\/wp-json\/wp\/v2\/tags?post=90510"}],"curies":[{"name":"wp","href":"https:\/\/api.w.org\/{rel}","templated":true}]}}