{"id":90507,"date":"2025-10-02T09:02:34","date_gmt":"2025-10-02T12:02:34","guid":{"rendered":"https:\/\/blogdoeloiltoncajuhy.com.br\/site\/?p=90507"},"modified":"2025-10-02T09:02:36","modified_gmt":"2025-10-02T12:02:36","slug":"bonfim-homem-morto-a-tiros-e-suspeito-de-vir-a-cidade-comercializar-drogas","status":"publish","type":"post","link":"https:\/\/blogdoeloiltoncajuhy.com.br\/site\/bonfim-homem-morto-a-tiros-e-suspeito-de-vir-a-cidade-comercializar-drogas\/","title":{"rendered":"Bonfim: Homem morto a tiros \u00e9 suspeito de vir \u00e0 cidade comercializar drogas"},"content":{"rendered":"\n<p class=\"has-medium-font-size\"><strong>Crime aconteceu na madrugada desta quinta-feira (02)<\/strong><\/p>\n\n\n\n<p><strong>Por Blog do Eloilton Cajuhy \u2013 BEC<\/strong><\/p>\n\n\n\n<figure class=\"wp-block-image aligncenter size-full\"><a href=\"https:\/\/i0.wp.com\/blogdoeloiltoncajuhy.com.br\/site\/wp-content\/uploads\/2025\/10\/Homicidio-em-Bonfim-2025-10-02.webp\"><img data-recalc-dims=\"1\" fetchpriority=\"high\" decoding=\"async\" width=\"360\" height=\"640\" src=\"https:\/\/i0.wp.com\/blogdoeloiltoncajuhy.com.br\/site\/wp-content\/uploads\/2025\/10\/Homicidio-em-Bonfim-2025-10-02.webp?resize=360%2C640\" alt=\"\" class=\"wp-image-90508\" srcset=\"https:\/\/i0.wp.com\/blogdoeloiltoncajuhy.com.br\/site\/wp-content\/uploads\/2025\/10\/Homicidio-em-Bonfim-2025-10-02.webp?w=360&amp;ssl=1 360w, https:\/\/i0.wp.com\/blogdoeloiltoncajuhy.com.br\/site\/wp-content\/uploads\/2025\/10\/Homicidio-em-Bonfim-2025-10-02.webp?resize=169%2C300&amp;ssl=1 169w\" sizes=\"(max-width: 360px) 100vw, 360px\" \/><\/a><figcaption class=\"wp-element-caption\"><sub>Pol\u00edcia registra homic\u00eddio em Bonfim<\/sub><\/figcaption><\/figure>\n\n\n\n<p>Um homic\u00eddio foi registrado na madrugada desta quinta-feira (02), em Senhor do Bonfim. O fato foi registrado pela pol\u00edcia por volta de 1h20, na rua Jo\u00e3o Bartilotti.<\/p>\n\n\n\n<p>De acordo com informa\u00e7\u00f5es do <strong>Blog do Netto Maravilha<\/strong>, equipes policiais foram acionadas pelo Cicom ap\u00f3s relatos de disparos de arma de fogo na localidade. No local, encontraram um homem morto, ao lado de uma motocicleta de placa SJP3F32.<\/p>\n\n\n\n<p>O Servi\u00e7o de Atendimento M\u00f3vel de Urg\u00eancia (Samu) foi acionado e constatou a morte da v\u00edtima, identificada como <strong><mark style=\"background-color:rgba(0, 0, 0, 0)\" class=\"has-inline-color has-black-color\">Jo\u00e3o Pedro da Silva Torres Batista<\/mark><\/strong>, de 24 anos, natural de Cama\u00e7ari.<\/p>\n\n\n\n<p>No local, uma mulher que se apresentou como namorada de Jo\u00e3o Pedro, confirmou a identidade dele e relatou que ambos eram naturais de Cama\u00e7ari. Segundo ela, o jovem havia se deslocado para Senhor do Bonfim com o objetivo de comercializar drogas na cidade.<\/p>\n\n\n\n<p><strong><a href=\"https:\/\/whatsapp.com\/channel\/0029VaAT7tDLI8Yfj5y9Z50Z\"><strong><mark style=\"background-color:rgba(0, 0, 0, 0)\" class=\"has-inline-color has-vivid-red-color\">>> Clique aqui e entre no canal do BEC no WhatsApp<\/mark><\/strong><\/a><\/strong><\/p>\n\n\n\n<p>Moradores da \u00e1rea, que preferiram n\u00e3o se identificar, relataram ter ouvido disparos de arma de fogo e o barulho de outra motocicleta deixando o local logo em seguida.<\/p>\n\n\n\n<p>A Pol\u00edcia Militar preservou a cena at\u00e9 a chegada do Departamento de Pol\u00edcia T\u00e9cnica (DPT), que realizou a remo\u00e7\u00e3o do corpo para o IML de Senhor do Bonfim. O caso ser\u00e1 investigado pela Pol\u00edcia Civil.<\/p>\n","protected":false},"excerpt":{"rendered":"<p>Crime aconteceu na madrugada desta quinta-feira (02) Por Blog do Eloilton Cajuhy \u2013 BEC Um homic\u00eddio foi registrado na madrugada desta quinta-feira (02), em Senhor do Bonfim. O fato foi registrado pela pol\u00edcia por volta de 1h20, na rua Jo\u00e3o Bartilotti. De acordo com informa\u00e7\u00f5es do Blog do Netto Maravilha, equipes policiais foram acionadas pelo [&hellip;]<\/p>\n","protected":false},"author":2,"featured_media":90508,"comment_status":"open","ping_status":"open","sticky":false,"template":"","format":"standard","meta":{"_acf_changed":false,"_monsterinsights_skip_tracking":false,"_monsterinsights_sitenote_active":false,"_monsterinsights_sitenote_note":"","_monsterinsights_sitenote_category":0,"_jetpack_memberships_contains_paid_content":false,"footnotes":"","jetpack_publicize_message":"","jetpack_publicize_feature_enabled":true,"jetpack_social_post_already_shared":true,"jetpack_social_options":{"image_generator_settings":{"template":"highway","default_image_id":0,"font":"","enabled":false},"version":2}},"categories":[15],"tags":[],"class_list":["post-90507","post","type-post","status-publish","format-standard","has-post-thumbnail","hentry","category-policia"],"acf":[],"jetpack_publicize_connections":[],"jetpack_featured_media_url":"https:\/\/i0.wp.com\/blogdoeloiltoncajuhy.com.br\/site\/wp-content\/uploads\/2025\/10\/Homicidio-em-Bonfim-2025-10-02.webp?fit=360%2C640&ssl=1","jetpack_sharing_enabled":true,"publishpress_future_workflow_manual_trigger":{"enabledWorkflows":[]},"_links":{"self":[{"href":"https:\/\/blogdoeloiltoncajuhy.com.br\/site\/wp-json\/wp\/v2\/posts\/90507","targetHints":{"allow":["GET"]}}],"collection":[{"href":"https:\/\/blogdoeloiltoncajuhy.com.br\/site\/wp-json\/wp\/v2\/posts"}],"about":[{"href":"https:\/\/blogdoeloiltoncajuhy.com.br\/site\/wp-json\/wp\/v2\/types\/post"}],"author":[{"embeddable":true,"href":"https:\/\/blogdoeloiltoncajuhy.com.br\/site\/wp-json\/wp\/v2\/users\/2"}],"replies":[{"embeddable":true,"href":"https:\/\/blogdoeloiltoncajuhy.com.br\/site\/wp-json\/wp\/v2\/comments?post=90507"}],"version-history":[{"count":1,"href":"https:\/\/blogdoeloiltoncajuhy.com.br\/site\/wp-json\/wp\/v2\/posts\/90507\/revisions"}],"predecessor-version":[{"id":90509,"href":"https:\/\/blogdoeloiltoncajuhy.com.br\/site\/wp-json\/wp\/v2\/posts\/90507\/revisions\/90509"}],"wp:featuredmedia":[{"embeddable":true,"href":"https:\/\/blogdoeloiltoncajuhy.com.br\/site\/wp-json\/wp\/v2\/media\/90508"}],"wp:attachment":[{"href":"https:\/\/blogdoeloiltoncajuhy.com.br\/site\/wp-json\/wp\/v2\/media?parent=90507"}],"wp:term":[{"taxonomy":"category","embeddable":true,"href":"https:\/\/blogdoeloiltoncajuhy.com.br\/site\/wp-json\/wp\/v2\/categories?post=90507"},{"taxonomy":"post_tag","embeddable":true,"href":"https:\/\/blogdoeloiltoncajuhy.com.br\/site\/wp-json\/wp\/v2\/tags?post=90507"}],"curies":[{"name":"wp","href":"https:\/\/api.w.org\/{rel}","templated":true}]}}