{"id":90502,"date":"2025-10-02T08:30:27","date_gmt":"2025-10-02T11:30:27","guid":{"rendered":"https:\/\/blogdoeloiltoncajuhy.com.br\/site\/?p=90502"},"modified":"2025-10-02T08:30:28","modified_gmt":"2025-10-02T11:30:28","slug":"programa-partiu-estagio-oferece-mais-de-4-mil-vagas-para-universitarios-na-bahia-saiba-como-se-inscrever","status":"publish","type":"post","link":"https:\/\/blogdoeloiltoncajuhy.com.br\/site\/programa-partiu-estagio-oferece-mais-de-4-mil-vagas-para-universitarios-na-bahia-saiba-como-se-inscrever\/","title":{"rendered":"Programa &#8216;Partiu Est\u00e1gio&#8217; oferece mais de 4 mil vagas para universit\u00e1rios na Bahia; saiba como se inscrever"},"content":{"rendered":"\n<p class=\"has-medium-font-size\"><strong>Inscri\u00e7\u00f5es podem ser feitas das 9h de quinta-feira (2) at\u00e9 23h59min do dia 31 de outubro pela internet<\/strong><\/p>\n\n\n\n<p><strong>Por g1 BA<\/strong><\/p>\n\n\n\n<figure class=\"wp-block-image aligncenter size-full\"><a href=\"https:\/\/i0.wp.com\/blogdoeloiltoncajuhy.com.br\/site\/wp-content\/uploads\/2022\/03\/GOVBA_Partiu-Estagio-Carol-Garcia.jpg\"><img data-recalc-dims=\"1\" fetchpriority=\"high\" decoding=\"async\" width=\"696\" height=\"464\" src=\"https:\/\/i0.wp.com\/blogdoeloiltoncajuhy.com.br\/site\/wp-content\/uploads\/2022\/03\/GOVBA_Partiu-Estagio-Carol-Garcia.jpg?resize=696%2C464\" alt=\"\" class=\"wp-image-63289\" srcset=\"https:\/\/i0.wp.com\/blogdoeloiltoncajuhy.com.br\/site\/wp-content\/uploads\/2022\/03\/GOVBA_Partiu-Estagio-Carol-Garcia.jpg?w=696&amp;ssl=1 696w, https:\/\/i0.wp.com\/blogdoeloiltoncajuhy.com.br\/site\/wp-content\/uploads\/2022\/03\/GOVBA_Partiu-Estagio-Carol-Garcia.jpg?resize=300%2C200&amp;ssl=1 300w\" sizes=\"(max-width: 696px) 100vw, 696px\" \/><\/a><figcaption class=\"wp-element-caption\"><sub>Foto: Carol Garcia\/GOVBA<\/sub><\/figcaption><\/figure>\n\n\n\n<p>O programa &#8220;Partiu Est\u00e1gio&#8221;, do governo da Bahia, oferece 4.728 vagas para estudantes universit\u00e1rios que desejam atuar em \u00f3rg\u00e3os p\u00fablicos do estado. As inscri\u00e7\u00f5es podem ser feitas a partir das 9h desta quinta-feira (2) at\u00e9 as 23h59min do dia 31 de outubro.<\/p>\n\n\n\n<p>O edital foi publicado no Di\u00e1rio Oficial do Estado (DOE) desta quarta-feira (1\u00b0), com todas as regras que regem esta edi\u00e7\u00e3o do programa. Os interessados podem <a href=\"http:\/\/www.ba.gov.br\/\" target=\"_blank\" rel=\"noreferrer noopener\"><strong><mark style=\"background-color:rgba(0, 0, 0, 0)\" class=\"has-inline-color has-vivid-cyan-blue-color\">se inscrever pela internet<\/mark><\/strong><\/a>. J\u00e1 o edital completo pode ser encontrado no <a href=\"http:\/\/www.saeb.ba.gov.br\/\" target=\"_blank\" rel=\"noreferrer noopener\"><strong><mark style=\"background-color:rgba(0, 0, 0, 0)\" class=\"has-inline-color has-vivid-cyan-blue-color\">site da Secretaria da Administra\u00e7\u00e3o do Estado da Bahia<\/mark><\/strong><\/a> (Saeb).<\/p>\n\n\n\n<p>A oportunidade abrange estudantes de 100 cursos universit\u00e1rios. Os selecionados v\u00e3o atuar em 54 \u00f3rg\u00e3os do Estado. Dentre as 4.728 vagas dispon\u00edveis, 1.347 s\u00e3o para capital baiana e 3.381 para munic\u00edpios do interior do estado e cidades da Regi\u00e3o Metropolitana de Salvador (RMS).<\/p>\n\n\n\n<p><strong><a href=\"https:\/\/whatsapp.com\/channel\/0029VaAT7tDLI8Yfj5y9Z50Z\"><strong><mark style=\"background-color:rgba(0, 0, 0, 0)\" class=\"has-inline-color has-vivid-red-color\">>> Clique aqui e entre no canal do BEC no WhatsApp<\/mark><\/strong><\/a><\/strong><\/p>\n\n\n\n<p>A maior parte das oportunidades s\u00e3o voltadas para alunos dos cursos de Letras (767 vagas), Matem\u00e1tica (638) e Administra\u00e7\u00e3o (508). J\u00e1 os \u00f3rg\u00e3os estaduais mais contemplados pelo edital s\u00e3o as secretarias de Educa\u00e7\u00e3o (3.456 vagas) e Sa\u00fade (277), al\u00e9m da Procuradoria Geral do Estado (PGE) (106).<\/p>\n\n\n\n<p>O Partiu Est\u00e1gio oferece bolsa de R$ 607,00 aos estudantes, al\u00e9m de aux\u00edlio-transporte. O est\u00e1gio tem dura\u00e7\u00e3o m\u00e1xima de um ano, sem possibilidade de prorroga\u00e7\u00e3o, exceto quando se tratar de pessoa com defici\u00eancia.<\/p>\n\n\n\n<p>A carga hor\u00e1ria a ser cumprida pelos selecionados \u00e9 de quatro horas di\u00e1rias, com um total de 20 horas semanais.<\/p>\n\n\n\n<p class=\"has-black-color has-text-color has-link-color has-medium-font-size wp-elements-16a9e4943259f7f0d41456cb7ee7bd15\"><strong>Pr\u00e9-requisitos<\/strong><\/p>\n\n\n\n<p>Para se candidatar a uma vaga, o estudante precisa residir na Bahia e estar matriculado de forma regular em um curso de gradua\u00e7\u00e3o com sede ou polo no estado.<\/p>\n\n\n\n<p>Podem participar alunos de cursos presenciais, semipresenciais ou na modalidade de Ensino a Dist\u00e2ncia (EAD). Al\u00e9m disso, o universit\u00e1rio deve ter idade m\u00ednima de 16 anos e j\u00e1 ter conclu\u00eddo 50% do curso.<\/p>\n\n\n\n<p>O programa concede prioridade a candidatos inscritos no Cadastro \u00danico para Programas Sociais do governo federal (Cad\u00danico). Tamb\u00e9m s\u00e3o priorit\u00e1rios universit\u00e1rios que cursaram todo o ensino m\u00e9dio em escola p\u00fablica ou aqueles que estudaram com bolsa integral na rede privada.<\/p>\n\n\n\n<p>O Partiu Est\u00e1gio prev\u00ea ainda 10% das vagas reservadas para alunos com defici\u00eancia, conforme estabelece a Lei Federal n.\u00ba 11.788, de 25 de setembro de 2008.<\/p>\n\n\n\n<p class=\"has-black-color has-text-color has-link-color has-medium-font-size wp-elements-bd70a7cb94e62901be2f1163e426275f\"><strong>Inscri\u00e7\u00f5es<\/strong><\/p>\n\n\n\n<p>O passo a passo completo para realizar a inscri\u00e7\u00e3o no Partiu Est\u00e1gio pode ser conferido no Edital. Os candidatos que n\u00e3o possuem cadastro na plataforma ba.gov.br precisam faz\u00ea-lo antes de realizar a inscri\u00e7\u00e3o.<\/p>\n\n\n\n<p>O estudante que for selecionado para a vaga de est\u00e1gio receber\u00e1 uma mensagem via WhatsApp, informando a altera\u00e7\u00e3o de seu status no site do ba.gov.br e dever\u00e1 acess\u00e1-lo para verificar os procedimentos, prazos e a forma de entrega da documenta\u00e7\u00e3o.<\/p>\n\n\n\n<p>A rela\u00e7\u00e3o dos estudantes selecionados para o Programa Partiu Est\u00e1gio tamb\u00e9m ser\u00e1 disponibilizada no site da Saeb.<\/p>\n","protected":false},"excerpt":{"rendered":"<p>Inscri\u00e7\u00f5es podem ser feitas das 9h de quinta-feira (2) at\u00e9 23h59min do dia 31 de outubro pela internet Por g1 BA O programa &#8220;Partiu Est\u00e1gio&#8221;, do governo da Bahia, oferece 4.728 vagas para estudantes universit\u00e1rios que desejam atuar em \u00f3rg\u00e3os p\u00fablicos do estado. As inscri\u00e7\u00f5es podem ser feitas a partir das 9h desta quinta-feira (2) [&hellip;]<\/p>\n","protected":false},"author":2,"featured_media":73172,"comment_status":"open","ping_status":"open","sticky":false,"template":"","format":"standard","meta":{"_acf_changed":false,"_monsterinsights_skip_tracking":false,"_monsterinsights_sitenote_active":false,"_monsterinsights_sitenote_note":"","_monsterinsights_sitenote_category":0,"_jetpack_memberships_contains_paid_content":false,"footnotes":"","jetpack_publicize_message":"","jetpack_publicize_feature_enabled":true,"jetpack_social_post_already_shared":true,"jetpack_social_options":{"image_generator_settings":{"template":"highway","default_image_id":0,"font":"","enabled":false},"version":2}},"categories":[32],"tags":[],"class_list":["post-90502","post","type-post","status-publish","format-standard","has-post-thumbnail","hentry","category-emprego"],"acf":[],"jetpack_publicize_connections":[],"jetpack_featured_media_url":"https:\/\/i0.wp.com\/blogdoeloiltoncajuhy.com.br\/site\/wp-content\/uploads\/2023\/03\/Partiu-estagio-Foto-Carol-Garcia-GOVBA.jpg?fit=696%2C464&ssl=1","jetpack_sharing_enabled":true,"publishpress_future_workflow_manual_trigger":{"enabledWorkflows":[]},"_links":{"self":[{"href":"https:\/\/blogdoeloiltoncajuhy.com.br\/site\/wp-json\/wp\/v2\/posts\/90502","targetHints":{"allow":["GET"]}}],"collection":[{"href":"https:\/\/blogdoeloiltoncajuhy.com.br\/site\/wp-json\/wp\/v2\/posts"}],"about":[{"href":"https:\/\/blogdoeloiltoncajuhy.com.br\/site\/wp-json\/wp\/v2\/types\/post"}],"author":[{"embeddable":true,"href":"https:\/\/blogdoeloiltoncajuhy.com.br\/site\/wp-json\/wp\/v2\/users\/2"}],"replies":[{"embeddable":true,"href":"https:\/\/blogdoeloiltoncajuhy.com.br\/site\/wp-json\/wp\/v2\/comments?post=90502"}],"version-history":[{"count":1,"href":"https:\/\/blogdoeloiltoncajuhy.com.br\/site\/wp-json\/wp\/v2\/posts\/90502\/revisions"}],"predecessor-version":[{"id":90503,"href":"https:\/\/blogdoeloiltoncajuhy.com.br\/site\/wp-json\/wp\/v2\/posts\/90502\/revisions\/90503"}],"wp:featuredmedia":[{"embeddable":true,"href":"https:\/\/blogdoeloiltoncajuhy.com.br\/site\/wp-json\/wp\/v2\/media\/73172"}],"wp:attachment":[{"href":"https:\/\/blogdoeloiltoncajuhy.com.br\/site\/wp-json\/wp\/v2\/media?parent=90502"}],"wp:term":[{"taxonomy":"category","embeddable":true,"href":"https:\/\/blogdoeloiltoncajuhy.com.br\/site\/wp-json\/wp\/v2\/categories?post=90502"},{"taxonomy":"post_tag","embeddable":true,"href":"https:\/\/blogdoeloiltoncajuhy.com.br\/site\/wp-json\/wp\/v2\/tags?post=90502"}],"curies":[{"name":"wp","href":"https:\/\/api.w.org\/{rel}","templated":true}]}}