{"id":90428,"date":"2025-09-27T15:26:02","date_gmt":"2025-09-27T18:26:02","guid":{"rendered":"https:\/\/blogdoeloiltoncajuhy.com.br\/site\/?p=90428"},"modified":"2025-09-27T15:26:04","modified_gmt":"2025-09-27T18:26:04","slug":"aneel-reduz-bandeira-tarifaria-para-vermelha-patamar-1-em-outubro","status":"publish","type":"post","link":"https:\/\/blogdoeloiltoncajuhy.com.br\/site\/aneel-reduz-bandeira-tarifaria-para-vermelha-patamar-1-em-outubro\/","title":{"rendered":"Aneel reduz bandeira tarif\u00e1ria para vermelha patamar 1 em outubro"},"content":{"rendered":"\n<p class=\"has-medium-font-size\"><strong>Mesmo com redu\u00e7\u00e3o, baianos devem adotar consumo consciente para n\u00e3o ter surpresa na fatura de energia<\/strong><\/p>\n\n\n\n<p><strong>Blog do Eloilton Cajuhy \u2013 BEC<\/strong><\/p>\n\n\n\n<figure class=\"wp-block-image aligncenter size-full is-resized\"><a href=\"https:\/\/i0.wp.com\/blogdoeloiltoncajuhy.com.br\/site\/wp-content\/uploads\/2024\/08\/Conta-de-Luz_energia-elatrica_divulgacao.jpg\"><img data-recalc-dims=\"1\" fetchpriority=\"high\" decoding=\"async\" width=\"760\" height=\"567\" src=\"https:\/\/i0.wp.com\/blogdoeloiltoncajuhy.com.br\/site\/wp-content\/uploads\/2024\/08\/Conta-de-Luz_energia-elatrica_divulgacao.jpg?resize=760%2C567\" alt=\"\" class=\"wp-image-82481\" style=\"width:613px;height:auto\" srcset=\"https:\/\/i0.wp.com\/blogdoeloiltoncajuhy.com.br\/site\/wp-content\/uploads\/2024\/08\/Conta-de-Luz_energia-elatrica_divulgacao.jpg?w=760&amp;ssl=1 760w, https:\/\/i0.wp.com\/blogdoeloiltoncajuhy.com.br\/site\/wp-content\/uploads\/2024\/08\/Conta-de-Luz_energia-elatrica_divulgacao.jpg?resize=300%2C224&amp;ssl=1 300w\" sizes=\"(max-width: 760px) 100vw, 760px\" \/><\/a><figcaption class=\"wp-element-caption\"><sub>Reprodu\u00e7\u00e3o \/ Neoenergia Coelba<\/sub><\/figcaption><\/figure>\n\n\n\n<p>A Ag\u00eancia Nacional de Energia El\u00e9trica (Aneel) confirmou, nesta sexta-feira (26), que a bandeira tarif\u00e1ria para o m\u00eas de outubro ser\u00e1 vermelha patamar 1. Com isso, as tarifas dos consumidores ser\u00e3o acrescidas em R$ 4,46 a cada 100 quilowatts-hora (kWh) consumidos. Em setembro, a bandeira era vermelha patamar 2, com custo adicional de R$ 7,87 a cada 100 kWh consumidos. Portanto, houve uma redu\u00e7\u00e3o na cobran\u00e7a extra em outubro.<\/p>\n\n\n\n<p>De acordo com a Aneel, as condi\u00e7\u00f5es de gera\u00e7\u00e3o ainda n\u00e3o s\u00e3o favor\u00e1veis e, por isso, \u00e9 necess\u00e1rio o acionamento das termel\u00e9tricas. De acordo com a ag\u00eancia, a indica\u00e7\u00e3o do volume de chuvas abaixo da m\u00e9dia e o consequente reflexo no n\u00edvel dos reservat\u00f3rios n\u00e3o s\u00e3o favor\u00e1veis para a gera\u00e7\u00e3o das usinas hidrel\u00e9tricas<\/p>\n\n\n\n<p>Diante da defini\u00e7\u00e3o da Aneel, a Neoenergia Coelba orienta os seus clientes a evitarem o desperd\u00edcio de energia, por meio de a\u00e7\u00f5es simples no dia a dia, como manter l\u00e2mpadas desligadas quando n\u00e3o estiver no ambiente e retirar os aparelhos da tomada sempre que n\u00e3o estiver utilizando.<\/p>\n\n\n\n<p><strong><a href=\"https:\/\/whatsapp.com\/channel\/0029VaAT7tDLI8Yfj5y9Z50Z\"><strong><mark style=\"background-color:rgba(0, 0, 0, 0)\" class=\"has-inline-color has-vivid-red-color\">>> Clique aqui e entre no canal do BEC no WhatsApp<\/mark><\/strong><\/a><\/strong><\/p>\n\n\n\n<p>Entre as orienta\u00e7\u00f5es est\u00e1 utilizar a luz natural nos c\u00f4modos sempre que poss\u00edvel, abrindo portas e janelas. Quando for escolher as l\u00e2mpadas, o consumidor deve preferir os modelos mais econ\u00f4micos, que s\u00e3o as de LED, capazes de proporcionar uma economia de at\u00e9 78% se comparada com as hal\u00f3genas, que substitu\u00edram as incandescentes, e 40% em rela\u00e7\u00e3o \u00e0s fluorescentes compactas.<\/p>\n\n\n\n<p>Ao comprar eletrodom\u00e9sticos, a orienta\u00e7\u00e3o \u00e9 optar pelos modelos mais eficientes, que apresentam o Selo Procel ou que tenham a classifica\u00e7\u00e3o de consumo de energia \u201cA\u201d estabelecida pelo Inmetro. \u00c9 importante comparar o consumo descrito na etiqueta, porque a varia\u00e7\u00e3o de uma marca para outra pode ser de at\u00e9 50% entre aparelhos com a mesma capacidade.<\/p>\n\n\n\n<p>No caso da geladeira, durante o uso, as principais dicas s\u00e3o: evitar deixar a porta aberta por mais tempo que o necess\u00e1rio, n\u00e3o colocar alimentos quentes dentro do refrigerador e a deixar afastada de fontes de calor, como fog\u00e3o ou raios solares. Lembrando que a capacidade do refrigerador impacta no consumo de energia el\u00e9trica.<\/p>\n\n\n\n<p class=\"has-black-color has-text-color has-link-color has-medium-font-size wp-elements-b8066e5e9494d713b3067087f6f35b5f\"><strong>Chuveiro el\u00e9trico e ar-condicionado<\/strong><\/p>\n\n\n\n<p>Quando usarem ar-condicionado e chuveiro el\u00e9trico, os clientes devem ficar atentos \u00e0 temperatura. Para economizar no banho, podem passar menos tempo, desligar a torneira enquanto se ensaboam e deixar o chuveiro na posi\u00e7\u00e3o \u201cver\u00e3o\u201d, que consome at\u00e9 30% menos de energia. Isso vale tamb\u00e9m para o ar-condicionado: quanto mais alta a temperatura do termostato, menor o consumo.<\/p>\n\n\n\n<p>No banho, um minuto a menos no chuveiro el\u00e9trico de 5.500 W faz diferen\u00e7a no final do m\u00eas. Se a casa tiver quatro pessoas, a economia mensal ser\u00e1 de aproximadamente R$ 10.<\/p>\n","protected":false},"excerpt":{"rendered":"<p>Mesmo com redu\u00e7\u00e3o, baianos devem adotar consumo consciente para n\u00e3o ter surpresa na fatura de energia Blog do Eloilton Cajuhy \u2013 BEC A Ag\u00eancia Nacional de Energia El\u00e9trica (Aneel) confirmou, nesta sexta-feira (26), que a bandeira tarif\u00e1ria para o m\u00eas de outubro ser\u00e1 vermelha patamar 1. Com isso, as tarifas dos consumidores ser\u00e3o acrescidas em [&hellip;]<\/p>\n","protected":false},"author":2,"featured_media":82481,"comment_status":"open","ping_status":"open","sticky":false,"template":"","format":"standard","meta":{"_acf_changed":false,"_monsterinsights_skip_tracking":false,"_monsterinsights_sitenote_active":false,"_monsterinsights_sitenote_note":"","_monsterinsights_sitenote_category":0,"_jetpack_memberships_contains_paid_content":false,"footnotes":"","jetpack_publicize_message":"","jetpack_publicize_feature_enabled":true,"jetpack_social_post_already_shared":false,"jetpack_social_options":{"image_generator_settings":{"template":"highway","default_image_id":0,"font":"","enabled":false},"version":2}},"categories":[31],"tags":[],"class_list":["post-90428","post","type-post","status-publish","format-standard","has-post-thumbnail","hentry","category-economia"],"acf":[],"jetpack_publicize_connections":[],"jetpack_featured_media_url":"https:\/\/i0.wp.com\/blogdoeloiltoncajuhy.com.br\/site\/wp-content\/uploads\/2024\/08\/Conta-de-Luz_energia-elatrica_divulgacao.jpg?fit=760%2C567&ssl=1","jetpack_sharing_enabled":true,"publishpress_future_workflow_manual_trigger":{"enabledWorkflows":[]},"_links":{"self":[{"href":"https:\/\/blogdoeloiltoncajuhy.com.br\/site\/wp-json\/wp\/v2\/posts\/90428","targetHints":{"allow":["GET"]}}],"collection":[{"href":"https:\/\/blogdoeloiltoncajuhy.com.br\/site\/wp-json\/wp\/v2\/posts"}],"about":[{"href":"https:\/\/blogdoeloiltoncajuhy.com.br\/site\/wp-json\/wp\/v2\/types\/post"}],"author":[{"embeddable":true,"href":"https:\/\/blogdoeloiltoncajuhy.com.br\/site\/wp-json\/wp\/v2\/users\/2"}],"replies":[{"embeddable":true,"href":"https:\/\/blogdoeloiltoncajuhy.com.br\/site\/wp-json\/wp\/v2\/comments?post=90428"}],"version-history":[{"count":1,"href":"https:\/\/blogdoeloiltoncajuhy.com.br\/site\/wp-json\/wp\/v2\/posts\/90428\/revisions"}],"predecessor-version":[{"id":90429,"href":"https:\/\/blogdoeloiltoncajuhy.com.br\/site\/wp-json\/wp\/v2\/posts\/90428\/revisions\/90429"}],"wp:featuredmedia":[{"embeddable":true,"href":"https:\/\/blogdoeloiltoncajuhy.com.br\/site\/wp-json\/wp\/v2\/media\/82481"}],"wp:attachment":[{"href":"https:\/\/blogdoeloiltoncajuhy.com.br\/site\/wp-json\/wp\/v2\/media?parent=90428"}],"wp:term":[{"taxonomy":"category","embeddable":true,"href":"https:\/\/blogdoeloiltoncajuhy.com.br\/site\/wp-json\/wp\/v2\/categories?post=90428"},{"taxonomy":"post_tag","embeddable":true,"href":"https:\/\/blogdoeloiltoncajuhy.com.br\/site\/wp-json\/wp\/v2\/tags?post=90428"}],"curies":[{"name":"wp","href":"https:\/\/api.w.org\/{rel}","templated":true}]}}