{"id":90420,"date":"2025-09-27T12:42:34","date_gmt":"2025-09-27T15:42:34","guid":{"rendered":"https:\/\/blogdoeloiltoncajuhy.com.br\/site\/?p=90420"},"modified":"2025-09-27T12:42:35","modified_gmt":"2025-09-27T15:42:35","slug":"crianca-de-1-ano-morre-engasgada-com-tampinha-de-refrigerante-no-distrito-de-quice","status":"publish","type":"post","link":"https:\/\/blogdoeloiltoncajuhy.com.br\/site\/crianca-de-1-ano-morre-engasgada-com-tampinha-de-refrigerante-no-distrito-de-quice\/","title":{"rendered":"Crian\u00e7a de 1 ano morre engasgada com tampinha de refrigerante no distrito de Quic\u00e9"},"content":{"rendered":"\n<p class=\"has-medium-font-size\"><strong>Caso deixou a popula\u00e7\u00e3o de Quic\u00e9 abalada<\/strong><\/p>\n\n\n\n<p><strong>Por Blog do Eloilton Cajuhy \u2013 BEC<\/strong><\/p>\n\n\n\n<figure class=\"wp-block-image aligncenter size-full\"><a href=\"https:\/\/i0.wp.com\/blogdoeloiltoncajuhy.com.br\/site\/wp-content\/uploads\/2025\/09\/Entrada-de-Quice-Foto-Blog-do-Bamberg.png?ssl=1\"><img data-recalc-dims=\"1\" fetchpriority=\"high\" decoding=\"async\" width=\"594\" height=\"442\" src=\"https:\/\/i0.wp.com\/blogdoeloiltoncajuhy.com.br\/site\/wp-content\/uploads\/2025\/09\/Entrada-de-Quice-Foto-Blog-do-Bamberg.png?resize=594%2C442&#038;ssl=1\" alt=\"\" class=\"wp-image-90421\" srcset=\"https:\/\/i0.wp.com\/blogdoeloiltoncajuhy.com.br\/site\/wp-content\/uploads\/2025\/09\/Entrada-de-Quice-Foto-Blog-do-Bamberg.png?w=594&amp;ssl=1 594w, https:\/\/i0.wp.com\/blogdoeloiltoncajuhy.com.br\/site\/wp-content\/uploads\/2025\/09\/Entrada-de-Quice-Foto-Blog-do-Bamberg.png?resize=300%2C223&amp;ssl=1 300w\" sizes=\"(max-width: 594px) 100vw, 594px\" \/><\/a><figcaption class=\"wp-element-caption\"><sub>Crian\u00e7a morre engasgada com tampinha de refrigerante em Quic\u00e9 &#8211; Foto: Entrada do distrito \/ Blog do Bamberg<\/sub><\/figcaption><\/figure>\n\n\n\n<p>A morte de uma crian\u00e7a abalou o distrito de Quic\u00e9, interior de Senhor do Bonfim, na noite desta sexta-feira (26). De acordo com informa\u00e7\u00f5es do <strong>Blog do Netto Maravilha<\/strong>, o pequeno Cau\u00e3, que havia completado apenas um ano de vida no dia anterior, faleceu ap\u00f3s se engasgar com uma tampinha de refrigerante.<\/p>\n\n\n\n<p><strong><a href=\"https:\/\/whatsapp.com\/channel\/0029VaAT7tDLI8Yfj5y9Z50Z\"><strong><mark style=\"background-color:rgba(0, 0, 0, 0)\" class=\"has-inline-color has-vivid-red-color\">>> Clique aqui e entre no canal do BEC no WhatsApp<\/mark><\/strong><\/a><\/strong><\/p>\n\n\n\n<p>Segundo o Blog, no momento do acidente a m\u00e3e da crian\u00e7a estava no banheiro. Nesse curto intervalo, Cau\u00e3 colocou a tampinha na boca, causando asfixia. Ao perceber a situa\u00e7\u00e3o, a m\u00e3e, desesperada, pediu ajuda a vizinhos, que tentaram realizar manobras de desobstru\u00e7\u00e3o.<\/p>\n\n\n\n<p>O Servi\u00e7o de Atendimento M\u00f3vel de Urg\u00eancia (SAMU) foi acionado e rapidamente chegou ao local. A equipe m\u00e9dica conseguiu remover o objeto da garganta do menino, mas ele j\u00e1 estava inconsciente. Cau\u00e3 ainda foi socorrido para a UPA 24h de Senhor do Bonfim, por\u00e9m n\u00e3o resistiu.<\/p>\n\n\n\n<p>A morte precoce de Cau\u00e3 causou profunda como\u00e7\u00e3o n\u00e3o s\u00f3 entre os moradores do distrito de Quic\u00e9, mas em toda a cidade de Senhor do Bonfim.<\/p>\n","protected":false},"excerpt":{"rendered":"<p>Caso deixou a popula\u00e7\u00e3o de Quic\u00e9 abalada Por Blog do Eloilton Cajuhy \u2013 BEC A morte de uma crian\u00e7a abalou o distrito de Quic\u00e9, interior de Senhor do Bonfim, na noite desta sexta-feira (26). De acordo com informa\u00e7\u00f5es do Blog do Netto Maravilha, o pequeno Cau\u00e3, que havia completado apenas um ano de vida no [&hellip;]<\/p>\n","protected":false},"author":2,"featured_media":90421,"comment_status":"open","ping_status":"open","sticky":false,"template":"","format":"standard","meta":{"_acf_changed":false,"_monsterinsights_skip_tracking":false,"_monsterinsights_sitenote_active":false,"_monsterinsights_sitenote_note":"","_monsterinsights_sitenote_category":0,"_jetpack_memberships_contains_paid_content":false,"footnotes":"","jetpack_publicize_message":"","jetpack_publicize_feature_enabled":true,"jetpack_social_post_already_shared":true,"jetpack_social_options":{"image_generator_settings":{"template":"highway","default_image_id":0,"font":"","enabled":false},"version":2}},"categories":[4],"tags":[],"class_list":["post-90420","post","type-post","status-publish","format-standard","has-post-thumbnail","hentry","category-local"],"acf":[],"jetpack_publicize_connections":[],"jetpack_featured_media_url":"https:\/\/i0.wp.com\/blogdoeloiltoncajuhy.com.br\/site\/wp-content\/uploads\/2025\/09\/Entrada-de-Quice-Foto-Blog-do-Bamberg.png?fit=594%2C442&ssl=1","jetpack_sharing_enabled":true,"publishpress_future_workflow_manual_trigger":{"enabledWorkflows":[]},"_links":{"self":[{"href":"https:\/\/blogdoeloiltoncajuhy.com.br\/site\/wp-json\/wp\/v2\/posts\/90420","targetHints":{"allow":["GET"]}}],"collection":[{"href":"https:\/\/blogdoeloiltoncajuhy.com.br\/site\/wp-json\/wp\/v2\/posts"}],"about":[{"href":"https:\/\/blogdoeloiltoncajuhy.com.br\/site\/wp-json\/wp\/v2\/types\/post"}],"author":[{"embeddable":true,"href":"https:\/\/blogdoeloiltoncajuhy.com.br\/site\/wp-json\/wp\/v2\/users\/2"}],"replies":[{"embeddable":true,"href":"https:\/\/blogdoeloiltoncajuhy.com.br\/site\/wp-json\/wp\/v2\/comments?post=90420"}],"version-history":[{"count":1,"href":"https:\/\/blogdoeloiltoncajuhy.com.br\/site\/wp-json\/wp\/v2\/posts\/90420\/revisions"}],"predecessor-version":[{"id":90422,"href":"https:\/\/blogdoeloiltoncajuhy.com.br\/site\/wp-json\/wp\/v2\/posts\/90420\/revisions\/90422"}],"wp:featuredmedia":[{"embeddable":true,"href":"https:\/\/blogdoeloiltoncajuhy.com.br\/site\/wp-json\/wp\/v2\/media\/90421"}],"wp:attachment":[{"href":"https:\/\/blogdoeloiltoncajuhy.com.br\/site\/wp-json\/wp\/v2\/media?parent=90420"}],"wp:term":[{"taxonomy":"category","embeddable":true,"href":"https:\/\/blogdoeloiltoncajuhy.com.br\/site\/wp-json\/wp\/v2\/categories?post=90420"},{"taxonomy":"post_tag","embeddable":true,"href":"https:\/\/blogdoeloiltoncajuhy.com.br\/site\/wp-json\/wp\/v2\/tags?post=90420"}],"curies":[{"name":"wp","href":"https:\/\/api.w.org\/{rel}","templated":true}]}}