{"id":90414,"date":"2025-09-27T09:28:01","date_gmt":"2025-09-27T12:28:01","guid":{"rendered":"https:\/\/blogdoeloiltoncajuhy.com.br\/site\/?p=90414"},"modified":"2025-09-27T09:28:03","modified_gmt":"2025-09-27T12:28:03","slug":"aposentados-do-inss-vao-receber-r-25-bilhoes-em-atrasados-da-justica","status":"publish","type":"post","link":"https:\/\/blogdoeloiltoncajuhy.com.br\/site\/aposentados-do-inss-vao-receber-r-25-bilhoes-em-atrasados-da-justica\/","title":{"rendered":"Aposentados do INSS v\u00e3o receber R$ 2,5 bilh\u00f5es em atrasados da Justi\u00e7a"},"content":{"rendered":"\n<p class=\"has-medium-font-size\"><strong>Valores s\u00e3o liberados a quem processou a Previd\u00eancia e ganhou a a\u00e7\u00e3o sem possibilidade de recurso. Dinheiro cai na conta conforme cronograma do TRF respons\u00e1vel pelo caso<\/strong><\/p>\n\n\n\n<p><strong>Por Cristiane Gercina\/Folha de S.Paulo<\/strong><\/p>\n\n\n\n<figure class=\"wp-block-image aligncenter size-large is-resized\"><a href=\"https:\/\/i0.wp.com\/blogdoeloiltoncajuhy.com.br\/site\/wp-content\/uploads\/2022\/10\/INSS-SeguradosPrevidenciaSocial.jpg\"><img data-recalc-dims=\"1\" fetchpriority=\"high\" decoding=\"async\" width=\"800\" height=\"600\" src=\"https:\/\/i0.wp.com\/blogdoeloiltoncajuhy.com.br\/site\/wp-content\/uploads\/2022\/10\/INSS-SeguradosPrevidenciaSocial.jpg?resize=800%2C600\" alt=\"\" class=\"wp-image-69689\" style=\"width:651px;height:auto\" srcset=\"https:\/\/i0.wp.com\/blogdoeloiltoncajuhy.com.br\/site\/wp-content\/uploads\/2022\/10\/INSS-SeguradosPrevidenciaSocial.jpg?resize=1024%2C768&amp;ssl=1 1024w, https:\/\/i0.wp.com\/blogdoeloiltoncajuhy.com.br\/site\/wp-content\/uploads\/2022\/10\/INSS-SeguradosPrevidenciaSocial.jpg?resize=300%2C225&amp;ssl=1 300w, https:\/\/i0.wp.com\/blogdoeloiltoncajuhy.com.br\/site\/wp-content\/uploads\/2022\/10\/INSS-SeguradosPrevidenciaSocial.jpg?resize=768%2C576&amp;ssl=1 768w, https:\/\/i0.wp.com\/blogdoeloiltoncajuhy.com.br\/site\/wp-content\/uploads\/2022\/10\/INSS-SeguradosPrevidenciaSocial.jpg?w=1200&amp;ssl=1 1200w\" sizes=\"(max-width: 800px) 100vw, 800px\" \/><\/a><figcaption class=\"wp-element-caption\"><sub>Foto: Reprodu\u00e7\u00e3o<\/sub><\/figcaption><\/figure>\n\n\n\n<p>A Justi\u00e7a Federal liberou R$ 2,5 bilh\u00f5es para pagar atrasados a 157,6 mil aposentados e pensionistas do Instituto Nacional do Seguro Social (INSS) que derrotaram o \u00f3rg\u00e3o em 116 mil a\u00e7\u00f5es judiciais.<\/p>\n\n\n\n<p>Atrasados s\u00e3o valores retroativos que o segurado tem direito de receber ao provar erro do INSS. Eles podem ser referentes a diferen\u00e7as de valor entre aposentadorias, pens\u00f5es e outros benef\u00edcios previdenci\u00e1rios ou assistenciais calculados de forma errada.<\/p>\n\n\n\n<p>Os valores s\u00e3o pagos por RPV (Requisi\u00e7\u00e3o de Pequeno Valor), de at\u00e9 60 sal\u00e1rios m\u00ednimos.<\/p>\n\n\n\n<p><strong><a href=\"https:\/\/whatsapp.com\/channel\/0029VaAT7tDLI8Yfj5y9Z50Z\"><strong><mark style=\"background-color:rgba(0, 0, 0, 0)\" class=\"has-inline-color has-vivid-red-color\">>> Clique aqui e entre no canal do BEC no WhatsApp<\/mark><\/strong><\/a><\/strong><\/p>\n\n\n\n<p>Para receber, \u00e9 preciso que a a\u00e7\u00e3o judicial tenha chegado totalmente ao final e que a data da ordem de pagamento do juiz seja algum dia do m\u00eas de agosto.<\/p>\n\n\n\n<p>O total a ser depositado pode ser encontrado no campo &#8220;Valor inscrito na proposta&#8221;. Quando o dinheiro \u00e9 pago, o status da consulta mostrar\u00e1 &#8220;Pago total ao ju\u00edzo&#8221;.<\/p>\n\n\n\n<p>O dinheiro \u00e9 liberado pelo CJF ao Tribunal Regional Federal (TRF) respons\u00e1vel pelo processo na regi\u00e3o do segurado. A data de pagamento depende de cronograma do TRF.<\/p>\n\n\n\n<p>Em geral, os tribunais levam cerca de uma semana para fazer o chamado processamento, etapa na qual s\u00e3o abertas contas em nome do segurado ou de seu advogado no Banco do Brasil ou na Caixa Econ\u00f4mica Federal.<\/p>\n\n\n\n<p>Para verificar se tem direito aos valores e se eles j\u00e1 foram liberados, os benefici\u00e1rios ou seus advogados devem fazer uma consulta no site do TRF de sua regi\u00e3o.<\/p>\n\n\n\n<p>O montante liberado pela Justi\u00e7a \u00e9 maior, de R$ 2,9 milh\u00f5es, envolve outras a\u00e7\u00f5es, como indeniza\u00e7\u00f5es salariais a servidores, por exemplo. O dinheiro ser\u00e1 destinado a 247,8 mil benefici\u00e1rios que venceram 194,3 mil processos.<\/p>\n\n\n\n<p class=\"has-black-color has-text-color has-link-color has-medium-font-size wp-elements-39a51fe57dac89bafc3bb95c2ec40585\"><strong>Como sei em quando vou receber?<\/strong><\/p>\n\n\n\n<p>A data de pagamento dos atrasados depende de quando o juiz mandou o INSS quitar a d\u00edvida e de quando a a\u00e7\u00e3o chegou totalmente ao final. Os atrasados de at\u00e9 60 sal\u00e1rios m\u00ednimos, chamados de RPVs, s\u00e3o quitados em at\u00e9 dois meses ap\u00f3s a ordem de pagamento do juiz.<\/p>\n\n\n\n<p>Valores maiores viram precat\u00f3rios, que s\u00e3o pagos apenas uma vez por ano. O pagamento da RPV \u00e9 feito ap\u00f3s uma etapa chamada de processamento, em que s\u00e3o abertas contas em nome do segurado ou de seu advogado no Banco do Brasil ou na Caixa Econ\u00f4mica Federal.<\/p>\n\n\n\n<p class=\"has-black-color has-text-color has-link-color has-medium-font-size wp-elements-c37a844052c05a3f9f4946d633185976\"><strong>Veja quanto ser\u00e1 pago em cada regi\u00e3o do pa\u00eds<\/strong><\/p>\n\n\n\n<p class=\"has-black-color has-text-color has-link-color wp-elements-305e887a8c0e4622b829a3dc86db303d\"><strong>TRF da 1\u00aa Regi\u00e3o (sede no DF, com jurisdi\u00e7\u00e3o: DF, GO, TO, MT, BA, PI, MA, PA, AM, AC, RR, RO e AP)<\/strong><\/p>\n\n\n\n<ul class=\"wp-block-list\">\n<li>Geral: R$ 878.146.861,89<\/li>\n\n\n\n<li>Previdenci\u00e1rias\/assistenciais: R$ 753.449.675,88 \u2013 36.268 processos, com 43.233 benefici\u00e1rias (os)<\/li>\n<\/ul>\n\n\n\n<p><\/p>\n\n\n\n<p class=\"has-black-color has-text-color has-link-color wp-elements-bfc5fa2686eda8fb4a1036972725327d\"><strong>TRF da 2\u00aa Regi\u00e3o (sede no RJ, com jurisdi\u00e7\u00e3o: RJ e ES)<\/strong><\/p>\n\n\n\n<ul class=\"wp-block-list\">\n<li>Geral: R$ 229.412.406,56<\/li>\n\n\n\n<li>Previdenci\u00e1rias\/assistenciais: R$ 169.019.388,81 \u2013 7.120 processos, com 10.157 benefici\u00e1rias (os)<\/li>\n<\/ul>\n\n\n\n<p><\/p>\n\n\n\n<p class=\"has-black-color has-text-color has-link-color wp-elements-e0cee36aa7738ee52ff9b94be553834d\"><strong>TRF da 3\u00aa Regi\u00e3o (sede em SP, com jurisdi\u00e7\u00e3o: SP e MS)<\/strong><\/p>\n\n\n\n<ul class=\"wp-block-list\">\n<li>Geral: R$ 402.281.857,72<\/li>\n\n\n\n<li>Previdenci\u00e1rias\/assistenciais: R$ 330.483.036,12 \u2013 10.924 processos, com 14.028 benefici\u00e1rias (os)<\/li>\n<\/ul>\n\n\n\n<p><\/p>\n\n\n\n<p class=\"has-black-color has-text-color has-link-color wp-elements-1b6ec68c664c72e6163c431c9ea790a3\"><strong>TRF da 4\u00aa Regi\u00e3o (sede no RS, com jurisdi\u00e7\u00e3o: RS, PR e SC)<\/strong><\/p>\n\n\n\n<ul class=\"wp-block-list\">\n<li>Geral: R$ 601.140.843,08<\/li>\n\n\n\n<li>Previdenci\u00e1rias\/assistenciais: R$ 525.549.518,26 \u2013 28.542 processos, com 40.816 benefici\u00e1rias (os)<\/li>\n<\/ul>\n\n\n\n<p><\/p>\n\n\n\n<p class=\"has-black-color has-text-color has-link-color wp-elements-da5befae0053e2a7cccee55869190c68\"><strong>TRF da 5\u00aa Regi\u00e3o (sede em PE, com jurisdi\u00e7\u00e3o: PE, CE, AL, SE, RN e PB)<\/strong><\/p>\n\n\n\n<ul class=\"wp-block-list\">\n<li>Geral: R$ 515.188.062,01<\/li>\n\n\n\n<li>Previdenci\u00e1rias\/assistenciais: R$ 439.662.254,73 \u2013 21.120 processos, com 35.034 benefici\u00e1rias (os)<\/li>\n<\/ul>\n\n\n\n<p><\/p>\n\n\n\n<p class=\"has-black-color has-text-color has-link-color wp-elements-ecb49bf307d881f58ba85324492c60ae\"><strong>TRF da 6\u00aa Regi\u00e3o (sede em MG, com jurisdi\u00e7\u00e3o: MG)<\/strong><\/p>\n\n\n\n<ul class=\"wp-block-list\">\n<li>Geral: R$ 246.003.520,51<\/li>\n\n\n\n<li>Previdenci\u00e1rias\/Assistenciais: R$ 223.713.392,95 \u2013 12.024 processos, com 14.359 benefici\u00e1rias (os)<\/li>\n<\/ul>\n","protected":false},"excerpt":{"rendered":"<p>Valores s\u00e3o liberados a quem processou a Previd\u00eancia e ganhou a a\u00e7\u00e3o sem possibilidade de recurso. Dinheiro cai na conta conforme cronograma do TRF respons\u00e1vel pelo caso Por Cristiane Gercina\/Folha de S.Paulo A Justi\u00e7a Federal liberou R$ 2,5 bilh\u00f5es para pagar atrasados a 157,6 mil aposentados e pensionistas do Instituto Nacional do Seguro Social (INSS) [&hellip;]<\/p>\n","protected":false},"author":2,"featured_media":60592,"comment_status":"open","ping_status":"open","sticky":false,"template":"","format":"standard","meta":{"_acf_changed":false,"_monsterinsights_skip_tracking":false,"_monsterinsights_sitenote_active":false,"_monsterinsights_sitenote_note":"","_monsterinsights_sitenote_category":0,"_jetpack_memberships_contains_paid_content":false,"footnotes":"","jetpack_publicize_message":"","jetpack_publicize_feature_enabled":true,"jetpack_social_post_already_shared":true,"jetpack_social_options":{"image_generator_settings":{"template":"highway","default_image_id":0,"font":"","enabled":false},"version":2}},"categories":[31],"tags":[],"class_list":["post-90414","post","type-post","status-publish","format-standard","has-post-thumbnail","hentry","category-economia"],"acf":[],"jetpack_publicize_connections":[],"jetpack_featured_media_url":"https:\/\/i0.wp.com\/blogdoeloiltoncajuhy.com.br\/site\/wp-content\/uploads\/2021\/11\/INSS-01112021.jpg?fit=1200%2C750&ssl=1","jetpack_sharing_enabled":true,"publishpress_future_workflow_manual_trigger":{"enabledWorkflows":[]},"_links":{"self":[{"href":"https:\/\/blogdoeloiltoncajuhy.com.br\/site\/wp-json\/wp\/v2\/posts\/90414","targetHints":{"allow":["GET"]}}],"collection":[{"href":"https:\/\/blogdoeloiltoncajuhy.com.br\/site\/wp-json\/wp\/v2\/posts"}],"about":[{"href":"https:\/\/blogdoeloiltoncajuhy.com.br\/site\/wp-json\/wp\/v2\/types\/post"}],"author":[{"embeddable":true,"href":"https:\/\/blogdoeloiltoncajuhy.com.br\/site\/wp-json\/wp\/v2\/users\/2"}],"replies":[{"embeddable":true,"href":"https:\/\/blogdoeloiltoncajuhy.com.br\/site\/wp-json\/wp\/v2\/comments?post=90414"}],"version-history":[{"count":1,"href":"https:\/\/blogdoeloiltoncajuhy.com.br\/site\/wp-json\/wp\/v2\/posts\/90414\/revisions"}],"predecessor-version":[{"id":90415,"href":"https:\/\/blogdoeloiltoncajuhy.com.br\/site\/wp-json\/wp\/v2\/posts\/90414\/revisions\/90415"}],"wp:featuredmedia":[{"embeddable":true,"href":"https:\/\/blogdoeloiltoncajuhy.com.br\/site\/wp-json\/wp\/v2\/media\/60592"}],"wp:attachment":[{"href":"https:\/\/blogdoeloiltoncajuhy.com.br\/site\/wp-json\/wp\/v2\/media?parent=90414"}],"wp:term":[{"taxonomy":"category","embeddable":true,"href":"https:\/\/blogdoeloiltoncajuhy.com.br\/site\/wp-json\/wp\/v2\/categories?post=90414"},{"taxonomy":"post_tag","embeddable":true,"href":"https:\/\/blogdoeloiltoncajuhy.com.br\/site\/wp-json\/wp\/v2\/tags?post=90414"}],"curies":[{"name":"wp","href":"https:\/\/api.w.org\/{rel}","templated":true}]}}