{"id":90355,"date":"2025-09-24T17:01:19","date_gmt":"2025-09-24T20:01:19","guid":{"rendered":"https:\/\/blogdoeloiltoncajuhy.com.br\/site\/?p=90355"},"modified":"2025-09-24T17:01:21","modified_gmt":"2025-09-24T20:01:21","slug":"alcolumbre-cita-o-regimento-e-arquiva-a-pec-da-blindagem-derrotada-por-unanimidade-da-ccj","status":"publish","type":"post","link":"https:\/\/blogdoeloiltoncajuhy.com.br\/site\/alcolumbre-cita-o-regimento-e-arquiva-a-pec-da-blindagem-derrotada-por-unanimidade-da-ccj\/","title":{"rendered":"Alcolumbre cita o regimento e arquiva a PEC da Blindagem, derrotada por unanimidade da CCJ"},"content":{"rendered":"\n<p class=\"has-medium-font-size\"><strong>Comiss\u00e3o de Constitui\u00e7\u00e3o e Justi\u00e7a (CCJ) do Senado rejeitou nesta quarta-feira (24) a Proposta de Emenda \u00e0 Constitui\u00e7\u00e3o (PEC) que amplia a prote\u00e7\u00e3o de parlamentares na Justi\u00e7a<\/strong><\/p>\n\n\n\n<p><strong>Por Sara Curcino, Elisa Clavery, TV Globo e GloboNews<\/strong> \u2014 Bras\u00edlia<\/p>\n\n\n\n<figure class=\"wp-block-image aligncenter size-full\"><a href=\"https:\/\/i0.wp.com\/blogdoeloiltoncajuhy.com.br\/site\/wp-content\/uploads\/2025\/09\/Davi-Alcolumbre-presidente-do-Senado-em-3-de-junho-de-2025-%E2%80%94-Foto-Reuters-Adriano-Machado.jpg?ssl=1\"><img data-recalc-dims=\"1\" fetchpriority=\"high\" decoding=\"async\" width=\"800\" height=\"533\" src=\"https:\/\/i0.wp.com\/blogdoeloiltoncajuhy.com.br\/site\/wp-content\/uploads\/2025\/09\/Davi-Alcolumbre-presidente-do-Senado-em-3-de-junho-de-2025-%E2%80%94-Foto-Reuters-Adriano-Machado.jpg?resize=800%2C533&#038;ssl=1\" alt=\"\" class=\"wp-image-90356\" srcset=\"https:\/\/i0.wp.com\/blogdoeloiltoncajuhy.com.br\/site\/wp-content\/uploads\/2025\/09\/Davi-Alcolumbre-presidente-do-Senado-em-3-de-junho-de-2025-%E2%80%94-Foto-Reuters-Adriano-Machado.jpg?w=984&amp;ssl=1 984w, https:\/\/i0.wp.com\/blogdoeloiltoncajuhy.com.br\/site\/wp-content\/uploads\/2025\/09\/Davi-Alcolumbre-presidente-do-Senado-em-3-de-junho-de-2025-%E2%80%94-Foto-Reuters-Adriano-Machado.jpg?resize=300%2C200&amp;ssl=1 300w, https:\/\/i0.wp.com\/blogdoeloiltoncajuhy.com.br\/site\/wp-content\/uploads\/2025\/09\/Davi-Alcolumbre-presidente-do-Senado-em-3-de-junho-de-2025-%E2%80%94-Foto-Reuters-Adriano-Machado.jpg?resize=768%2C512&amp;ssl=1 768w\" sizes=\"(max-width: 800px) 100vw, 800px\" \/><\/a><figcaption class=\"wp-element-caption\"><sub>Davi Alcolumbre, presidente do Senado, em 3 de junho de 2025 \u2014 Foto: Reuters\/Adriano Machado<\/sub><\/figcaption><\/figure>\n\n\n\n<p>O presidente do Senado Federal, Davi Alcolumbre (Uni\u00e3o-AP), arquivou nesta quarta-feira (24) a PEC da Blindagem, sem precisar de vota\u00e7\u00e3o no plen\u00e1rio.<\/p>\n\n\n\n<blockquote class=\"wp-block-quote is-layout-flow wp-block-quote-is-layout-flow\">\n<p><strong><mark style=\"background-color:rgba(0, 0, 0, 0)\" class=\"has-inline-color has-black-color\">&#8220;N\u00e3o h\u00e1 o que esclarecer. Assim, tendo em vista que CCJ aprovou, de forma un\u00e2nime, parecer concluindo pela inconstitucionalidade da PEC e no m\u00e9rito pela sua rejei\u00e7\u00e3o. Esta Presid\u00eancia determina seu arquivamento, sem delibera\u00e7\u00e3o de plen\u00e1rio&#8221;, disse o presidente.<\/mark><\/strong><\/p>\n<\/blockquote>\n\n\n\n<p>A Comiss\u00e3o de Constitui\u00e7\u00e3o e Justi\u00e7a (CCJ) do Senado rejeitou nesta quarta-feira (24) a Proposta de Emenda \u00e0 Constitui\u00e7\u00e3o (PEC) que amplia a prote\u00e7\u00e3o de parlamentares na Justi\u00e7a.<\/p>\n\n\n\n<p><strong><a href=\"https:\/\/whatsapp.com\/channel\/0029VaAT7tDLI8Yfj5y9Z50Z\"><strong><mark style=\"background-color:rgba(0, 0, 0, 0)\" class=\"has-inline-color has-vivid-red-color\">>> Clique aqui e entre no canal do BEC no WhatsApp<\/mark><\/strong><\/a><\/strong><\/p>\n\n\n\n<p>A decis\u00e3o do colegiado, tomada de forma un\u00e2nime, arquiva de forma definitiva a chamada PEC da Blindagem no Congresso Nacional, pelas regras do regimento interno do Senado.<\/p>\n\n\n\n<p class=\"has-black-color has-text-color has-link-color wp-elements-e0cf8dd56d729f7d5ef8b5cb7ad11a1e\"><em>Pelas regras internas do Senado, um recurso para levar a proposta \u00e0 discuss\u00e3o no plen\u00e1rio principal da Casa somente poderia ser apresentado se a vota\u00e7\u00e3o da CCJ n\u00e3o fosse un\u00e2nime.<\/em><\/p>\n\n\n\n<blockquote class=\"wp-block-quote is-layout-flow wp-block-quote-is-layout-flow\">\n<p><strong><mark style=\"background-color:rgba(0, 0, 0, 0)\" class=\"has-inline-color has-black-color\">&#8220;Cumprimos o que manda o regimento, sem atropelos, sem disse me disse, sem inven\u00e7\u00f5es. Senadores da CCJ conclu\u00edram com rapidez a vota\u00e7\u00e3o da mat\u00e9ria, com coragem, altivez e serenidade de enfrentar tema que tem mobilizado sociedade e parlamento. Isso \u00e9 o que nos cabe como legisladores&#8221;, disse Alcolumbre.<\/mark><\/strong><\/p>\n<\/blockquote>\n\n\n\n<ul class=\"wp-block-list\">\n<li>O presidente da CCJ, senador Otto Alencar (PSD-BA), afirmou que, apesar da regra, havia um acordo com o presidente do Senado, Davi Alcolumbre (Uni\u00e3o-AP), para que o texto fosse ao plen\u00e1rio da Casa. No in\u00edcio da tarde, por\u00e9m, Alencar afirmou ao g1 que conversou com Alcolumbre e a PEC ser\u00e1 arquivada.<\/li>\n<\/ul>\n\n\n\n<ul class=\"wp-block-list\">\n<li>Mais cedo, ao ser procurada, a assessoria de Alcolumbre j\u00e1 havia informado que a PEC n\u00e3o seria enviada ao plen\u00e1rio. E, caberia ao presidente do Senado, segundo assessores, apenas comunicar o seu arquivamento.<\/li>\n<\/ul>\n\n\n\n<p><\/p>\n\n\n\n<p>A PEC havia sido aprovada pela C\u00e2mara dos Deputados na semana passada. Ao longo dos \u00faltimos dias, o texto foi alvo de manifesta\u00e7\u00f5es populares e de press\u00f5es internas no Senado contr\u00e1rias ao avan\u00e7o da proposta.<\/p>\n\n\n\n<p>Diante da repercuss\u00e3o negativa, o presidente da CCJ adotou um ritmo acelerado e decidiu colocar a PEC em vota\u00e7\u00e3o apenas uma semana ap\u00f3s receber o texto.<\/p>\n","protected":false},"excerpt":{"rendered":"<p>Comiss\u00e3o de Constitui\u00e7\u00e3o e Justi\u00e7a (CCJ) do Senado rejeitou nesta quarta-feira (24) a Proposta de Emenda \u00e0 Constitui\u00e7\u00e3o (PEC) que amplia a prote\u00e7\u00e3o de parlamentares na Justi\u00e7a Por Sara Curcino, Elisa Clavery, TV Globo e GloboNews \u2014 Bras\u00edlia O presidente do Senado Federal, Davi Alcolumbre (Uni\u00e3o-AP), arquivou nesta quarta-feira (24) a PEC da Blindagem, sem [&hellip;]<\/p>\n","protected":false},"author":2,"featured_media":90356,"comment_status":"open","ping_status":"open","sticky":false,"template":"","format":"standard","meta":{"_acf_changed":false,"_monsterinsights_skip_tracking":false,"_monsterinsights_sitenote_active":false,"_monsterinsights_sitenote_note":"","_monsterinsights_sitenote_category":0,"_jetpack_memberships_contains_paid_content":false,"footnotes":"","jetpack_publicize_message":"","jetpack_publicize_feature_enabled":true,"jetpack_social_post_already_shared":true,"jetpack_social_options":{"image_generator_settings":{"template":"highway","default_image_id":0,"font":"","enabled":false},"version":2}},"categories":[3],"tags":[],"class_list":["post-90355","post","type-post","status-publish","format-standard","has-post-thumbnail","hentry","category-politica"],"acf":[],"jetpack_publicize_connections":[],"jetpack_featured_media_url":"https:\/\/i0.wp.com\/blogdoeloiltoncajuhy.com.br\/site\/wp-content\/uploads\/2025\/09\/Davi-Alcolumbre-presidente-do-Senado-em-3-de-junho-de-2025-%E2%80%94-Foto-Reuters-Adriano-Machado.jpg?fit=984%2C656&ssl=1","jetpack_sharing_enabled":true,"publishpress_future_workflow_manual_trigger":{"enabledWorkflows":[]},"_links":{"self":[{"href":"https:\/\/blogdoeloiltoncajuhy.com.br\/site\/wp-json\/wp\/v2\/posts\/90355","targetHints":{"allow":["GET"]}}],"collection":[{"href":"https:\/\/blogdoeloiltoncajuhy.com.br\/site\/wp-json\/wp\/v2\/posts"}],"about":[{"href":"https:\/\/blogdoeloiltoncajuhy.com.br\/site\/wp-json\/wp\/v2\/types\/post"}],"author":[{"embeddable":true,"href":"https:\/\/blogdoeloiltoncajuhy.com.br\/site\/wp-json\/wp\/v2\/users\/2"}],"replies":[{"embeddable":true,"href":"https:\/\/blogdoeloiltoncajuhy.com.br\/site\/wp-json\/wp\/v2\/comments?post=90355"}],"version-history":[{"count":1,"href":"https:\/\/blogdoeloiltoncajuhy.com.br\/site\/wp-json\/wp\/v2\/posts\/90355\/revisions"}],"predecessor-version":[{"id":90357,"href":"https:\/\/blogdoeloiltoncajuhy.com.br\/site\/wp-json\/wp\/v2\/posts\/90355\/revisions\/90357"}],"wp:featuredmedia":[{"embeddable":true,"href":"https:\/\/blogdoeloiltoncajuhy.com.br\/site\/wp-json\/wp\/v2\/media\/90356"}],"wp:attachment":[{"href":"https:\/\/blogdoeloiltoncajuhy.com.br\/site\/wp-json\/wp\/v2\/media?parent=90355"}],"wp:term":[{"taxonomy":"category","embeddable":true,"href":"https:\/\/blogdoeloiltoncajuhy.com.br\/site\/wp-json\/wp\/v2\/categories?post=90355"},{"taxonomy":"post_tag","embeddable":true,"href":"https:\/\/blogdoeloiltoncajuhy.com.br\/site\/wp-json\/wp\/v2\/tags?post=90355"}],"curies":[{"name":"wp","href":"https:\/\/api.w.org\/{rel}","templated":true}]}}