{"id":90344,"date":"2025-09-24T16:15:05","date_gmt":"2025-09-24T19:15:05","guid":{"rendered":"https:\/\/blogdoeloiltoncajuhy.com.br\/site\/?p=90344"},"modified":"2025-09-24T16:15:07","modified_gmt":"2025-09-24T19:15:07","slug":"pnae-garante-cerca-de-50-milhoes-de-refeicoes-saudaveis-por-dia-a-quase-40-milhoes-de-estudantes-da-rede-publica","status":"publish","type":"post","link":"https:\/\/blogdoeloiltoncajuhy.com.br\/site\/pnae-garante-cerca-de-50-milhoes-de-refeicoes-saudaveis-por-dia-a-quase-40-milhoes-de-estudantes-da-rede-publica\/","title":{"rendered":"PNAE garante cerca de 50 milh\u00f5es de refei\u00e7\u00f5es saud\u00e1veis por dia a quase 40 milh\u00f5es de estudantes da rede p\u00fablica"},"content":{"rendered":"\n<p class=\"has-medium-font-size\"><strong>Programa Nacional de Alimenta\u00e7\u00e3o Escolar atende todas as etapas da educa\u00e7\u00e3o b\u00e1sica p\u00fablica. Fortalecimento da pol\u00edtica estimula aprendizagem e rendimento escolar<\/strong><\/p>\n\n\n\n<p><strong>Blog do Eloilton Cajuhy \u2013 BEC<\/strong><\/p>\n\n\n\n<figure class=\"wp-block-image aligncenter size-full\"><a href=\"https:\/\/i0.wp.com\/blogdoeloiltoncajuhy.com.br\/site\/wp-content\/uploads\/2025\/09\/GOVFED_PNAE_Foto-Agencia-Brasil.jpg?ssl=1\"><img data-recalc-dims=\"1\" fetchpriority=\"high\" decoding=\"async\" width=\"768\" height=\"512\" src=\"https:\/\/i0.wp.com\/blogdoeloiltoncajuhy.com.br\/site\/wp-content\/uploads\/2025\/09\/GOVFED_PNAE_Foto-Agencia-Brasil.jpg?resize=768%2C512&#038;ssl=1\" alt=\"\" class=\"wp-image-90345\" srcset=\"https:\/\/i0.wp.com\/blogdoeloiltoncajuhy.com.br\/site\/wp-content\/uploads\/2025\/09\/GOVFED_PNAE_Foto-Agencia-Brasil.jpg?w=768&amp;ssl=1 768w, https:\/\/i0.wp.com\/blogdoeloiltoncajuhy.com.br\/site\/wp-content\/uploads\/2025\/09\/GOVFED_PNAE_Foto-Agencia-Brasil.jpg?resize=300%2C200&amp;ssl=1 300w\" sizes=\"(max-width: 768px) 100vw, 768px\" \/><\/a><figcaption class=\"wp-element-caption\"><sub>Foto: Ag\u00eancia Brasil<\/sub><\/figcaption><\/figure>\n\n\n\n<p>A 2\u00aa C\u00fapula Global da Coaliz\u00e3o para Alimenta\u00e7\u00e3o Escolar, realizada entre 18 e 19 de setembro, em Fortaleza (CE), foi palco para apresenta\u00e7\u00e3o de um tema que \u00e9 uma das prioridades entre as pol\u00edticas p\u00fablicas e decis\u00f5es do Governo Lula no combate \u00e0 fome e melhoria da educa\u00e7\u00e3o no pa\u00eds: a alimenta\u00e7\u00e3o escolar.<\/p>\n\n\n\n<p>Em entrevista \u00e0 Voz do Brasil nesta ter\u00e7a, 23 de setembro, a presidente do Fundo Nacional de Desenvolvimento da Educa\u00e7\u00e3o (FNDE), Fernanda Pacobahyba, destacou a import\u00e2ncia da pol\u00edtica para unir nutri\u00e7\u00e3o e aprendizagem.<\/p>\n\n\n\n<blockquote class=\"wp-block-quote is-layout-flow wp-block-quote-is-layout-flow\">\n<p><strong><mark style=\"background-color:rgba(0, 0, 0, 0)\" class=\"has-inline-color has-black-color\">\u201cNossa meta na Coaliz\u00e3o Global \u00e9 garantir que 724 milh\u00f5es de crian\u00e7as at\u00e9 2030 tenham acesso a pelo menos uma refei\u00e7\u00e3o saud\u00e1vel e nutritiva de qualidade por dia&#8221;, destacou Fernanda, que avalia o Programa Nacional de Alimenta\u00e7\u00e3o Escolar (PNAE) como refer\u00eancia no cen\u00e1rio internacional<\/mark><\/strong><\/p>\n<\/blockquote>\n\n\n\n<p><strong><a href=\"https:\/\/whatsapp.com\/channel\/0029VaAT7tDLI8Yfj5y9Z50Z\"><strong><mark style=\"background-color:rgba(0, 0, 0, 0)\" class=\"has-inline-color has-vivid-red-color\">>> Clique aqui e entre no canal do BEC no WhatsApp<\/mark><\/strong><\/a><\/strong><\/p>\n\n\n\n<blockquote class=\"wp-block-quote is-layout-flow wp-block-quote-is-layout-flow\">\n<p><strong><mark style=\"background-color:rgba(0, 0, 0, 0)\" class=\"has-inline-color has-black-color\">&#8220;O nosso PNAE garante cerca de 50 milh\u00f5es de refei\u00e7\u00f5es saud\u00e1veis por dia a quase 40 milh\u00f5es de estudantes. Logicamente, n\u00e3o existe a possibilidade de educa\u00e7\u00e3o com a crian\u00e7a com fome e isso contribui para a aprendizagem, o crescimento e a forma\u00e7\u00e3o dos h\u00e1bitos alimentares dessas crian\u00e7as e jovens\u201d. Fernanda Pacobahyba, presidente do Fundo Nacional de Desenvolvimento da Educa\u00e7\u00e3o<\/mark><\/strong><\/p>\n<\/blockquote>\n\n\n\n<p>Ela acrescentou que a grande meta do governo \u00e9 &#8220;que o PNAE brasileiro continue a ser o maior programa do planeta, inspirando avan\u00e7os, n\u00e3o s\u00f3 aqui, mas no mundo como um todo&#8221;.<\/p>\n\n\n\n<p class=\"has-black-color has-text-color has-link-color has-medium-font-size wp-elements-71f17cfbf097f8656fd3e5f198e11636\"><strong>Relat\u00f3rio aponta avan\u00e7os<\/strong><\/p>\n\n\n\n<p>Durante a C\u00fapula Global foi apresentado o relat\u00f3rio \u201cO Estado da Alimenta\u00e7\u00e3o Escolar 2024\u201d, que indicou avan\u00e7os em rela\u00e7\u00e3o ao atendimento das crian\u00e7as no mundo, especialmente em pa\u00edses de baixa renda. \u201cFicamos felizes com a publica\u00e7\u00e3o do relat\u00f3rio, porque mostrou que hoje cerca de 466 milh\u00f5es de crian\u00e7as est\u00e3o recebendo refei\u00e7\u00f5es nas escolas. Isso, comparado a quatro anos, mostra um incremento de quase 80 milh\u00f5es de crian\u00e7as. E o melhor: quase 60% desse avan\u00e7o se deu em pa\u00edses de baixa renda, especialmente na \u00c1frica\u201d, comentou.<\/p>\n\n\n\n<p>Para ela, os dados demonstram como a alimenta\u00e7\u00e3o escolar est\u00e1 sendo reconhecida como ferramenta forte de pol\u00edtica p\u00fablica. \u201cO Brasil \u00e9 o l\u00edder desse movimento junto com Fran\u00e7a e Finl\u00e2ndia e tem todos os m\u00e9ritos nessa conquista\u201d, argumentou Fernanda.<\/p>\n\n\n\n<p class=\"has-black-color has-text-color has-link-color has-medium-font-size wp-elements-48b4cd7b764a93790d6ae4aa9519c9cd\"><strong>C\u00fapula<\/strong><\/p>\n\n\n\n<p>A c\u00fapula foi realizada pelo Governo do Brasil, por meio do Minist\u00e9rio da Educa\u00e7\u00e3o (MEC), em parceria com o Secretariado da Coaliz\u00e3o para a Alimenta\u00e7\u00e3o Escolar, sediado pelo Programa Mundial de Alimentos (PMA) da Organiza\u00e7\u00e3o das Na\u00e7\u00f5es Unidas (ONU). O evento, o maior encontro mundial dedicado \u00e0 alimenta\u00e7\u00e3o escolar, reuniu delega\u00e7\u00f5es de 80 pa\u00edses, com mais de 1.500 participantes. Entre os representantes do Governo do Brasil estiveram o ministro Camilo Santana (Educa\u00e7\u00e3o) e Geraldo Alckmin (vice-presidente e do Desenvolvimento, Ind\u00fastria, Com\u00e9rcio e Servi\u00e7os).<\/p>\n\n\n\n<p class=\"has-black-color has-text-color has-link-color has-medium-font-size wp-elements-125d23c18fe5018b7b830179648b3e15\"><strong>Como funciona<\/strong><\/p>\n\n\n\n<p>O FNDE repassa recursos financeiros do PNAE de forma autom\u00e1tica e em at\u00e9 10 parcelas anuais, entre fevereiro e novembro, para as secretarias estaduais de educa\u00e7\u00e3o e prefeituras. Para escolas federais, o FNDE realiza um destaque de cr\u00e9ditos or\u00e7ament\u00e1rios no in\u00edcio de cada exerc\u00edcio em uma parcela. Os valores variam conforme a etapa de ensino e a localiza\u00e7\u00e3o da escola. No m\u00ednimo 30% dos recursos devem ser usados na aquisi\u00e7\u00e3o de g\u00eaneros aliment\u00edcios diretamente da agricultura familiar.<\/p>\n","protected":false},"excerpt":{"rendered":"<p>Programa Nacional de Alimenta\u00e7\u00e3o Escolar atende todas as etapas da educa\u00e7\u00e3o b\u00e1sica p\u00fablica. Fortalecimento da pol\u00edtica estimula aprendizagem e rendimento escolar Blog do Eloilton Cajuhy \u2013 BEC A 2\u00aa C\u00fapula Global da Coaliz\u00e3o para Alimenta\u00e7\u00e3o Escolar, realizada entre 18 e 19 de setembro, em Fortaleza (CE), foi palco para apresenta\u00e7\u00e3o de um tema que \u00e9 [&hellip;]<\/p>\n","protected":false},"author":2,"featured_media":90345,"comment_status":"open","ping_status":"open","sticky":false,"template":"","format":"standard","meta":{"_acf_changed":false,"_monsterinsights_skip_tracking":false,"_monsterinsights_sitenote_active":false,"_monsterinsights_sitenote_note":"","_monsterinsights_sitenote_category":0,"_jetpack_memberships_contains_paid_content":false,"footnotes":"","jetpack_publicize_message":"","jetpack_publicize_feature_enabled":true,"jetpack_social_post_already_shared":false,"jetpack_social_options":{"image_generator_settings":{"template":"highway","default_image_id":0,"font":"","enabled":false},"version":2}},"categories":[14],"tags":[],"class_list":["post-90344","post","type-post","status-publish","format-standard","has-post-thumbnail","hentry","category-educacao"],"acf":[],"jetpack_publicize_connections":[],"jetpack_featured_media_url":"https:\/\/i0.wp.com\/blogdoeloiltoncajuhy.com.br\/site\/wp-content\/uploads\/2025\/09\/GOVFED_PNAE_Foto-Agencia-Brasil.jpg?fit=768%2C512&ssl=1","jetpack_sharing_enabled":true,"publishpress_future_workflow_manual_trigger":{"enabledWorkflows":[]},"_links":{"self":[{"href":"https:\/\/blogdoeloiltoncajuhy.com.br\/site\/wp-json\/wp\/v2\/posts\/90344","targetHints":{"allow":["GET"]}}],"collection":[{"href":"https:\/\/blogdoeloiltoncajuhy.com.br\/site\/wp-json\/wp\/v2\/posts"}],"about":[{"href":"https:\/\/blogdoeloiltoncajuhy.com.br\/site\/wp-json\/wp\/v2\/types\/post"}],"author":[{"embeddable":true,"href":"https:\/\/blogdoeloiltoncajuhy.com.br\/site\/wp-json\/wp\/v2\/users\/2"}],"replies":[{"embeddable":true,"href":"https:\/\/blogdoeloiltoncajuhy.com.br\/site\/wp-json\/wp\/v2\/comments?post=90344"}],"version-history":[{"count":1,"href":"https:\/\/blogdoeloiltoncajuhy.com.br\/site\/wp-json\/wp\/v2\/posts\/90344\/revisions"}],"predecessor-version":[{"id":90346,"href":"https:\/\/blogdoeloiltoncajuhy.com.br\/site\/wp-json\/wp\/v2\/posts\/90344\/revisions\/90346"}],"wp:featuredmedia":[{"embeddable":true,"href":"https:\/\/blogdoeloiltoncajuhy.com.br\/site\/wp-json\/wp\/v2\/media\/90345"}],"wp:attachment":[{"href":"https:\/\/blogdoeloiltoncajuhy.com.br\/site\/wp-json\/wp\/v2\/media?parent=90344"}],"wp:term":[{"taxonomy":"category","embeddable":true,"href":"https:\/\/blogdoeloiltoncajuhy.com.br\/site\/wp-json\/wp\/v2\/categories?post=90344"},{"taxonomy":"post_tag","embeddable":true,"href":"https:\/\/blogdoeloiltoncajuhy.com.br\/site\/wp-json\/wp\/v2\/tags?post=90344"}],"curies":[{"name":"wp","href":"https:\/\/api.w.org\/{rel}","templated":true}]}}