{"id":90334,"date":"2025-09-24T08:46:47","date_gmt":"2025-09-24T11:46:47","guid":{"rendered":"https:\/\/blogdoeloiltoncajuhy.com.br\/site\/?p=90334"},"modified":"2025-09-24T08:46:49","modified_gmt":"2025-09-24T11:46:49","slug":"abono-salarial-para-professores-nao-contemplados-por-precatorios-e-sancionado-repasse-total-e-de-r-17-bilhao","status":"publish","type":"post","link":"https:\/\/blogdoeloiltoncajuhy.com.br\/site\/abono-salarial-para-professores-nao-contemplados-por-precatorios-e-sancionado-repasse-total-e-de-r-17-bilhao\/","title":{"rendered":"Abono salarial para professores n\u00e3o contemplados por precat\u00f3rios \u00e9 sancionado; repasse total \u00e9 de R$ 1,7 bilh\u00e3o"},"content":{"rendered":"\n<p class=\"has-medium-font-size\"><strong>Ao todo, 87 mil profissionais da rede estadual ser\u00e3o beneficiados, entre trabalhadores com jornadas de 20h e 40h. Pagamento sair\u00e1 at\u00e9 10 de outubro<\/strong><\/p>\n\n\n\n<p><strong>Por g1 BA<\/strong><\/p>\n\n\n\n<figure class=\"wp-block-image aligncenter size-full is-resized\"><a href=\"https:\/\/i0.wp.com\/blogdoeloiltoncajuhy.com.br\/site\/wp-content\/uploads\/2025\/09\/Alba-aprova-abono-extraordinario-para-professores-da-BA-%E2%80%94-Foto-Reproducao-Redes-Sociais.jpg\"><img data-recalc-dims=\"1\" fetchpriority=\"high\" decoding=\"async\" width=\"800\" height=\"480\" src=\"https:\/\/i0.wp.com\/blogdoeloiltoncajuhy.com.br\/site\/wp-content\/uploads\/2025\/09\/Alba-aprova-abono-extraordinario-para-professores-da-BA-%E2%80%94-Foto-Reproducao-Redes-Sociais.jpg?resize=800%2C480\" alt=\"\" class=\"wp-image-90199\" style=\"width:600px;height:auto\" srcset=\"https:\/\/i0.wp.com\/blogdoeloiltoncajuhy.com.br\/site\/wp-content\/uploads\/2025\/09\/Alba-aprova-abono-extraordinario-para-professores-da-BA-%E2%80%94-Foto-Reproducao-Redes-Sociais.jpg?w=984&amp;ssl=1 984w, https:\/\/i0.wp.com\/blogdoeloiltoncajuhy.com.br\/site\/wp-content\/uploads\/2025\/09\/Alba-aprova-abono-extraordinario-para-professores-da-BA-%E2%80%94-Foto-Reproducao-Redes-Sociais.jpg?resize=300%2C180&amp;ssl=1 300w, https:\/\/i0.wp.com\/blogdoeloiltoncajuhy.com.br\/site\/wp-content\/uploads\/2025\/09\/Alba-aprova-abono-extraordinario-para-professores-da-BA-%E2%80%94-Foto-Reproducao-Redes-Sociais.jpg?resize=768%2C460&amp;ssl=1 768w\" sizes=\"(max-width: 800px) 100vw, 800px\" \/><\/a><figcaption class=\"wp-element-caption\"><sub>Foto: Reprodu\u00e7\u00e3o\/Redes Sociais<\/sub><\/figcaption><\/figure>\n\n\n\n<p>O projeto de lei que previa um abono salarial extraordin\u00e1rio para professores da rede estadual de educa\u00e7\u00e3o foi sancionado e publicado no Di\u00e1rio Oficial do Estado (DOE), nesta ter\u00e7a-feira (23).<\/p>\n\n\n\n<p>A medida, proposta pelo governador Jer\u00f4nimo Rodrigues (PT), beneficia os docentes que n\u00e3o seriam contemplados pelo pagamento da quarta parcela do precat\u00f3rio.<\/p>\n\n\n\n<p>Nesta fase, ser\u00e3o liberados cerca de 40% do montante previsto para 2025, o equivalente a aproximadamente R$ 1,74 bilh\u00e3o. Segundo a Secretaria da Educa\u00e7\u00e3o (Sec), os valores devem ser pagos at\u00e9 o dia 10 de outubro.<\/p>\n\n\n\n<p><strong><a href=\"https:\/\/whatsapp.com\/channel\/0029VaAT7tDLI8Yfj5y9Z50Z\"><strong><mark style=\"background-color:rgba(0, 0, 0, 0)\" class=\"has-inline-color has-vivid-red-color\">>> Clique aqui e entre no canal do BEC no WhatsApp<\/mark><\/strong><\/a><\/strong><\/p>\n\n\n\n<p>Segundo o governo, exclusivamente em 2025, o abono ser\u00e1 destinado:<\/p>\n\n\n\n<ul class=\"wp-block-list\">\n<li>aos servidores ativos, ocupantes de cargo p\u00fablico efetivo e cargo comissionado do quadro do magist\u00e9rio;<\/li>\n\n\n\n<li>e aos professores contratados pelo Regime Especial de Direito Administrativo (Reda), que se encontrem na folha de pagamento de agosto deste ano.<\/li>\n<\/ul>\n\n\n\n<p><\/p>\n\n\n\n<p>O abono extraordin\u00e1rio tamb\u00e9m ser\u00e1 destinado aos servidores inativos do quadro efetivo do Magist\u00e9rio P\u00fablico da Educa\u00e7\u00e3o B\u00e1sica que se encontrem na folha de pagamento de agosto.<\/p>\n\n\n\n<p>Os professores v\u00e3o receber 20% dos recursos oriundos de precat\u00f3rios judiciais referentes \u00e0 complementa\u00e7\u00e3o do Fundo de Manuten\u00e7\u00e3o e Desenvolvimento do Ensino Fundamental e de Valoriza\u00e7\u00e3o do Magist\u00e9rio (Fundef). Ao todo, 87 mil profissionais da rede estadual ser\u00e3o beneficiados, entre trabalhadores com jornadas de 20h e 40h.<\/p>\n","protected":false},"excerpt":{"rendered":"<p>Ao todo, 87 mil profissionais da rede estadual ser\u00e3o beneficiados, entre trabalhadores com jornadas de 20h e 40h. Pagamento sair\u00e1 at\u00e9 10 de outubro Por g1 BA O projeto de lei que previa um abono salarial extraordin\u00e1rio para professores da rede estadual de educa\u00e7\u00e3o foi sancionado e publicado no Di\u00e1rio Oficial do Estado (DOE), nesta [&hellip;]<\/p>\n","protected":false},"author":2,"featured_media":90199,"comment_status":"open","ping_status":"open","sticky":false,"template":"","format":"standard","meta":{"_acf_changed":false,"_monsterinsights_skip_tracking":false,"_monsterinsights_sitenote_active":false,"_monsterinsights_sitenote_note":"","_monsterinsights_sitenote_category":0,"_jetpack_memberships_contains_paid_content":false,"footnotes":"","jetpack_publicize_message":"","jetpack_publicize_feature_enabled":true,"jetpack_social_post_already_shared":true,"jetpack_social_options":{"image_generator_settings":{"template":"highway","default_image_id":0,"font":"","enabled":false},"version":2}},"categories":[14],"tags":[],"class_list":["post-90334","post","type-post","status-publish","format-standard","has-post-thumbnail","hentry","category-educacao"],"acf":[],"jetpack_publicize_connections":[],"jetpack_featured_media_url":"https:\/\/i0.wp.com\/blogdoeloiltoncajuhy.com.br\/site\/wp-content\/uploads\/2025\/09\/Alba-aprova-abono-extraordinario-para-professores-da-BA-%E2%80%94-Foto-Reproducao-Redes-Sociais.jpg?fit=984%2C590&ssl=1","jetpack_sharing_enabled":true,"publishpress_future_workflow_manual_trigger":{"enabledWorkflows":[]},"_links":{"self":[{"href":"https:\/\/blogdoeloiltoncajuhy.com.br\/site\/wp-json\/wp\/v2\/posts\/90334","targetHints":{"allow":["GET"]}}],"collection":[{"href":"https:\/\/blogdoeloiltoncajuhy.com.br\/site\/wp-json\/wp\/v2\/posts"}],"about":[{"href":"https:\/\/blogdoeloiltoncajuhy.com.br\/site\/wp-json\/wp\/v2\/types\/post"}],"author":[{"embeddable":true,"href":"https:\/\/blogdoeloiltoncajuhy.com.br\/site\/wp-json\/wp\/v2\/users\/2"}],"replies":[{"embeddable":true,"href":"https:\/\/blogdoeloiltoncajuhy.com.br\/site\/wp-json\/wp\/v2\/comments?post=90334"}],"version-history":[{"count":1,"href":"https:\/\/blogdoeloiltoncajuhy.com.br\/site\/wp-json\/wp\/v2\/posts\/90334\/revisions"}],"predecessor-version":[{"id":90335,"href":"https:\/\/blogdoeloiltoncajuhy.com.br\/site\/wp-json\/wp\/v2\/posts\/90334\/revisions\/90335"}],"wp:featuredmedia":[{"embeddable":true,"href":"https:\/\/blogdoeloiltoncajuhy.com.br\/site\/wp-json\/wp\/v2\/media\/90199"}],"wp:attachment":[{"href":"https:\/\/blogdoeloiltoncajuhy.com.br\/site\/wp-json\/wp\/v2\/media?parent=90334"}],"wp:term":[{"taxonomy":"category","embeddable":true,"href":"https:\/\/blogdoeloiltoncajuhy.com.br\/site\/wp-json\/wp\/v2\/categories?post=90334"},{"taxonomy":"post_tag","embeddable":true,"href":"https:\/\/blogdoeloiltoncajuhy.com.br\/site\/wp-json\/wp\/v2\/tags?post=90334"}],"curies":[{"name":"wp","href":"https:\/\/api.w.org\/{rel}","templated":true}]}}