{"id":90330,"date":"2025-09-24T00:10:00","date_gmt":"2025-09-24T03:10:00","guid":{"rendered":"https:\/\/blogdoeloiltoncajuhy.com.br\/site\/?p=90330"},"modified":"2025-09-23T21:02:03","modified_gmt":"2025-09-24T00:02:03","slug":"conselho-de-etica-da-camara-instaura-processo-contra-eduardo-bolsonaro","status":"publish","type":"post","link":"https:\/\/blogdoeloiltoncajuhy.com.br\/site\/conselho-de-etica-da-camara-instaura-processo-contra-eduardo-bolsonaro\/","title":{"rendered":"Conselho de \u00c9tica da C\u00e2mara instaura processo contra Eduardo Bolsonaro"},"content":{"rendered":"\n<p class=\"has-medium-font-size\"><strong>Colegiado tem 90 dias para avaliar o pedido<\/strong><\/p>\n\n\n\n<p><strong>Por Luciano Nascimento\/Ag\u00eancia Brasil<\/strong><\/p>\n\n\n\n<figure class=\"wp-block-image aligncenter size-full\"><a href=\"https:\/\/i0.wp.com\/blogdoeloiltoncajuhy.com.br\/site\/wp-content\/uploads\/2025\/09\/Camara-Conselho-de-Etica-Foto-Lula-Marques-Agencia-Brasil.png?ssl=1\"><img data-recalc-dims=\"1\" fetchpriority=\"high\" decoding=\"async\" width=\"740\" height=\"443\" src=\"https:\/\/i0.wp.com\/blogdoeloiltoncajuhy.com.br\/site\/wp-content\/uploads\/2025\/09\/Camara-Conselho-de-Etica-Foto-Lula-Marques-Agencia-Brasil.png?resize=740%2C443&#038;ssl=1\" alt=\"\" class=\"wp-image-90331\" srcset=\"https:\/\/i0.wp.com\/blogdoeloiltoncajuhy.com.br\/site\/wp-content\/uploads\/2025\/09\/Camara-Conselho-de-Etica-Foto-Lula-Marques-Agencia-Brasil.png?w=740&amp;ssl=1 740w, https:\/\/i0.wp.com\/blogdoeloiltoncajuhy.com.br\/site\/wp-content\/uploads\/2025\/09\/Camara-Conselho-de-Etica-Foto-Lula-Marques-Agencia-Brasil.png?resize=300%2C180&amp;ssl=1 300w\" sizes=\"(max-width: 740px) 100vw, 740px\" \/><\/a><figcaption class=\"wp-element-caption\"><sub>Foto: Lula Marques\/Ag\u00eancia Brasil<\/sub><\/figcaption><\/figure>\n\n\n\n<p>O Conselho de \u00c9tica da C\u00e2mara dos Deputados instaurou nesta ter\u00e7a-feira (23) um processo contra o deputado Eduardo Bolsonaro (PL-SP) por quebra de decoro parlamentar. A representa\u00e7\u00e3o, feita pelo PT, pede a perda do mandato. Segundo o partido, Eduardo Bolsonaro tem utilizado sua estadia nos Estados Unidos para se dedicar &#8220;de forma reiterada a difamar institui\u00e7\u00f5es do Estado brasileiro&#8221;.<\/p>\n\n\n\n<p>A decis\u00e3o foi comunicada pelo presidente do conselho, deputado Fabio Schiochet (Uni\u00e3o Brasil-SC). Agora, abre-se o prazo regimental de 90 dias para que o colegiado conclua a avalia\u00e7\u00e3o do pedido.<\/p>\n\n\n\n<p>Os deputados Duda Salabert (PDT-MG), Paulo Lemos (PSOL-AP) e Delegado Marcelo Freitas (Uni\u00e3o Brasil-MG) foram indicados por sorteio para relatar o caso. A decis\u00e3o, no entanto, sobre quem ficar\u00e1 com a relatoria deve ser tomada nos pr\u00f3ximos dias, pelo presidente da comiss\u00e3o.<\/p>\n\n\n\n<p><strong><a href=\"https:\/\/whatsapp.com\/channel\/0029VaAT7tDLI8Yfj5y9Z50Z\"><strong><mark style=\"background-color:rgba(0, 0, 0, 0)\" class=\"has-inline-color has-vivid-red-color\">&gt;&gt; Clique aqui e entre no canal do BEC no WhatsApp<\/mark><\/strong><\/a><\/strong><\/p>\n\n\n\n<p>Na representa\u00e7\u00e3o, o PT alega que Eduardo Bolsonaro tem atacado com \u201cespecial virul\u00eancia\u201d o Supremo Tribunal Federal e seus ministros, a quem tem publicamente chamado de \u201cmilicianos togados\u201d e \u201cditadores\u201d. O texto cita entrevista recente do deputado \u00e0 CNN Brasil, na qual declarou textualmente que \u201csem anistia para Jair Bolsonaro, n\u00e3o haver\u00e1 elei\u00e7\u00f5es em 2026\u201d.<\/p>\n\n\n\n<p>Na avalia\u00e7\u00e3o do PT, a conduta constitui grave amea\u00e7a \u00e0 ordem constitucional e \u00e0 realiza\u00e7\u00e3o do processo eleitoral, \u201cn\u00facleo duro da soberania popular\u201d.<\/p>\n\n\n\n<blockquote class=\"wp-block-quote is-layout-flow wp-block-quote-is-layout-flow\">\n<p><strong><mark style=\"background-color:rgba(0, 0, 0, 0)\" class=\"has-inline-color has-black-color\">&#8220;A imunidade parlamentar n\u00e3o \u00e9 um salvo-conduto para a pr\u00e1tica de atos atentat\u00f3rios \u00e0 ordem institucional, tampouco um manto protetor para discursos de incita\u00e7\u00e3o \u00e0 ruptura democr\u00e1tica&#8221;, afirma o PT na representa\u00e7\u00e3o.<\/mark><\/strong><\/p>\n<\/blockquote>\n\n\n\n<p>O documento cita ainda o fato de que a licen\u00e7a de 120 dias, solicitada pelo deputado em mar\u00e7o, j\u00e1 expirou no dia 20 de julho, \u201csem que o representado tenha retornado ao pa\u00eds ou requerido qualquer prorroga\u00e7\u00e3o, o que constitui evidente descumprimento das normas regimentais\u201d, de forma \u201cdeliberada, continuada e dolosa\u201d.<\/p>\n\n\n\n<p>\u201c\u00c9 dever do parlamentar zelar pela honra do mandato que exerce e cumprir rigorosamente os limites funcionais que o regulam. Sua perman\u00eancia no exterior, associada \u00e0 atua\u00e7\u00e3o p\u00fablica contra institui\u00e7\u00f5es nacionais, enquanto se furta \u00e0s obriga\u00e7\u00f5es regimentais m\u00ednimas de presen\u00e7a e delibera\u00e7\u00e3o, representa grave atentado ao decoro e \u00e0 integridade da representa\u00e7\u00e3o popular\u201d, diz a representa\u00e7\u00e3o.<\/p>\n\n\n\n<p>Tramitam no conselho outras tr\u00eas representa\u00e7\u00f5es contra Eduardo Bolsonaro, duas do PT e uma do PSOL.<\/p>\n\n\n\n<p>Fabio Schiochet informou que solicitou \u00e0 Mesa Diretora da Casa para apensar os tr\u00eas pedidos para tramitar em conjunto. A solicita\u00e7\u00e3o foi feita no dia 9 de setembro e n\u00e3o h\u00e1 prazo regimental para a resposta da Mesa.<\/p>\n\n\n\n<p>\u201cPedi para apensar porque, das quatro representa\u00e7\u00f5es, tr\u00eas s\u00e3o correlatas, ou seja, semelhantes. N\u00f3s n\u00e3o podemos ter um relator pedindo arquivamento, outro, porventura, a cassa\u00e7\u00e3o, e um terceiro, a suspens\u00e3o. N\u00e3o h\u00e1 prazo regulamentar para a Mesa devolver a apensa\u00e7\u00e3o ao Conselho de \u00c9tica. Mas acredito que nos pr\u00f3ximos dias ou at\u00e9 na semana que vem o presidente [da C\u00e2mara] Hugo [Motta] deve devolver o processo deferido ou indeferido\u201d, declarou.<\/p>\n\n\n\n<p class=\"has-black-color has-text-color has-link-color has-medium-font-size wp-elements-0c7dd95f65c1f17f982b5ad883b5d2bd\"><strong>Lideran\u00e7a<\/strong><\/p>\n\n\n\n<p>Na manh\u00e3 desta ter\u00e7a-feira, o presidente da C\u00e2mara dos Deputados, Hugo Motta (Republicanos-PB), negou o pedido de indica\u00e7\u00e3o de Eduardo Bolsonaro para o cargo de l\u00edder da minoria na Casa.<\/p>\n\n\n\n<p>A indica\u00e7\u00e3o foi feita pelo l\u00edder do PL, deputado S\u00f3stenes Cavalcante (PL-RJ), com o argumento de que um ato da Mesa Diretora, editado na gest\u00e3o de Eduardo Cunha (MDB-RJ), liberou l\u00edderes partid\u00e1rios de registrar presen\u00e7a em plen\u00e1rio. Eduardo Bolsonaro pediu licen\u00e7a do cargo em mar\u00e7o e viajou para os Estados Unidos, onde fixou resid\u00eancia.<\/p>\n\n\n\n<p>\u201cA decis\u00e3o foi estritamente t\u00e9cnica. Ouvimos o parecer da secretaria-geral da Mesa Diretora que decidiu n\u00e3o haver possibilidade do exerc\u00edcio de mandato parlamentar estando ausente do territ\u00f3rio nacional, n\u00e3o h\u00e1 nenhum precedente na Casa\u201d, explicou Motta durante entrevista antes da reuni\u00e3o de l\u00edderes, na tarde desta ter\u00e7a-feira.<\/p>\n","protected":false},"excerpt":{"rendered":"<p>Colegiado tem 90 dias para avaliar o pedido Por Luciano Nascimento\/Ag\u00eancia Brasil O Conselho de \u00c9tica da C\u00e2mara dos Deputados instaurou nesta ter\u00e7a-feira (23) um processo contra o deputado Eduardo Bolsonaro (PL-SP) por quebra de decoro parlamentar. A representa\u00e7\u00e3o, feita pelo PT, pede a perda do mandato. Segundo o partido, Eduardo Bolsonaro tem utilizado sua [&hellip;]<\/p>\n","protected":false},"author":2,"featured_media":90331,"comment_status":"open","ping_status":"open","sticky":false,"template":"","format":"standard","meta":{"_acf_changed":false,"_monsterinsights_skip_tracking":false,"_monsterinsights_sitenote_active":false,"_monsterinsights_sitenote_note":"","_monsterinsights_sitenote_category":0,"_jetpack_memberships_contains_paid_content":false,"footnotes":"","jetpack_publicize_message":"","jetpack_publicize_feature_enabled":true,"jetpack_social_post_already_shared":true,"jetpack_social_options":{"image_generator_settings":{"template":"highway","default_image_id":0,"font":"","enabled":false},"version":2}},"categories":[3],"tags":[],"class_list":["post-90330","post","type-post","status-publish","format-standard","has-post-thumbnail","hentry","category-politica"],"acf":[],"jetpack_publicize_connections":[],"jetpack_featured_media_url":"https:\/\/i0.wp.com\/blogdoeloiltoncajuhy.com.br\/site\/wp-content\/uploads\/2025\/09\/Camara-Conselho-de-Etica-Foto-Lula-Marques-Agencia-Brasil.png?fit=740%2C443&ssl=1","jetpack_sharing_enabled":true,"publishpress_future_workflow_manual_trigger":{"enabledWorkflows":[]},"_links":{"self":[{"href":"https:\/\/blogdoeloiltoncajuhy.com.br\/site\/wp-json\/wp\/v2\/posts\/90330","targetHints":{"allow":["GET"]}}],"collection":[{"href":"https:\/\/blogdoeloiltoncajuhy.com.br\/site\/wp-json\/wp\/v2\/posts"}],"about":[{"href":"https:\/\/blogdoeloiltoncajuhy.com.br\/site\/wp-json\/wp\/v2\/types\/post"}],"author":[{"embeddable":true,"href":"https:\/\/blogdoeloiltoncajuhy.com.br\/site\/wp-json\/wp\/v2\/users\/2"}],"replies":[{"embeddable":true,"href":"https:\/\/blogdoeloiltoncajuhy.com.br\/site\/wp-json\/wp\/v2\/comments?post=90330"}],"version-history":[{"count":2,"href":"https:\/\/blogdoeloiltoncajuhy.com.br\/site\/wp-json\/wp\/v2\/posts\/90330\/revisions"}],"predecessor-version":[{"id":90333,"href":"https:\/\/blogdoeloiltoncajuhy.com.br\/site\/wp-json\/wp\/v2\/posts\/90330\/revisions\/90333"}],"wp:featuredmedia":[{"embeddable":true,"href":"https:\/\/blogdoeloiltoncajuhy.com.br\/site\/wp-json\/wp\/v2\/media\/90331"}],"wp:attachment":[{"href":"https:\/\/blogdoeloiltoncajuhy.com.br\/site\/wp-json\/wp\/v2\/media?parent=90330"}],"wp:term":[{"taxonomy":"category","embeddable":true,"href":"https:\/\/blogdoeloiltoncajuhy.com.br\/site\/wp-json\/wp\/v2\/categories?post=90330"},{"taxonomy":"post_tag","embeddable":true,"href":"https:\/\/blogdoeloiltoncajuhy.com.br\/site\/wp-json\/wp\/v2\/tags?post=90330"}],"curies":[{"name":"wp","href":"https:\/\/api.w.org\/{rel}","templated":true}]}}