{"id":90119,"date":"2025-09-15T15:42:08","date_gmt":"2025-09-15T18:42:08","guid":{"rendered":"https:\/\/blogdoeloiltoncajuhy.com.br\/site\/?p=90119"},"modified":"2025-09-15T15:43:13","modified_gmt":"2025-09-15T18:43:13","slug":"nova-esperanca-contra-a-depressao-grave-entenda-como-age-a-quetamina","status":"publish","type":"post","link":"https:\/\/blogdoeloiltoncajuhy.com.br\/site\/nova-esperanca-contra-a-depressao-grave-entenda-como-age-a-quetamina\/","title":{"rendered":"Nova esperan\u00e7a contra a depress\u00e3o grave: entenda como age a quetamina"},"content":{"rendered":"\n<p class=\"has-medium-font-size\"><strong>Estudos mostram que a quetamina pode reduzir idea\u00e7\u00e3o suicida em at\u00e9 80% dos pacientes nas primeiras 24 horas ap\u00f3s aplica\u00e7\u00e3o<\/strong><\/p>\n\n\n\n<p><strong>Blog do Eloilton Cajuhy \u2013 BEC<\/strong><\/p>\n\n\n\n<figure class=\"wp-block-image aligncenter size-full\"><a href=\"https:\/\/i0.wp.com\/blogdoeloiltoncajuhy.com.br\/site\/wp-content\/uploads\/2025\/09\/Setembro-Amarelo_Depressao_Foto-Freepik.png?ssl=1\"><img data-recalc-dims=\"1\" fetchpriority=\"high\" decoding=\"async\" width=\"710\" height=\"416\" src=\"https:\/\/i0.wp.com\/blogdoeloiltoncajuhy.com.br\/site\/wp-content\/uploads\/2025\/09\/Setembro-Amarelo_Depressao_Foto-Freepik.png?resize=710%2C416&#038;ssl=1\" alt=\"\" class=\"wp-image-90120\" srcset=\"https:\/\/i0.wp.com\/blogdoeloiltoncajuhy.com.br\/site\/wp-content\/uploads\/2025\/09\/Setembro-Amarelo_Depressao_Foto-Freepik.png?w=710&amp;ssl=1 710w, https:\/\/i0.wp.com\/blogdoeloiltoncajuhy.com.br\/site\/wp-content\/uploads\/2025\/09\/Setembro-Amarelo_Depressao_Foto-Freepik.png?resize=300%2C176&amp;ssl=1 300w\" sizes=\"(max-width: 710px) 100vw, 710px\" \/><\/a><figcaption class=\"wp-element-caption\"><sub>Foto: Freepik<\/sub><\/figcaption><\/figure>\n\n\n\n<p>A <strong>campanha Setembro Amarelo<\/strong>, dedicada \u00e0 preven\u00e7\u00e3o do suic\u00eddio e \u00e0 valoriza\u00e7\u00e3o da vida, chama aten\u00e7\u00e3o para a depress\u00e3o, um dos transtornos mentais mais prevalentes e frequentemente associado ao risco de autoexterm\u00ednio. Anualmente, cerca de 332 milh\u00f5es de pessoas em todo o mundo sofrem de depress\u00e3o, o que representa aproximadamente 5,7% da popula\u00e7\u00e3o adulta global segundo dados da Organiza\u00e7\u00e3o Mundial da Sa\u00fade (OMS).<\/p>\n\n\n\n<p><strong>No Brasil, o Minist\u00e9rio da Sa\u00fade estima que 11,3% da popula\u00e7\u00e3o adulta recebeu diagn\u00f3stico m\u00e9dico do transtorno no \u00faltimo ano<\/strong>, com preval\u00eancia maior entre mulheres (14,7%) do que entre homens (7,3%). Esses n\u00fameros refor\u00e7am a import\u00e2ncia de reconhecer tempestivamente os sintomas, como tristeza persistente, perda de prazer, isolamento social, altera\u00e7\u00f5es no sono e apetite, e sentimento de desesperan\u00e7a, pois, quando n\u00e3o tratados, podem evoluir para quadros cr\u00edticos.<\/p>\n\n\n\n<p><strong><a href=\"https:\/\/whatsapp.com\/channel\/0029VaAT7tDLI8Yfj5y9Z50Z\" target=\"_blank\" rel=\"noreferrer noopener\"><mark style=\"background-color:rgba(0, 0, 0, 0)\" class=\"has-inline-color has-vivid-red-color\">>> Clique aqui e seja membro do canal do BEC no WhatsApp<\/mark><\/a><\/strong><\/p>\n\n\n\n<p>Nesse cen\u00e1rio, tratamentos inovadores t\u00eam se mostrado aliados importantes. Entre eles est\u00e1 a quetamina, medicamento que vem sendo estudado e aplicado em ambiente cl\u00ednico controlado para casos de depress\u00e3o grave e resistente, especialmente quando h\u00e1 risco de suic\u00eddio.<\/p>\n\n\n\n<p>Pesquisas, como a conduzida pela Universidade Columbia e publicada no American Journal of Psychiatry, revelam que a subst\u00e2ncia pode reduzir a idea\u00e7\u00e3o suicida em at\u00e9 80% dos pacientes nas primeiras 24 horas ap\u00f3s a aplica\u00e7\u00e3o.<\/p>\n\n\n\n<p>\u201cA quetamina possui um mecanismo de a\u00e7\u00e3o \u00fanico, diferente dos antidepressivos tradicionais, pois atua sobre o glutamato, neurotransmissor fundamental para o sistema nervoso central. Essa a\u00e7\u00e3o r\u00e1pida pode oferecer uma \u2018janela terap\u00eautica\u2019, permitindo que o paciente engaje melhor em psicoterapia e outras interven\u00e7\u00f5es\u201d, explica o psiquiatra Dr. Ricardo Sbalqueiro, do grupo ViV Sa\u00fade Mental e Emocional.<\/p>\n\n\n\n<p>Segundo o especialista, a indica\u00e7\u00e3o ocorre principalmente em dois contextos: depress\u00e3o grave com risco de suic\u00eddio e depress\u00e3o resistente ou refrat\u00e1ria, quando o paciente n\u00e3o responde a pelo menos dois antidepressivos de classes diferentes. A administra\u00e7\u00e3o pode ser feita por via intravenosa, subcut\u00e2nea ou intranasal, com protocolos que geralmente iniciam em duas sess\u00f5es semanais, ajustando a frequ\u00eancia ao longo do tempo.<\/p>\n\n\n\n<p>Os efeitos colaterais costumam ser passageiros e desaparecem no mesmo dia, e o risco de depend\u00eancia \u00e9 m\u00ednimo quando o uso \u00e9 feito em ambiente m\u00e9dico seguro. Antes do in\u00edcio do tratamento, \u00e9 realizada uma triagem cuidadosa para avaliar hist\u00f3rico, perfil cl\u00ednico e poss\u00edveis contraindica\u00e7\u00f5es.<\/p>\n\n\n\n<p>Para o Dr. Sbalqueiro, a campanha Setembro Amarelo \u00e9 uma oportunidade de ampliar o debate sobre acesso a tratamentos eficazes e, sobretudo, sobre a necessidade de buscar ajuda.<\/p>\n\n\n\n<p>\u201cA quetamina n\u00e3o \u00e9 uma cura milagrosa, mas \u00e9 uma ferramenta valiosa quando usada no contexto certo. O mais importante \u00e9 que pacientes e familiares reconhe\u00e7am os sinais da depress\u00e3o e saibam que existem recursos terap\u00eauticos capazes de oferecer al\u00edvio r\u00e1pido em situa\u00e7\u00f5es de alto risco\u201d, refor\u00e7a.<\/p>\n","protected":false},"excerpt":{"rendered":"<p>Estudos mostram que a quetamina pode reduzir idea\u00e7\u00e3o suicida em at\u00e9 80% dos pacientes nas primeiras 24 horas ap\u00f3s aplica\u00e7\u00e3o Blog do Eloilton Cajuhy \u2013 BEC A campanha Setembro Amarelo, dedicada \u00e0 preven\u00e7\u00e3o do suic\u00eddio e \u00e0 valoriza\u00e7\u00e3o da vida, chama aten\u00e7\u00e3o para a depress\u00e3o, um dos transtornos mentais mais prevalentes e frequentemente associado ao [&hellip;]<\/p>\n","protected":false},"author":2,"featured_media":76340,"comment_status":"open","ping_status":"open","sticky":false,"template":"","format":"standard","meta":{"_acf_changed":false,"_monsterinsights_skip_tracking":false,"_monsterinsights_sitenote_active":false,"_monsterinsights_sitenote_note":"","_monsterinsights_sitenote_category":0,"_jetpack_memberships_contains_paid_content":false,"footnotes":"","jetpack_publicize_message":"","jetpack_publicize_feature_enabled":true,"jetpack_social_post_already_shared":false,"jetpack_social_options":{"image_generator_settings":{"template":"highway","default_image_id":0,"font":"","enabled":false},"version":2}},"categories":[7],"tags":[],"class_list":["post-90119","post","type-post","status-publish","format-standard","has-post-thumbnail","hentry","category-saude"],"acf":[],"jetpack_publicize_connections":[],"jetpack_featured_media_url":"https:\/\/i0.wp.com\/blogdoeloiltoncajuhy.com.br\/site\/wp-content\/uploads\/2023\/09\/Setembro-Aamarelo-01-E.jpg?fit=800%2C450&ssl=1","jetpack_sharing_enabled":true,"publishpress_future_workflow_manual_trigger":{"enabledWorkflows":[]},"_links":{"self":[{"href":"https:\/\/blogdoeloiltoncajuhy.com.br\/site\/wp-json\/wp\/v2\/posts\/90119","targetHints":{"allow":["GET"]}}],"collection":[{"href":"https:\/\/blogdoeloiltoncajuhy.com.br\/site\/wp-json\/wp\/v2\/posts"}],"about":[{"href":"https:\/\/blogdoeloiltoncajuhy.com.br\/site\/wp-json\/wp\/v2\/types\/post"}],"author":[{"embeddable":true,"href":"https:\/\/blogdoeloiltoncajuhy.com.br\/site\/wp-json\/wp\/v2\/users\/2"}],"replies":[{"embeddable":true,"href":"https:\/\/blogdoeloiltoncajuhy.com.br\/site\/wp-json\/wp\/v2\/comments?post=90119"}],"version-history":[{"count":2,"href":"https:\/\/blogdoeloiltoncajuhy.com.br\/site\/wp-json\/wp\/v2\/posts\/90119\/revisions"}],"predecessor-version":[{"id":90122,"href":"https:\/\/blogdoeloiltoncajuhy.com.br\/site\/wp-json\/wp\/v2\/posts\/90119\/revisions\/90122"}],"wp:featuredmedia":[{"embeddable":true,"href":"https:\/\/blogdoeloiltoncajuhy.com.br\/site\/wp-json\/wp\/v2\/media\/76340"}],"wp:attachment":[{"href":"https:\/\/blogdoeloiltoncajuhy.com.br\/site\/wp-json\/wp\/v2\/media?parent=90119"}],"wp:term":[{"taxonomy":"category","embeddable":true,"href":"https:\/\/blogdoeloiltoncajuhy.com.br\/site\/wp-json\/wp\/v2\/categories?post=90119"},{"taxonomy":"post_tag","embeddable":true,"href":"https:\/\/blogdoeloiltoncajuhy.com.br\/site\/wp-json\/wp\/v2\/tags?post=90119"}],"curies":[{"name":"wp","href":"https:\/\/api.w.org\/{rel}","templated":true}]}}