{"id":90115,"date":"2025-09-15T15:24:35","date_gmt":"2025-09-15T18:24:35","guid":{"rendered":"https:\/\/blogdoeloiltoncajuhy.com.br\/site\/?p=90115"},"modified":"2025-09-15T15:24:37","modified_gmt":"2025-09-15T18:24:37","slug":"pcdob-de-ponto-novo-realiza-conferencia-municipal-e-reafirma-compromisso-com-a-luta-popular","status":"publish","type":"post","link":"https:\/\/blogdoeloiltoncajuhy.com.br\/site\/pcdob-de-ponto-novo-realiza-conferencia-municipal-e-reafirma-compromisso-com-a-luta-popular\/","title":{"rendered":"PCdoB de Ponto Novo realiza Confer\u00eancia Municipal e reafirma compromisso com a luta popular"},"content":{"rendered":"\n<p><strong>Blog do Eloilton Cajuhy \u2013 BEC<\/strong><\/p>\n\n\n\n<figure class=\"wp-block-image aligncenter size-full\"><a href=\"https:\/\/i0.wp.com\/blogdoeloiltoncajuhy.com.br\/site\/wp-content\/uploads\/2025\/09\/PCdoB-Ponto-Novo-02-2025-09-15.jpeg?ssl=1\"><img data-recalc-dims=\"1\" fetchpriority=\"high\" decoding=\"async\" width=\"760\" height=\"427\" src=\"https:\/\/i0.wp.com\/blogdoeloiltoncajuhy.com.br\/site\/wp-content\/uploads\/2025\/09\/PCdoB-Ponto-Novo-02-2025-09-15.jpeg?resize=760%2C427&#038;ssl=1\" alt=\"\" class=\"wp-image-90116\" srcset=\"https:\/\/i0.wp.com\/blogdoeloiltoncajuhy.com.br\/site\/wp-content\/uploads\/2025\/09\/PCdoB-Ponto-Novo-02-2025-09-15.jpeg?w=760&amp;ssl=1 760w, https:\/\/i0.wp.com\/blogdoeloiltoncajuhy.com.br\/site\/wp-content\/uploads\/2025\/09\/PCdoB-Ponto-Novo-02-2025-09-15.jpeg?resize=300%2C169&amp;ssl=1 300w\" sizes=\"(max-width: 760px) 100vw, 760px\" \/><\/a><figcaption class=\"wp-element-caption\"><sub>Divulga\u00e7\u00e3o<\/sub><\/figcaption><\/figure>\n\n\n\n<p>No \u00faltimo s\u00e1bado (13), o PCdoB de Ponto Novo realizou sua Confer\u00eancia Municipal com grande presen\u00e7a de filiados, simpatizantes e lideran\u00e7as pol\u00edticas e sociais. O encontro reafirmou o compromisso do Partido com a luta popular e o fortalecimento da democracia na Bahia e no Brasil.<\/p>\n\n\n\n<p>A plen\u00e1ria discutiu e aprovou os Projetos de Resolu\u00e7\u00e3o do Comit\u00ea Central, fez um balan\u00e7o das atividades locais, elegeu a nova dire\u00e7\u00e3o municipal e os delegados que representar\u00e3o Ponto Novo na Confer\u00eancia Estadual do PCdoB, que acontecer\u00e1 nos dias 26 e 27 de setembro em Salvador.<\/p>\n\n\n\n<p><strong><a href=\"https:\/\/whatsapp.com\/channel\/0029VaAT7tDLI8Yfj5y9Z50Z\" target=\"_blank\" rel=\"noreferrer noopener\"><mark style=\"background-color:rgba(0, 0, 0, 0)\" class=\"has-inline-color has-vivid-red-color\">>> Clique aqui e seja membro do canal do BEC no WhatsApp<\/mark><\/a><\/strong><\/p>\n\n\n\n<p>Entre os destaques da Confer\u00eancia, os pronunciamentos de Artur Paiva, reeleito presidente do Diret\u00f3rio Municipal, de H\u00e9lio Ferreira, vereador de Salvador e presidente do Sindicato dos Rodovi\u00e1rios, al\u00e9m dos vereadores N\u00eago da Melancia e Nel Maia.<\/p>\n\n\n\n<figure class=\"wp-block-image aligncenter size-full\"><a href=\"https:\/\/i0.wp.com\/blogdoeloiltoncajuhy.com.br\/site\/wp-content\/uploads\/2025\/09\/PCdoB-Ponto-Novo-01-2025-09-15.jpeg?ssl=1\"><img data-recalc-dims=\"1\" decoding=\"async\" width=\"760\" height=\"427\" src=\"https:\/\/i0.wp.com\/blogdoeloiltoncajuhy.com.br\/site\/wp-content\/uploads\/2025\/09\/PCdoB-Ponto-Novo-01-2025-09-15.jpeg?resize=760%2C427&#038;ssl=1\" alt=\"\" class=\"wp-image-90117\" srcset=\"https:\/\/i0.wp.com\/blogdoeloiltoncajuhy.com.br\/site\/wp-content\/uploads\/2025\/09\/PCdoB-Ponto-Novo-01-2025-09-15.jpeg?w=760&amp;ssl=1 760w, https:\/\/i0.wp.com\/blogdoeloiltoncajuhy.com.br\/site\/wp-content\/uploads\/2025\/09\/PCdoB-Ponto-Novo-01-2025-09-15.jpeg?resize=300%2C169&amp;ssl=1 300w\" sizes=\"(max-width: 760px) 100vw, 760px\" \/><\/a><figcaption class=\"wp-element-caption\"><sub>Divulga\u00e7\u00e3o<\/sub><\/figcaption><\/figure>\n\n\n\n<p>A plen\u00e1ria contou ainda com a contribui\u00e7\u00e3o de lideran\u00e7as como Jorge Gabriel, secret\u00e1rio de Finan\u00e7as do PCdoB, Corr\u00f3 de Barracas e Neg\u00e3o da Galinha, ex-candidatos a vereador, Miza do Esporte, ex-vereador de Filad\u00e9lfia, C\u00edcero, coordenador do MST, Gisele Batista, ativista do movimento, Jorge Ivan, futuro presidente do PCdoB de S\u00e3o Sebasti\u00e3o, e Louro do Pombo, presidente do PCdoB de Caldeir\u00e3o Grande.<\/p>\n\n\n\n<p>A Confer\u00eancia foi tamb\u00e9m um espa\u00e7o de defini\u00e7\u00e3o de perspectivas pol\u00edticas para o pr\u00f3ximo per\u00edodo. Em meio aos debates sobre os desafios de 2026, ganhou for\u00e7a a defesa do lan\u00e7amento de uma candidatura pr\u00f3pria do PCdoB \u00e0 disputa majorit\u00e1ria no munic\u00edpio.<\/p>\n\n\n\n<p>Nesse contexto, H\u00e9lio Ferreira colocou seu nome \u00e0 disposi\u00e7\u00e3o do Partido, gesto que foi recebido com entusiasmo e aplausos pela assembleia, sinalizando unidade e disposi\u00e7\u00e3o de luta para ampliar a presen\u00e7a do partido na pol\u00edtica local.<\/p>\n","protected":false},"excerpt":{"rendered":"<p>Blog do Eloilton Cajuhy \u2013 BEC No \u00faltimo s\u00e1bado (13), o PCdoB de Ponto Novo realizou sua Confer\u00eancia Municipal com grande presen\u00e7a de filiados, simpatizantes e lideran\u00e7as pol\u00edticas e sociais. O encontro reafirmou o compromisso do Partido com a luta popular e o fortalecimento da democracia na Bahia e no Brasil. A plen\u00e1ria discutiu e [&hellip;]<\/p>\n","protected":false},"author":2,"featured_media":90117,"comment_status":"open","ping_status":"open","sticky":false,"template":"","format":"standard","meta":{"_acf_changed":false,"_monsterinsights_skip_tracking":false,"_monsterinsights_sitenote_active":false,"_monsterinsights_sitenote_note":"","_monsterinsights_sitenote_category":0,"_jetpack_memberships_contains_paid_content":false,"footnotes":"","jetpack_publicize_message":"","jetpack_publicize_feature_enabled":true,"jetpack_social_post_already_shared":false,"jetpack_social_options":{"image_generator_settings":{"template":"highway","default_image_id":0,"font":"","enabled":false},"version":2}},"categories":[11],"tags":[],"class_list":["post-90115","post","type-post","status-publish","format-standard","has-post-thumbnail","hentry","category-regional"],"acf":[],"jetpack_publicize_connections":[],"jetpack_featured_media_url":"https:\/\/i0.wp.com\/blogdoeloiltoncajuhy.com.br\/site\/wp-content\/uploads\/2025\/09\/PCdoB-Ponto-Novo-01-2025-09-15.jpeg?fit=760%2C427&ssl=1","jetpack_sharing_enabled":true,"publishpress_future_workflow_manual_trigger":{"enabledWorkflows":[]},"_links":{"self":[{"href":"https:\/\/blogdoeloiltoncajuhy.com.br\/site\/wp-json\/wp\/v2\/posts\/90115","targetHints":{"allow":["GET"]}}],"collection":[{"href":"https:\/\/blogdoeloiltoncajuhy.com.br\/site\/wp-json\/wp\/v2\/posts"}],"about":[{"href":"https:\/\/blogdoeloiltoncajuhy.com.br\/site\/wp-json\/wp\/v2\/types\/post"}],"author":[{"embeddable":true,"href":"https:\/\/blogdoeloiltoncajuhy.com.br\/site\/wp-json\/wp\/v2\/users\/2"}],"replies":[{"embeddable":true,"href":"https:\/\/blogdoeloiltoncajuhy.com.br\/site\/wp-json\/wp\/v2\/comments?post=90115"}],"version-history":[{"count":1,"href":"https:\/\/blogdoeloiltoncajuhy.com.br\/site\/wp-json\/wp\/v2\/posts\/90115\/revisions"}],"predecessor-version":[{"id":90118,"href":"https:\/\/blogdoeloiltoncajuhy.com.br\/site\/wp-json\/wp\/v2\/posts\/90115\/revisions\/90118"}],"wp:featuredmedia":[{"embeddable":true,"href":"https:\/\/blogdoeloiltoncajuhy.com.br\/site\/wp-json\/wp\/v2\/media\/90117"}],"wp:attachment":[{"href":"https:\/\/blogdoeloiltoncajuhy.com.br\/site\/wp-json\/wp\/v2\/media?parent=90115"}],"wp:term":[{"taxonomy":"category","embeddable":true,"href":"https:\/\/blogdoeloiltoncajuhy.com.br\/site\/wp-json\/wp\/v2\/categories?post=90115"},{"taxonomy":"post_tag","embeddable":true,"href":"https:\/\/blogdoeloiltoncajuhy.com.br\/site\/wp-json\/wp\/v2\/tags?post=90115"}],"curies":[{"name":"wp","href":"https:\/\/api.w.org\/{rel}","templated":true}]}}