{"id":90113,"date":"2025-09-15T14:19:29","date_gmt":"2025-09-15T17:19:29","guid":{"rendered":"https:\/\/blogdoeloiltoncajuhy.com.br\/site\/?p=90113"},"modified":"2025-09-15T14:19:31","modified_gmt":"2025-09-15T17:19:31","slug":"abastecimento-de-agua-sera-interrompido-nesta-quarta-17-em-itiuba-bonfim-andorinha-e-jaguarari","status":"publish","type":"post","link":"https:\/\/blogdoeloiltoncajuhy.com.br\/site\/abastecimento-de-agua-sera-interrompido-nesta-quarta-17-em-itiuba-bonfim-andorinha-e-jaguarari\/","title":{"rendered":"Abastecimento de \u00e1gua ser\u00e1 interrompido nesta quarta (17) em Iti\u00faba, Bonfim, Andorinha e Jaguarari"},"content":{"rendered":"\n<p class=\"has-medium-font-size\"><strong>Embasa realiza obras e abastecimento ser\u00e1 temporariamente suspenso em quatro munic\u00edpios<\/strong><\/p>\n\n\n\n<p><strong>Por Blog do Eloilton Cajuhy \u2013 BEC<\/strong><\/p>\n\n\n\n<figure class=\"wp-block-image aligncenter size-full is-resized\"><a href=\"https:\/\/i0.wp.com\/blogdoeloiltoncajuhy.com.br\/site\/wp-content\/uploads\/2024\/12\/Torneira-sem-agua_falta-de-agua_IA_18.12.2024.jpeg?ssl=1\"><img data-recalc-dims=\"1\" fetchpriority=\"high\" decoding=\"async\" width=\"600\" height=\"600\" src=\"https:\/\/i0.wp.com\/blogdoeloiltoncajuhy.com.br\/site\/wp-content\/uploads\/2024\/12\/Torneira-sem-agua_falta-de-agua_IA_18.12.2024.jpeg?resize=600%2C600&#038;ssl=1\" alt=\"\" class=\"wp-image-84879\" style=\"width:470px;height:auto\" srcset=\"https:\/\/i0.wp.com\/blogdoeloiltoncajuhy.com.br\/site\/wp-content\/uploads\/2024\/12\/Torneira-sem-agua_falta-de-agua_IA_18.12.2024.jpeg?w=600&amp;ssl=1 600w, https:\/\/i0.wp.com\/blogdoeloiltoncajuhy.com.br\/site\/wp-content\/uploads\/2024\/12\/Torneira-sem-agua_falta-de-agua_IA_18.12.2024.jpeg?resize=300%2C300&amp;ssl=1 300w, https:\/\/i0.wp.com\/blogdoeloiltoncajuhy.com.br\/site\/wp-content\/uploads\/2024\/12\/Torneira-sem-agua_falta-de-agua_IA_18.12.2024.jpeg?resize=150%2C150&amp;ssl=1 150w\" sizes=\"(max-width: 600px) 100vw, 600px\" \/><\/a><figcaption class=\"wp-element-caption\"><sub>Imagem Ilustrativa criada por Intelig\u00eancia Artificial (IA)<\/sub><\/figcaption><\/figure>\n\n\n\n<p>A Empresa Baiana de \u00c1guas e Saneamento (Embasa) informa que, nesta quarta-feira (17), o abastecimento de \u00e1gua ser\u00e1 temporariamente interrompido, a partir das 8h, nos munic\u00edpios de Iti\u00faba, Senhor do Bonfim, Andorinha, Jaguarari e em povoados atendidos pelo sistema.<\/p>\n\n\n\n<p>A interrup\u00e7\u00e3o \u00e9 necess\u00e1ria para a realiza\u00e7\u00e3o de servi\u00e7os de amplia\u00e7\u00e3o do sistema de bombeamento, que v\u00e3o melhorar a capacidade de distribui\u00e7\u00e3o de \u00e1gua na regi\u00e3o.<\/p>\n\n\n\n<p>A previs\u00e3o \u00e9 que a interven\u00e7\u00e3o seja conclu\u00edda na noite do mesmo dia, quando o fornecimento come\u00e7ar\u00e1 a ser retomado gradualmente.<\/p>\n\n\n\n<p>Enquanto o abastecimento n\u00e3o se normaliza, a Embasa orienta que os moradores fa\u00e7am uso racional da \u00e1gua armazenada em seus reservat\u00f3rios, evitando desperd\u00edcios.<\/p>\n\n\n\n<p><strong><a href=\"https:\/\/whatsapp.com\/channel\/0029VaAT7tDLI8Yfj5y9Z50Z\" target=\"_blank\" rel=\"noreferrer noopener\"><mark style=\"background-color:rgba(0, 0, 0, 0)\" class=\"has-inline-color has-vivid-red-color\">>> Clique aqui e seja membro do canal do BEC no WhatsApp<\/mark><\/a><\/strong><\/p>\n","protected":false},"excerpt":{"rendered":"<p>Embasa realiza obras e abastecimento ser\u00e1 temporariamente suspenso em quatro munic\u00edpios Por Blog do Eloilton Cajuhy \u2013 BEC A Empresa Baiana de \u00c1guas e Saneamento (Embasa) informa que, nesta quarta-feira (17), o abastecimento de \u00e1gua ser\u00e1 temporariamente interrompido, a partir das 8h, nos munic\u00edpios de Iti\u00faba, Senhor do Bonfim, Andorinha, Jaguarari e em povoados atendidos [&hellip;]<\/p>\n","protected":false},"author":2,"featured_media":89484,"comment_status":"open","ping_status":"open","sticky":false,"template":"","format":"standard","meta":{"_acf_changed":false,"_monsterinsights_skip_tracking":false,"_monsterinsights_sitenote_active":false,"_monsterinsights_sitenote_note":"","_monsterinsights_sitenote_category":0,"_jetpack_memberships_contains_paid_content":false,"footnotes":"","jetpack_publicize_message":"","jetpack_publicize_feature_enabled":true,"jetpack_social_post_already_shared":true,"jetpack_social_options":{"image_generator_settings":{"template":"highway","default_image_id":0,"font":"","enabled":false},"version":2}},"categories":[4],"tags":[],"class_list":["post-90113","post","type-post","status-publish","format-standard","has-post-thumbnail","hentry","category-local"],"acf":[],"jetpack_publicize_connections":[],"jetpack_featured_media_url":"https:\/\/i0.wp.com\/blogdoeloiltoncajuhy.com.br\/site\/wp-content\/uploads\/2025\/08\/Torneira-Falta-de-Agua-2025-08-12.jpeg?fit=740%2C740&ssl=1","jetpack_sharing_enabled":true,"publishpress_future_workflow_manual_trigger":{"enabledWorkflows":[]},"_links":{"self":[{"href":"https:\/\/blogdoeloiltoncajuhy.com.br\/site\/wp-json\/wp\/v2\/posts\/90113","targetHints":{"allow":["GET"]}}],"collection":[{"href":"https:\/\/blogdoeloiltoncajuhy.com.br\/site\/wp-json\/wp\/v2\/posts"}],"about":[{"href":"https:\/\/blogdoeloiltoncajuhy.com.br\/site\/wp-json\/wp\/v2\/types\/post"}],"author":[{"embeddable":true,"href":"https:\/\/blogdoeloiltoncajuhy.com.br\/site\/wp-json\/wp\/v2\/users\/2"}],"replies":[{"embeddable":true,"href":"https:\/\/blogdoeloiltoncajuhy.com.br\/site\/wp-json\/wp\/v2\/comments?post=90113"}],"version-history":[{"count":1,"href":"https:\/\/blogdoeloiltoncajuhy.com.br\/site\/wp-json\/wp\/v2\/posts\/90113\/revisions"}],"predecessor-version":[{"id":90114,"href":"https:\/\/blogdoeloiltoncajuhy.com.br\/site\/wp-json\/wp\/v2\/posts\/90113\/revisions\/90114"}],"wp:featuredmedia":[{"embeddable":true,"href":"https:\/\/blogdoeloiltoncajuhy.com.br\/site\/wp-json\/wp\/v2\/media\/89484"}],"wp:attachment":[{"href":"https:\/\/blogdoeloiltoncajuhy.com.br\/site\/wp-json\/wp\/v2\/media?parent=90113"}],"wp:term":[{"taxonomy":"category","embeddable":true,"href":"https:\/\/blogdoeloiltoncajuhy.com.br\/site\/wp-json\/wp\/v2\/categories?post=90113"},{"taxonomy":"post_tag","embeddable":true,"href":"https:\/\/blogdoeloiltoncajuhy.com.br\/site\/wp-json\/wp\/v2\/tags?post=90113"}],"curies":[{"name":"wp","href":"https:\/\/api.w.org\/{rel}","templated":true}]}}