{"id":90109,"date":"2025-09-15T09:11:35","date_gmt":"2025-09-15T12:11:35","guid":{"rendered":"https:\/\/blogdoeloiltoncajuhy.com.br\/site\/?p=90109"},"modified":"2025-09-15T09:11:37","modified_gmt":"2025-09-15T12:11:37","slug":"lula-diz-ao-new-york-times-que-soberania-e-democracia-sao-inegociaveis","status":"publish","type":"post","link":"https:\/\/blogdoeloiltoncajuhy.com.br\/site\/lula-diz-ao-new-york-times-que-soberania-e-democracia-sao-inegociaveis\/","title":{"rendered":"Lula diz ao New York Times que soberania e democracia s\u00e3o inegoci\u00e1veis"},"content":{"rendered":"\n<p class=\"has-medium-font-size\"><strong>Tarifa\u00e7o tamb\u00e9m foi abordado pelo presidente<\/strong><\/p>\n\n\n\n<p><strong>Por Ag\u00eancia Brasil<\/strong><\/p>\n\n\n\n<figure class=\"wp-block-image aligncenter size-full\"><a href=\"https:\/\/i0.wp.com\/blogdoeloiltoncajuhy.com.br\/site\/wp-content\/uploads\/2025\/08\/Presidente-Lula-29-08-25-Foto-Antonio-Cruz-Agencia-Brasil.png?ssl=1\"><img data-recalc-dims=\"1\" fetchpriority=\"high\" decoding=\"async\" width=\"760\" height=\"455\" src=\"https:\/\/i0.wp.com\/blogdoeloiltoncajuhy.com.br\/site\/wp-content\/uploads\/2025\/08\/Presidente-Lula-29-08-25-Foto-Antonio-Cruz-Agencia-Brasil.png?resize=760%2C455&#038;ssl=1\" alt=\"\" class=\"wp-image-89803\" srcset=\"https:\/\/i0.wp.com\/blogdoeloiltoncajuhy.com.br\/site\/wp-content\/uploads\/2025\/08\/Presidente-Lula-29-08-25-Foto-Antonio-Cruz-Agencia-Brasil.png?w=760&amp;ssl=1 760w, https:\/\/i0.wp.com\/blogdoeloiltoncajuhy.com.br\/site\/wp-content\/uploads\/2025\/08\/Presidente-Lula-29-08-25-Foto-Antonio-Cruz-Agencia-Brasil.png?resize=300%2C180&amp;ssl=1 300w\" sizes=\"(max-width: 760px) 100vw, 760px\" \/><\/a><figcaption class=\"wp-element-caption\"><sub>Foto: Antonio Cruz\/Ag\u00eancia Brasil<\/sub><\/figcaption><\/figure>\n\n\n\n<p>Em artigo publicado neste domingo (14) no jornal\u00a0<em>The New York Times<\/em>\u00a0com o t\u00edtulo <strong>Democracia e Soberania Brasileiras S\u00e3o Inegoci\u00e1veis<\/strong>, o presidente Luiz In\u00e1cio Lula da Silva rebateu os argumentos do presidente dos Estados Unidos, Donald Trump, a respeito do tarifa\u00e7o imposto aos produtos brasileiros pelos Estados Unidos.<img data-recalc-dims=\"1\" decoding=\"async\" src=\"https:\/\/i0.wp.com\/agenciabrasil.ebc.com.br\/ebc.png?w=800&#038;ssl=1\"><img data-recalc-dims=\"1\" decoding=\"async\" src=\"https:\/\/i0.wp.com\/agenciabrasil.ebc.com.br\/ebc.gif?w=800&#038;ssl=1\"><\/p>\n\n\n\n<p><strong>Lula ressaltou que nos \u00faltimos 15 anos, os Estados Unidos registraram um super\u00e1vit de US$ 410 bilh\u00f5es nas rela\u00e7\u00f5es comerciais com o Brasil.<\/strong>&nbsp;Tamb\u00e9m disse que n\u00e3o h\u00e1 excessos nas cobran\u00e7as de tarifas por parte do Brasil e que aproximadamente 75% das exporta\u00e7\u00f5es aos Estados Unidos para o Brasil s\u00e3o isentas de impostos.<\/p>\n\n\n\n<p><strong>O presidente brasileiro defendeu o multilaterialismo como melhor caminho para as rela\u00e7\u00f5es entre os pa\u00edses,<\/strong>&nbsp;apontou os n\u00fameros favor\u00e1veis aos Estados Unidos na balan\u00e7a comercial entre os dois pa\u00edses e disse que&nbsp;a decis\u00e3o de taxar os produtos brasileiros \u00e9 pol\u00edtica.<\/p>\n\n\n\n<p>Ao tratar a quest\u00e3o como pol\u00edtica, Lula fez uma forte defesa da soberania brasileira e do judici\u00e1rio.<\/p>\n\n\n\n<p>Ele criticou tanto as acusa\u00e7\u00f5es de Trump de persegui\u00e7\u00e3o ao ex-presidente Jair Bolsonaro \u2013\u00a0condenado a 27 anos de cadeia\u00a0por tramar um golpe de estado \u2013, quanto os esfor\u00e7os de regulamenta\u00e7\u00e3o das chamadas\u00a0<em>big techs<\/em>, grandes empresas de tecnologia dos Estados Unidos.<\/p>\n\n\n\n<p><strong>Outro ponto defendido pelo presidente Lula foi a implementa\u00e7\u00e3o do sistema de pagamentos digital, o PIX, que possibilitou a inclus\u00e3o financeira de milhares de cidad\u00e3os e empresas do pa\u00eds.<\/strong>&nbsp;Al\u00e9m de facilitar as transa\u00e7\u00f5es e estimular a economia.<\/p>\n\n\n\n<p>A Amaz\u00f4nia foi outro tema tratado pelo brasileiro no artigo, recordando que nos \u00faltimos dois anos a taxa de redu\u00e7\u00e3o do desmatamento caiu pela metade e que, no ano passado, a pol\u00edcia brasileira apreendeu milh\u00f5es de d\u00f3lares utilizados em esquemas criminosos contra o meio ambiente.<\/p>\n\n\n\n<p>Por fim, o presidente Lula reafirmou a disposi\u00e7\u00e3o de o Brasil negociar o tema das tarifas com os Estados Unidos, recordou que os dois pa\u00edses mant\u00eam rela\u00e7\u00f5es h\u00e1 mais de 200 anos, sendo que as diferen\u00e7as ideol\u00f3gicas n\u00e3o podem prejudicar o trabalho conjunto das duas na\u00e7\u00f5es.<\/p>\n\n\n\n<p><a href=\"https:\/\/www.nytimes.com\/2025\/09\/14\/opinion\/lula-da-silva-brazil-trump-bolsonaro.html\" target=\"_blank\" rel=\"noreferrer noopener\"><strong><mark style=\"background-color:rgba(0, 0, 0, 0)\" class=\"has-inline-color has-vivid-cyan-blue-color\">Clique aqui e leia a \u00edntegra do artigo<\/mark><\/strong><\/a><\/p>\n","protected":false},"excerpt":{"rendered":"<p>Tarifa\u00e7o tamb\u00e9m foi abordado pelo presidente Por Ag\u00eancia Brasil Em artigo publicado neste domingo (14) no jornal\u00a0The New York Times\u00a0com o t\u00edtulo Democracia e Soberania Brasileiras S\u00e3o Inegoci\u00e1veis, o presidente Luiz In\u00e1cio Lula da Silva rebateu os argumentos do presidente dos Estados Unidos, Donald Trump, a respeito do tarifa\u00e7o imposto aos produtos brasileiros pelos Estados [&hellip;]<\/p>\n","protected":false},"author":2,"featured_media":87081,"comment_status":"open","ping_status":"open","sticky":false,"template":"","format":"standard","meta":{"_acf_changed":false,"_monsterinsights_skip_tracking":false,"_monsterinsights_sitenote_active":false,"_monsterinsights_sitenote_note":"","_monsterinsights_sitenote_category":0,"_jetpack_memberships_contains_paid_content":false,"footnotes":"","jetpack_publicize_message":"","jetpack_publicize_feature_enabled":true,"jetpack_social_post_already_shared":true,"jetpack_social_options":{"image_generator_settings":{"template":"highway","default_image_id":0,"font":"","enabled":false},"version":2}},"categories":[3],"tags":[],"class_list":["post-90109","post","type-post","status-publish","format-standard","has-post-thumbnail","hentry","category-politica"],"acf":[],"jetpack_publicize_connections":[],"jetpack_featured_media_url":"https:\/\/i0.wp.com\/blogdoeloiltoncajuhy.com.br\/site\/wp-content\/uploads\/2025\/04\/Presidente-Luiz-Inacio-Lula-da-Silva-PT-Foto-Bruno-Santos-Folhapress.jpg?fit=740%2C493&ssl=1","jetpack_sharing_enabled":true,"publishpress_future_workflow_manual_trigger":{"enabledWorkflows":[]},"_links":{"self":[{"href":"https:\/\/blogdoeloiltoncajuhy.com.br\/site\/wp-json\/wp\/v2\/posts\/90109","targetHints":{"allow":["GET"]}}],"collection":[{"href":"https:\/\/blogdoeloiltoncajuhy.com.br\/site\/wp-json\/wp\/v2\/posts"}],"about":[{"href":"https:\/\/blogdoeloiltoncajuhy.com.br\/site\/wp-json\/wp\/v2\/types\/post"}],"author":[{"embeddable":true,"href":"https:\/\/blogdoeloiltoncajuhy.com.br\/site\/wp-json\/wp\/v2\/users\/2"}],"replies":[{"embeddable":true,"href":"https:\/\/blogdoeloiltoncajuhy.com.br\/site\/wp-json\/wp\/v2\/comments?post=90109"}],"version-history":[{"count":1,"href":"https:\/\/blogdoeloiltoncajuhy.com.br\/site\/wp-json\/wp\/v2\/posts\/90109\/revisions"}],"predecessor-version":[{"id":90110,"href":"https:\/\/blogdoeloiltoncajuhy.com.br\/site\/wp-json\/wp\/v2\/posts\/90109\/revisions\/90110"}],"wp:featuredmedia":[{"embeddable":true,"href":"https:\/\/blogdoeloiltoncajuhy.com.br\/site\/wp-json\/wp\/v2\/media\/87081"}],"wp:attachment":[{"href":"https:\/\/blogdoeloiltoncajuhy.com.br\/site\/wp-json\/wp\/v2\/media?parent=90109"}],"wp:term":[{"taxonomy":"category","embeddable":true,"href":"https:\/\/blogdoeloiltoncajuhy.com.br\/site\/wp-json\/wp\/v2\/categories?post=90109"},{"taxonomy":"post_tag","embeddable":true,"href":"https:\/\/blogdoeloiltoncajuhy.com.br\/site\/wp-json\/wp\/v2\/tags?post=90109"}],"curies":[{"name":"wp","href":"https:\/\/api.w.org\/{rel}","templated":true}]}}