{"id":90103,"date":"2025-09-15T08:42:09","date_gmt":"2025-09-15T11:42:09","guid":{"rendered":"https:\/\/blogdoeloiltoncajuhy.com.br\/site\/?p=90103"},"modified":"2025-09-15T08:42:10","modified_gmt":"2025-09-15T11:42:10","slug":"senhor-do-bonfim-sediara-3a-conferencia-territorial-de-desenvolvimento-rural-sustentavel-e-solidario","status":"publish","type":"post","link":"https:\/\/blogdoeloiltoncajuhy.com.br\/site\/senhor-do-bonfim-sediara-3a-conferencia-territorial-de-desenvolvimento-rural-sustentavel-e-solidario\/","title":{"rendered":"Senhor do Bonfim sediar\u00e1 3\u00aa Confer\u00eancia Territorial de Desenvolvimento Rural Sustent\u00e1vel e Solid\u00e1rio"},"content":{"rendered":"\n<p><strong>Por Portal do Piemonte<\/strong><\/p>\n\n\n\n<figure class=\"wp-block-image aligncenter size-full\"><a href=\"https:\/\/i0.wp.com\/blogdoeloiltoncajuhy.com.br\/site\/wp-content\/uploads\/2025\/09\/Agroecologia-Agricultura-Divulgacao-Acervo-do-Portal-do-Piemonte.png?ssl=1\"><img data-recalc-dims=\"1\" fetchpriority=\"high\" decoding=\"async\" width=\"800\" height=\"412\" src=\"https:\/\/i0.wp.com\/blogdoeloiltoncajuhy.com.br\/site\/wp-content\/uploads\/2025\/09\/Agroecologia-Agricultura-Divulgacao-Acervo-do-Portal-do-Piemonte.png?resize=800%2C412&#038;ssl=1\" alt=\"\" class=\"wp-image-90104\" srcset=\"https:\/\/i0.wp.com\/blogdoeloiltoncajuhy.com.br\/site\/wp-content\/uploads\/2025\/09\/Agroecologia-Agricultura-Divulgacao-Acervo-do-Portal-do-Piemonte.png?w=898&amp;ssl=1 898w, https:\/\/i0.wp.com\/blogdoeloiltoncajuhy.com.br\/site\/wp-content\/uploads\/2025\/09\/Agroecologia-Agricultura-Divulgacao-Acervo-do-Portal-do-Piemonte.png?resize=300%2C155&amp;ssl=1 300w, https:\/\/i0.wp.com\/blogdoeloiltoncajuhy.com.br\/site\/wp-content\/uploads\/2025\/09\/Agroecologia-Agricultura-Divulgacao-Acervo-do-Portal-do-Piemonte.png?resize=768%2C396&amp;ssl=1 768w\" sizes=\"(max-width: 800px) 100vw, 800px\" \/><\/a><figcaption class=\"wp-element-caption\"><sub>Foto: Acervo \/ Portal do Piemonte<\/sub><\/figcaption><\/figure>\n\n\n\n<p>O munic\u00edpio de Senhor do Bonfim ser\u00e1 sede, no pr\u00f3ximo dia 18 de setembro de 2025, da <strong>3\u00aa Confer\u00eancia Territorial de Desenvolvimento Rural Sustent\u00e1vel e Solid\u00e1rio<\/strong>, um importante espa\u00e7o de di\u00e1logo e constru\u00e7\u00e3o coletiva de pol\u00edticas p\u00fablicas voltadas para o fortalecimento do meio rural e da agroecologia.<\/p>\n\n\n\n<p>Com o tema <strong>\u201cBrasil Rural: Raiz da Vida, Fonte do Bem Viver\u201d<\/strong>, a confer\u00eancia acontecer\u00e1 das 08h \u00e0s 17h, no Audit\u00f3rio do Parque de Exposi\u00e7\u00f5es, localizado na BR-407, e deve contar com a participa\u00e7\u00e3o de delega\u00e7\u00f5es dos nove munic\u00edpios que integram o <strong>Territ\u00f3rio de Identidade Piemonte Norte do Itapicuru (TIPNI)<\/strong>.<\/p>\n\n\n\n<p class=\"has-black-color has-text-color has-link-color has-medium-font-size wp-elements-3bdf709ef5a0820141e5e0b20d0d13c3\"><strong>Agroecologia e transforma\u00e7\u00e3o: por um Brasil Rural vivo e forte<\/strong><\/p>\n\n\n\n<p>O encontro busca construir uma agenda pol\u00edtica de transforma\u00e7\u00e3o agroecol\u00f3gica para o Brasil Rural, valorizando a agricultura familiar, os saberes tradicionais e o papel central das comunidades do campo no desenvolvimento sustent\u00e1vel.<\/p>\n\n\n\n<p><strong><a href=\"https:\/\/whatsapp.com\/channel\/0029VaAT7tDLI8Yfj5y9Z50Z\" target=\"_blank\" rel=\"noreferrer noopener\"><mark style=\"background-color:rgba(0, 0, 0, 0)\" class=\"has-inline-color has-vivid-red-color\">>> Clique aqui e seja membro do canal do BEC no WhatsApp<\/mark><\/a><\/strong><\/p>\n\n\n\n<p>Est\u00e3o sendo mobilizadas representa\u00e7\u00f5es de diversos segmentos sociais, como sindicatos rurais, associa\u00e7\u00f5es comunit\u00e1rias, cooperativas, juventudes do campo, mulheres agricultoras, povos e comunidades tradicionais, al\u00e9m de representantes dos poderes p\u00fablicos locais e estaduais.<\/p>\n\n\n\n<p class=\"has-black-color has-text-color has-link-color has-medium-font-size wp-elements-a578656199d72001abd30715a0c76fb3\"><strong>Articula\u00e7\u00e3o regional e apoio institucional<\/strong><\/p>\n\n\n\n<p>A confer\u00eancia \u00e9 organizada pelo <strong>Colegiado Territorial de Desenvolvimento Sustent\u00e1vel (CODETER-TIPNI)<\/strong>, com apoio do CET e da CEDRS, e conta com o respaldo institucional do <strong>Governo do Estado da Bahia, por meio da Secretaria de Desenvolvimento Rural, e do Minist\u00e9rio do Desenvolvimento Agr\u00e1rio e Agricultura Familiar (MDA).<\/strong><\/p>\n\n\n\n<p>Est\u00e3o convidadas as representa\u00e7\u00f5es dos munic\u00edpios de Andorinha, Ant\u00f4nio Gon\u00e7alves, Caldeir\u00e3o Grande, Campo Formoso, Filad\u00e9lfia, Jaguarari, Pindoba\u00e7u, Ponto Novo e Senhor do Bonfim.<\/p>\n\n\n\n<p>A expectativa \u00e9 que o evento fortale\u00e7a o sentimento de pertencimento territorial e ajude a consolidar um plano de a\u00e7\u00e3o comum para os pr\u00f3ximos anos, com base nos princ\u00edpios da solidariedade, sustentabilidade e valoriza\u00e7\u00e3o da vida no campo.<\/p>\n","protected":false},"excerpt":{"rendered":"<p>Por Portal do Piemonte O munic\u00edpio de Senhor do Bonfim ser\u00e1 sede, no pr\u00f3ximo dia 18 de setembro de 2025, da 3\u00aa Confer\u00eancia Territorial de Desenvolvimento Rural Sustent\u00e1vel e Solid\u00e1rio, um importante espa\u00e7o de di\u00e1logo e constru\u00e7\u00e3o coletiva de pol\u00edticas p\u00fablicas voltadas para o fortalecimento do meio rural e da agroecologia. Com o tema \u201cBrasil [&hellip;]<\/p>\n","protected":false},"author":2,"featured_media":90104,"comment_status":"open","ping_status":"open","sticky":false,"template":"","format":"standard","meta":{"_acf_changed":false,"_monsterinsights_skip_tracking":false,"_monsterinsights_sitenote_active":false,"_monsterinsights_sitenote_note":"","_monsterinsights_sitenote_category":0,"_jetpack_memberships_contains_paid_content":false,"footnotes":"","jetpack_publicize_message":"","jetpack_publicize_feature_enabled":true,"jetpack_social_post_already_shared":true,"jetpack_social_options":{"image_generator_settings":{"template":"highway","default_image_id":0,"font":"","enabled":false},"version":2}},"categories":[4],"tags":[],"class_list":["post-90103","post","type-post","status-publish","format-standard","has-post-thumbnail","hentry","category-local"],"acf":[],"jetpack_publicize_connections":[],"jetpack_featured_media_url":"https:\/\/i0.wp.com\/blogdoeloiltoncajuhy.com.br\/site\/wp-content\/uploads\/2025\/09\/Agroecologia-Agricultura-Divulgacao-Acervo-do-Portal-do-Piemonte.png?fit=898%2C463&ssl=1","jetpack_sharing_enabled":true,"publishpress_future_workflow_manual_trigger":{"enabledWorkflows":[]},"_links":{"self":[{"href":"https:\/\/blogdoeloiltoncajuhy.com.br\/site\/wp-json\/wp\/v2\/posts\/90103","targetHints":{"allow":["GET"]}}],"collection":[{"href":"https:\/\/blogdoeloiltoncajuhy.com.br\/site\/wp-json\/wp\/v2\/posts"}],"about":[{"href":"https:\/\/blogdoeloiltoncajuhy.com.br\/site\/wp-json\/wp\/v2\/types\/post"}],"author":[{"embeddable":true,"href":"https:\/\/blogdoeloiltoncajuhy.com.br\/site\/wp-json\/wp\/v2\/users\/2"}],"replies":[{"embeddable":true,"href":"https:\/\/blogdoeloiltoncajuhy.com.br\/site\/wp-json\/wp\/v2\/comments?post=90103"}],"version-history":[{"count":1,"href":"https:\/\/blogdoeloiltoncajuhy.com.br\/site\/wp-json\/wp\/v2\/posts\/90103\/revisions"}],"predecessor-version":[{"id":90105,"href":"https:\/\/blogdoeloiltoncajuhy.com.br\/site\/wp-json\/wp\/v2\/posts\/90103\/revisions\/90105"}],"wp:featuredmedia":[{"embeddable":true,"href":"https:\/\/blogdoeloiltoncajuhy.com.br\/site\/wp-json\/wp\/v2\/media\/90104"}],"wp:attachment":[{"href":"https:\/\/blogdoeloiltoncajuhy.com.br\/site\/wp-json\/wp\/v2\/media?parent=90103"}],"wp:term":[{"taxonomy":"category","embeddable":true,"href":"https:\/\/blogdoeloiltoncajuhy.com.br\/site\/wp-json\/wp\/v2\/categories?post=90103"},{"taxonomy":"post_tag","embeddable":true,"href":"https:\/\/blogdoeloiltoncajuhy.com.br\/site\/wp-json\/wp\/v2\/tags?post=90103"}],"curies":[{"name":"wp","href":"https:\/\/api.w.org\/{rel}","templated":true}]}}