{"id":90024,"date":"2025-09-10T17:17:35","date_gmt":"2025-09-10T20:17:35","guid":{"rendered":"https:\/\/blogdoeloiltoncajuhy.com.br\/site\/?p=90024"},"modified":"2025-09-10T17:17:37","modified_gmt":"2025-09-10T20:17:37","slug":"conferencia-municipal-do-pcdob-em-ponto-novo-fortalece-a-luta-por-direitos-e-democracia","status":"publish","type":"post","link":"https:\/\/blogdoeloiltoncajuhy.com.br\/site\/conferencia-municipal-do-pcdob-em-ponto-novo-fortalece-a-luta-por-direitos-e-democracia\/","title":{"rendered":"Confer\u00eancia Municipal do PCdoB em Ponto Novo fortalece a luta por direitos e democracia"},"content":{"rendered":"\n<p><strong>Blog do Eloilton Cajuhy \u2013 BEC<\/strong><\/p>\n\n\n\n<figure class=\"wp-block-image aligncenter size-full is-resized\"><a href=\"https:\/\/i0.wp.com\/blogdoeloiltoncajuhy.com.br\/site\/wp-content\/uploads\/2025\/09\/META-IA-CONFERENCIA-2025-09-10.jpeg?ssl=1\"><img data-recalc-dims=\"1\" fetchpriority=\"high\" decoding=\"async\" width=\"640\" height=\"640\" src=\"https:\/\/i0.wp.com\/blogdoeloiltoncajuhy.com.br\/site\/wp-content\/uploads\/2025\/09\/META-IA-CONFERENCIA-2025-09-10.jpeg?resize=640%2C640&#038;ssl=1\" alt=\"\" class=\"wp-image-90025\" style=\"width:480px;height:auto\" srcset=\"https:\/\/i0.wp.com\/blogdoeloiltoncajuhy.com.br\/site\/wp-content\/uploads\/2025\/09\/META-IA-CONFERENCIA-2025-09-10.jpeg?w=640&amp;ssl=1 640w, https:\/\/i0.wp.com\/blogdoeloiltoncajuhy.com.br\/site\/wp-content\/uploads\/2025\/09\/META-IA-CONFERENCIA-2025-09-10.jpeg?resize=300%2C300&amp;ssl=1 300w, https:\/\/i0.wp.com\/blogdoeloiltoncajuhy.com.br\/site\/wp-content\/uploads\/2025\/09\/META-IA-CONFERENCIA-2025-09-10.jpeg?resize=150%2C150&amp;ssl=1 150w\" sizes=\"(max-width: 640px) 100vw, 640px\" \/><\/a><figcaption class=\"wp-element-caption\"><sub>Imagem Ilustrativa gerada por Intelig\u00eancia Artificial (IA)<\/sub><\/figcaption><\/figure>\n\n\n\n<p>O Partido Comunista do Brasil (PCdoB) realiza em Ponto Novo sua Confer\u00eancia Municipal no dia 13 de setembro de 2025, a partir das 9h, no Audit\u00f3rio do Sindicato dos Trabalhadores da Agricultura Familiar, localizado na Rua Edizia Maria da Silva, s\/n, Bairro Oscar Macedo.<\/p>\n\n\n\n<p>O encontro ser\u00e1 um espa\u00e7o essencial para o fortalecimento da organiza\u00e7\u00e3o partid\u00e1ria e para o debate coletivo sobre os rumos do partido e da pol\u00edtica local.<\/p>\n\n\n\n<p>Durante a confer\u00eancia, ser\u00e3o discutidos os projetos de resolu\u00e7\u00e3o apresentados pelo Comit\u00ea Central, feito o balan\u00e7o das atividades do \u00faltimo per\u00edodo, eleita a nova dire\u00e7\u00e3o municipal e definida a delega\u00e7\u00e3o que representar\u00e1 Ponto Novo na Confer\u00eancia Estadual.<\/p>\n\n\n\n<p>A participa\u00e7\u00e3o da milit\u00e2ncia \u00e9 fundamental para reafirmar o compromisso do PCdoB com as lutas populares, o desenvolvimento sustent\u00e1vel e a constru\u00e7\u00e3o de uma sociedade mais justa e democr\u00e1tica.<\/p>\n\n\n\n<p><strong><a href=\"https:\/\/whatsapp.com\/channel\/0029VaAT7tDLI8Yfj5y9Z50Z\" target=\"_blank\" rel=\"noreferrer noopener\"><mark style=\"background-color:rgba(0, 0, 0, 0)\" class=\"has-inline-color has-vivid-red-color\">>> Clique aqui e seja membro do canal do BEC no WhatsApp<\/mark><\/a><\/strong><\/p>\n","protected":false},"excerpt":{"rendered":"<p>Blog do Eloilton Cajuhy \u2013 BEC O Partido Comunista do Brasil (PCdoB) realiza em Ponto Novo sua Confer\u00eancia Municipal no dia 13 de setembro de 2025, a partir das 9h, no Audit\u00f3rio do Sindicato dos Trabalhadores da Agricultura Familiar, localizado na Rua Edizia Maria da Silva, s\/n, Bairro Oscar Macedo. O encontro ser\u00e1 um espa\u00e7o [&hellip;]<\/p>\n","protected":false},"author":2,"featured_media":90025,"comment_status":"open","ping_status":"open","sticky":false,"template":"","format":"standard","meta":{"_acf_changed":false,"_monsterinsights_skip_tracking":false,"_monsterinsights_sitenote_active":false,"_monsterinsights_sitenote_note":"","_monsterinsights_sitenote_category":0,"_jetpack_memberships_contains_paid_content":false,"footnotes":"","jetpack_publicize_message":"","jetpack_publicize_feature_enabled":true,"jetpack_social_post_already_shared":false,"jetpack_social_options":{"image_generator_settings":{"template":"highway","default_image_id":0,"font":"","enabled":false},"version":2}},"categories":[11],"tags":[],"class_list":["post-90024","post","type-post","status-publish","format-standard","has-post-thumbnail","hentry","category-regional"],"acf":[],"jetpack_publicize_connections":[],"jetpack_featured_media_url":"https:\/\/i0.wp.com\/blogdoeloiltoncajuhy.com.br\/site\/wp-content\/uploads\/2025\/09\/META-IA-CONFERENCIA-2025-09-10.jpeg?fit=640%2C640&ssl=1","jetpack_sharing_enabled":true,"publishpress_future_workflow_manual_trigger":{"enabledWorkflows":[]},"_links":{"self":[{"href":"https:\/\/blogdoeloiltoncajuhy.com.br\/site\/wp-json\/wp\/v2\/posts\/90024","targetHints":{"allow":["GET"]}}],"collection":[{"href":"https:\/\/blogdoeloiltoncajuhy.com.br\/site\/wp-json\/wp\/v2\/posts"}],"about":[{"href":"https:\/\/blogdoeloiltoncajuhy.com.br\/site\/wp-json\/wp\/v2\/types\/post"}],"author":[{"embeddable":true,"href":"https:\/\/blogdoeloiltoncajuhy.com.br\/site\/wp-json\/wp\/v2\/users\/2"}],"replies":[{"embeddable":true,"href":"https:\/\/blogdoeloiltoncajuhy.com.br\/site\/wp-json\/wp\/v2\/comments?post=90024"}],"version-history":[{"count":1,"href":"https:\/\/blogdoeloiltoncajuhy.com.br\/site\/wp-json\/wp\/v2\/posts\/90024\/revisions"}],"predecessor-version":[{"id":90026,"href":"https:\/\/blogdoeloiltoncajuhy.com.br\/site\/wp-json\/wp\/v2\/posts\/90024\/revisions\/90026"}],"wp:featuredmedia":[{"embeddable":true,"href":"https:\/\/blogdoeloiltoncajuhy.com.br\/site\/wp-json\/wp\/v2\/media\/90025"}],"wp:attachment":[{"href":"https:\/\/blogdoeloiltoncajuhy.com.br\/site\/wp-json\/wp\/v2\/media?parent=90024"}],"wp:term":[{"taxonomy":"category","embeddable":true,"href":"https:\/\/blogdoeloiltoncajuhy.com.br\/site\/wp-json\/wp\/v2\/categories?post=90024"},{"taxonomy":"post_tag","embeddable":true,"href":"https:\/\/blogdoeloiltoncajuhy.com.br\/site\/wp-json\/wp\/v2\/tags?post=90024"}],"curies":[{"name":"wp","href":"https:\/\/api.w.org\/{rel}","templated":true}]}}