{"id":90016,"date":"2025-09-10T08:52:11","date_gmt":"2025-09-10T11:52:11","guid":{"rendered":"https:\/\/blogdoeloiltoncajuhy.com.br\/site\/?p=90016"},"modified":"2025-09-10T08:52:13","modified_gmt":"2025-09-10T11:52:13","slug":"trama-golpista-saiba-como-foram-os-dois-votos-pela-condenacao-de-bolsonaro-no-stf","status":"publish","type":"post","link":"https:\/\/blogdoeloiltoncajuhy.com.br\/site\/trama-golpista-saiba-como-foram-os-dois-votos-pela-condenacao-de-bolsonaro-no-stf\/","title":{"rendered":"Trama golpista: Saiba como foram os dois votos pela condena\u00e7\u00e3o de Bolsonaro no STF"},"content":{"rendered":"\n<p class=\"has-medium-font-size\"><strong>Placar para condenar r\u00e9us est\u00e1 2 a 0 e ainda faltam faltam tr\u00eas votos<\/strong><\/p>\n\n\n\n<p><strong>Ag\u00eancia Brasil<\/strong><\/p>\n\n\n\n<figure class=\"wp-block-image aligncenter size-full\"><a href=\"https:\/\/i0.wp.com\/blogdoeloiltoncajuhy.com.br\/site\/wp-content\/uploads\/2025\/09\/Trama-Golpista-3-Foto-Fabio-Rodrigues-Pozzebom-Agencia-Brasil.png?ssl=1\"><img data-recalc-dims=\"1\" fetchpriority=\"high\" decoding=\"async\" width=\"760\" height=\"455\" src=\"https:\/\/i0.wp.com\/blogdoeloiltoncajuhy.com.br\/site\/wp-content\/uploads\/2025\/09\/Trama-Golpista-3-Foto-Fabio-Rodrigues-Pozzebom-Agencia-Brasil.png?resize=760%2C455&#038;ssl=1\" alt=\"\" class=\"wp-image-90017\" srcset=\"https:\/\/i0.wp.com\/blogdoeloiltoncajuhy.com.br\/site\/wp-content\/uploads\/2025\/09\/Trama-Golpista-3-Foto-Fabio-Rodrigues-Pozzebom-Agencia-Brasil.png?w=760&amp;ssl=1 760w, https:\/\/i0.wp.com\/blogdoeloiltoncajuhy.com.br\/site\/wp-content\/uploads\/2025\/09\/Trama-Golpista-3-Foto-Fabio-Rodrigues-Pozzebom-Agencia-Brasil.png?resize=300%2C180&amp;ssl=1 300w\" sizes=\"(max-width: 760px) 100vw, 760px\" \/><\/a><figcaption class=\"wp-element-caption\"><sub>Foto: Fabio Rodrigues-Pozzebom\/Ag\u00eancia Brasil<\/sub><\/figcaption><\/figure>\n\n\n\n<p><strong><mark style=\"background-color:rgba(0, 0, 0, 0)\" class=\"has-inline-color has-black-color\">A Primeira Turma do Supremo Tribunal Federal (STF) realizou nesta ter\u00e7a-feira (9) o terceiro dia de julgamento que pode condenar o ex-presidente Jair Bolsonaro e mais sete aliados por tentativa de golpe de Estado.<\/mark>\u00a0<\/strong>At\u00e9 agora, o placar pela condena\u00e7\u00e3o est\u00e1 2 votos a 0 e ainda faltam o voto de tr\u00eas ministros.<img data-recalc-dims=\"1\" decoding=\"async\" src=\"https:\/\/i0.wp.com\/agenciabrasil.ebc.com.br\/ebc.png?w=800&#038;ssl=1\"><img data-recalc-dims=\"1\" decoding=\"async\" src=\"https:\/\/i0.wp.com\/agenciabrasil.ebc.com.br\/ebc.gif?w=800&#038;ssl=1\"><\/p>\n\n\n\n<p>Pela manh\u00e3,<strong>\u00a0<mark style=\"background-color:rgba(0, 0, 0, 0)\" class=\"has-inline-color has-black-color\">o relator do processo, ministro Alexandre de Moraes,\u00a0<a href=\"https:\/\/agenciabrasil.ebc.com.br\/justica\/noticia\/2025-09\/moraes-vota-para-condenar-bolsonaro-e-mais-sete-por-golpe-de-estado\">votou pela condena\u00e7\u00e3o<\/a>\u00a0de todos os r\u00e9us<\/mark><\/strong>\u00a0pelos crimes de\u00a0organiza\u00e7\u00e3o criminosa armada, tentativa de aboli\u00e7\u00e3o violenta do Estado Democr\u00e1tico de Direito, golpe de Estado, dano qualificado pela viol\u00eancia e grave amea\u00e7a e deteriora\u00e7\u00e3o de patrim\u00f4nio tombado.<\/p>\n\n\n\n<p>O ministro dividiu o voto em\u00a0<a href=\"https:\/\/agenciabrasil.ebc.com.br\/justica\/noticia\/2025-09\/moraes-enumera-13-atos-executorios-para-condenacao-de-bolsonaro\">13 \u201catos execut\u00f3rios\u201d<\/a>\u00a0e apresentou slides para expor os documentos e depoimentos que a seu ver comprovam o envolvimento dos r\u00e9us com a trama golpista.\u00a0<strong><mark style=\"background-color:rgba(0, 0, 0, 0)\" class=\"has-inline-color has-black-color\">Moraes salientou\u00a0<a href=\"https:\/\/agenciabrasil.ebc.com.br\/justica\/noticia\/2025-09\/moraes-nao-ha-duvida-sobre-tentativa-de-golpe-bolsonaro-era-lider\">n\u00e3o haver d\u00favidas<\/a>\u00a0da exist\u00eancia de uma tentativa de golpe de Estado, diante sobretudo da quebradeira ocorrida em 8 de janeiro de 2023, quando apoiadores de Bolsonaro invadiram e depredaram as sedes dos Tr\u00eas Poderes.<\/mark><\/strong><\/p>\n\n\n\n<p><strong><mark style=\"background-color:rgba(0, 0, 0, 0)\" class=\"has-inline-color has-black-color\">Na parte da tarde, foi a vez de o ministro Fl\u00e1vio Dino\u00a0<a href=\"https:\/\/agenciabrasil.ebc.com.br\/justica\/noticia\/2025-09\/dino-vota-pela-condenacao-de-bolsonaro-e-mais-sete-placar-esta-2-0\">votar pela condena\u00e7\u00e3o dos r\u00e9us<\/a>.<\/mark>\u00a0<\/strong>Em sua manifesta\u00e7\u00e3o, Dino detalhou a participa\u00e7\u00e3o de todos os acusados e se manifestou pela condena\u00e7\u00e3o de todos. Para o ministro, houve atos execut\u00f3rios para realiza\u00e7\u00e3o da tentativa golpista.\u00a0\u00a0<\/p>\n\n\n\n<p>Dino adiantou que vai propor penas maiores para o ex-presidente Jair Bolsonaro e o general Braga Netto, por entender que eles tiveram participa\u00e7\u00e3o de lideran\u00e7a no processo. No entanto, o ministro disse que vai votar pela ado\u00e7\u00e3o de penas menores para o ex-diretor da Abin Alexandre Ramagem e os generais Augusto Heleno e Paulo S\u00e9rgio.&nbsp;<\/p>\n\n\n\n<h4 class=\"wp-block-heading\"><strong><mark style=\"background-color:rgba(0, 0, 0, 0)\" class=\"has-inline-color has-black-color\">Julgamento<\/mark><\/strong><\/h4>\n\n\n\n<p>O julgamento come\u00e7ou na semana passada, quando&nbsp;<a href=\"https:\/\/agenciabrasil.ebc.com.br\/justica\/noticia\/2025-09\/confira-principais-defesas-feitas-no-2-dia-do-julgamento-de-bolsonaro\">foram ouvidas as sustenta\u00e7\u00f5es das defesas<\/a>&nbsp;do ex-presidente e dos demais acusados, al\u00e9m da manifesta\u00e7\u00e3o do procurador-geral da Rep\u00fablica, Paulo Gonet, favor\u00e1vel \u00e0 condena\u00e7\u00e3o de todos os r\u00e9us.<\/p>\n\n\n\n<p><strong><mark style=\"background-color:rgba(0, 0, 0, 0)\" class=\"has-inline-color has-black-color\">Depois dos votos de Moraes e Dino, a sess\u00e3o foi suspensa e est\u00e1 sendo retomada agora de manh\u00e3 para o voto dos ministros Luiz Fux, C\u00e1rmen L\u00facia e Cristiano Zanin.<\/mark><\/strong><\/p>\n\n\n\n<p>O tempo de pena ainda n\u00e3o foi anunciado e deve ser definido somente ao final da rodada de vota\u00e7\u00e3o sobre a condena\u00e7\u00e3o ou absolvi\u00e7\u00e3o dos r\u00e9us. Em caso de condena\u00e7\u00e3o, as penas podem chegar a 30 anos de pris\u00e3o em regime fechado.<\/p>\n","protected":false},"excerpt":{"rendered":"<p>Placar para condenar r\u00e9us est\u00e1 2 a 0 e ainda faltam faltam tr\u00eas votos Ag\u00eancia Brasil A Primeira Turma do Supremo Tribunal Federal (STF) realizou nesta ter\u00e7a-feira (9) o terceiro dia de julgamento que pode condenar o ex-presidente Jair Bolsonaro e mais sete aliados por tentativa de golpe de Estado.\u00a0At\u00e9 agora, o placar pela condena\u00e7\u00e3o [&hellip;]<\/p>\n","protected":false},"author":2,"featured_media":90017,"comment_status":"open","ping_status":"open","sticky":false,"template":"","format":"standard","meta":{"_acf_changed":false,"_monsterinsights_skip_tracking":false,"_monsterinsights_sitenote_active":false,"_monsterinsights_sitenote_note":"","_monsterinsights_sitenote_category":0,"_jetpack_memberships_contains_paid_content":false,"footnotes":"","jetpack_publicize_message":"","jetpack_publicize_feature_enabled":true,"jetpack_social_post_already_shared":true,"jetpack_social_options":{"image_generator_settings":{"template":"highway","default_image_id":0,"font":"","enabled":false},"version":2}},"categories":[3],"tags":[],"class_list":["post-90016","post","type-post","status-publish","format-standard","has-post-thumbnail","hentry","category-politica"],"acf":[],"jetpack_publicize_connections":[],"jetpack_featured_media_url":"https:\/\/i0.wp.com\/blogdoeloiltoncajuhy.com.br\/site\/wp-content\/uploads\/2025\/09\/Trama-Golpista-3-Foto-Fabio-Rodrigues-Pozzebom-Agencia-Brasil.png?fit=760%2C455&ssl=1","jetpack_sharing_enabled":true,"publishpress_future_workflow_manual_trigger":{"enabledWorkflows":[]},"_links":{"self":[{"href":"https:\/\/blogdoeloiltoncajuhy.com.br\/site\/wp-json\/wp\/v2\/posts\/90016","targetHints":{"allow":["GET"]}}],"collection":[{"href":"https:\/\/blogdoeloiltoncajuhy.com.br\/site\/wp-json\/wp\/v2\/posts"}],"about":[{"href":"https:\/\/blogdoeloiltoncajuhy.com.br\/site\/wp-json\/wp\/v2\/types\/post"}],"author":[{"embeddable":true,"href":"https:\/\/blogdoeloiltoncajuhy.com.br\/site\/wp-json\/wp\/v2\/users\/2"}],"replies":[{"embeddable":true,"href":"https:\/\/blogdoeloiltoncajuhy.com.br\/site\/wp-json\/wp\/v2\/comments?post=90016"}],"version-history":[{"count":1,"href":"https:\/\/blogdoeloiltoncajuhy.com.br\/site\/wp-json\/wp\/v2\/posts\/90016\/revisions"}],"predecessor-version":[{"id":90018,"href":"https:\/\/blogdoeloiltoncajuhy.com.br\/site\/wp-json\/wp\/v2\/posts\/90016\/revisions\/90018"}],"wp:featuredmedia":[{"embeddable":true,"href":"https:\/\/blogdoeloiltoncajuhy.com.br\/site\/wp-json\/wp\/v2\/media\/90017"}],"wp:attachment":[{"href":"https:\/\/blogdoeloiltoncajuhy.com.br\/site\/wp-json\/wp\/v2\/media?parent=90016"}],"wp:term":[{"taxonomy":"category","embeddable":true,"href":"https:\/\/blogdoeloiltoncajuhy.com.br\/site\/wp-json\/wp\/v2\/categories?post=90016"},{"taxonomy":"post_tag","embeddable":true,"href":"https:\/\/blogdoeloiltoncajuhy.com.br\/site\/wp-json\/wp\/v2\/tags?post=90016"}],"curies":[{"name":"wp","href":"https:\/\/api.w.org\/{rel}","templated":true}]}}