{"id":90001,"date":"2025-09-09T15:56:21","date_gmt":"2025-09-09T18:56:21","guid":{"rendered":"https:\/\/blogdoeloiltoncajuhy.com.br\/site\/?p=90001"},"modified":"2025-09-09T15:56:22","modified_gmt":"2025-09-09T18:56:22","slug":"flocao-de-milho-da-agricultura-familiar-da-bahia-cruza-o-oceano-e-brilha-em-festival-de-gastronomia-na-franca","status":"publish","type":"post","link":"https:\/\/blogdoeloiltoncajuhy.com.br\/site\/flocao-de-milho-da-agricultura-familiar-da-bahia-cruza-o-oceano-e-brilha-em-festival-de-gastronomia-na-franca\/","title":{"rendered":"Floc\u00e3o de milho da agricultura familiar da Bahia cruza o oceano e brilha em festival de gastronomia na Fran\u00e7a"},"content":{"rendered":"\n<p><strong>Blog do Eloilton Cajuhy \u2013 BEC<\/strong><\/p>\n\n\n\n<figure class=\"wp-block-image aligncenter size-full\"><a href=\"https:\/\/i0.wp.com\/blogdoeloiltoncajuhy.com.br\/site\/wp-content\/uploads\/2025\/09\/GOVBA_CAR_Flocao-01.jpeg?ssl=1\"><img data-recalc-dims=\"1\" fetchpriority=\"high\" decoding=\"async\" width=\"480\" height=\"640\" src=\"https:\/\/i0.wp.com\/blogdoeloiltoncajuhy.com.br\/site\/wp-content\/uploads\/2025\/09\/GOVBA_CAR_Flocao-01.jpeg?resize=480%2C640&#038;ssl=1\" alt=\"\" class=\"wp-image-90002\" srcset=\"https:\/\/i0.wp.com\/blogdoeloiltoncajuhy.com.br\/site\/wp-content\/uploads\/2025\/09\/GOVBA_CAR_Flocao-01.jpeg?w=480&amp;ssl=1 480w, https:\/\/i0.wp.com\/blogdoeloiltoncajuhy.com.br\/site\/wp-content\/uploads\/2025\/09\/GOVBA_CAR_Flocao-01.jpeg?resize=225%2C300&amp;ssl=1 225w\" sizes=\"(max-width: 480px) 100vw, 480px\" \/><\/a><figcaption class=\"wp-element-caption\"><sub>Foto: Delma Ferraz<\/sub><\/figcaption><\/figure>\n\n\n\n<p>A agricultura familiar da Bahia atravessou o oceano e conquistou espa\u00e7o em um dos palcos mais importantes da gastronomia internacional: o <strong><mark style=\"background-color:rgba(0, 0, 0, 0)\" class=\"has-inline-color has-black-color\">Festival Kouss-Kouss 2025<\/mark><\/strong>, realizado em Marselha, no sul da Fran\u00e7a. Entre chefs renomados e culturas diversas, a Cooperativa Agropecu\u00e1ria Mista Regional de Irec\u00ea (Copirec\u00ea), do munic\u00edpio de Irec\u00ea, reconhecida internacionalmente pela produ\u00e7\u00e3o de milho n\u00e3o transg\u00eanico, apresentou o tradicional floc\u00e3o de milho Puro Milho, ingrediente base do cuscuz que encantou os franceses.<br><\/p>\n\n\n\n<p>O evento, realizado desde 2018, \u00e9 uma verdadeira celebra\u00e7\u00e3o da culin\u00e1ria mediterr\u00e2nea e das tradi\u00e7\u00f5es ligadas ao cuscuz em diferentes pa\u00edses. A presen\u00e7a baiana foi viabilizada com apoio do Governo do Estado, por meio da Companhia de Desenvolvimento e A\u00e7\u00e3o Regional (CAR), vinculada \u00e0 Secretaria de Desenvolvimento Rural (SDR).<\/p>\n\n\n\n<p><strong><a href=\"https:\/\/whatsapp.com\/channel\/0029VaAT7tDLI8Yfj5y9Z50Z\" target=\"_blank\" rel=\"noreferrer noopener\"><mark style=\"background-color:rgba(0, 0, 0, 0)\" class=\"has-inline-color has-vivid-red-color\">>> Clique aqui e seja membro do canal do BEC no WhatsApp<\/mark><\/a><\/strong><br><\/p>\n\n\n\n<p>Para o diretor-presidente da CAR, Jeandro Ribeiro, a participa\u00e7\u00e3o reafirma a for\u00e7a e a qualidade da agricultura familiar da Bahia no cen\u00e1rio internacional.<\/p>\n\n\n\n<blockquote class=\"wp-block-quote is-layout-flow wp-block-quote-is-layout-flow\">\n<p><strong><mark style=\"background-color:rgba(0, 0, 0, 0)\" class=\"has-inline-color has-black-color\">\u201cEstamos mostrando para o mundo o que os agricultores e agricultoras familiares baianos produzem com tanto cuidado e dedica\u00e7\u00e3o. Levar o milho n\u00e3o transg\u00eanico da Copirec\u00ea para a Fran\u00e7a \u00e9 mais que abrir mercado: \u00e9 valorizar nossa gente, nossa cultura e a seguran\u00e7a alimentar\u201d.<br><\/mark><\/strong><\/p>\n<\/blockquote>\n\n\n\n<figure class=\"wp-block-image aligncenter size-full\"><a href=\"https:\/\/i0.wp.com\/blogdoeloiltoncajuhy.com.br\/site\/wp-content\/uploads\/2025\/09\/GOVBA_CAR_Flocao-02.jpeg?ssl=1\"><img data-recalc-dims=\"1\" decoding=\"async\" width=\"480\" height=\"640\" src=\"https:\/\/i0.wp.com\/blogdoeloiltoncajuhy.com.br\/site\/wp-content\/uploads\/2025\/09\/GOVBA_CAR_Flocao-02.jpeg?resize=480%2C640&#038;ssl=1\" alt=\"\" class=\"wp-image-90003\" srcset=\"https:\/\/i0.wp.com\/blogdoeloiltoncajuhy.com.br\/site\/wp-content\/uploads\/2025\/09\/GOVBA_CAR_Flocao-02.jpeg?w=480&amp;ssl=1 480w, https:\/\/i0.wp.com\/blogdoeloiltoncajuhy.com.br\/site\/wp-content\/uploads\/2025\/09\/GOVBA_CAR_Flocao-02.jpeg?resize=225%2C300&amp;ssl=1 225w\" sizes=\"(max-width: 480px) 100vw, 480px\" \/><\/a><figcaption class=\"wp-element-caption\"><sub>Foto: Delma Ferraz<\/sub><\/figcaption><\/figure>\n\n\n\n<p>A diretora-presidente da Copirec\u00ea, Zene Vieira, destacou o simbolismo de ver o cuscuz da agricultura familiar baiana em um festival internacional. \u201cEstar em Marselha \u00e9 uma vit\u00f3ria enorme para todos os cooperados. O nosso milho n\u00e3o transg\u00eanico ganha reconhecimento internacional e isso fortalece ainda mais a agricultura familiar baiana. Cada gr\u00e3o produzido pelos nossos agricultores tem hist\u00f3ria, tem identidade e agora tamb\u00e9m tem espa\u00e7o em um festival mundial\u201d.<br><\/p>\n\n\n\n<p>Quem acompanhou de perto a participa\u00e7\u00e3o foi Delma, baiana que vive na Fran\u00e7a desde 2020. Emocionada, ela celebrou o impacto de ver o produto em destaque. \u201cFoi um orgulho imenso ver o floc\u00e3o da Copirec\u00ea no pa\u00eds da gastronomia. O cuscuz feito com milho n\u00e3o transg\u00eanico chamou aten\u00e7\u00e3o pela qualidade. \u00c9 um sucesso ver um produto da agricultura familiar da Bahia chegando aqui e mostrando sua for\u00e7a.\u201d<br><\/p>\n\n\n\n<p>A participa\u00e7\u00e3o da Copirec\u00ea no Festival Kouss-Kouss seguiu at\u00e9 domingo (07) e refor\u00e7a o potencial dos produtos da agricultura familiar, e abre novas perspectivas de mercado, conectando a tradi\u00e7\u00e3o do cuscuz baiano com a diversidade gastron\u00f4mica mundial.<\/p>\n","protected":false},"excerpt":{"rendered":"<p>Blog do Eloilton Cajuhy \u2013 BEC A agricultura familiar da Bahia atravessou o oceano e conquistou espa\u00e7o em um dos palcos mais importantes da gastronomia internacional: o Festival Kouss-Kouss 2025, realizado em Marselha, no sul da Fran\u00e7a. Entre chefs renomados e culturas diversas, a Cooperativa Agropecu\u00e1ria Mista Regional de Irec\u00ea (Copirec\u00ea), do munic\u00edpio de Irec\u00ea, [&hellip;]<\/p>\n","protected":false},"author":2,"featured_media":90002,"comment_status":"open","ping_status":"open","sticky":false,"template":"","format":"standard","meta":{"_acf_changed":false,"_monsterinsights_skip_tracking":false,"_monsterinsights_sitenote_active":false,"_monsterinsights_sitenote_note":"","_monsterinsights_sitenote_category":0,"_jetpack_memberships_contains_paid_content":false,"footnotes":"","jetpack_publicize_message":"","jetpack_publicize_feature_enabled":true,"jetpack_social_post_already_shared":false,"jetpack_social_options":{"image_generator_settings":{"template":"highway","default_image_id":0,"font":"","enabled":false},"version":2}},"categories":[31],"tags":[],"class_list":["post-90001","post","type-post","status-publish","format-standard","has-post-thumbnail","hentry","category-economia"],"acf":[],"jetpack_publicize_connections":[],"jetpack_featured_media_url":"https:\/\/i0.wp.com\/blogdoeloiltoncajuhy.com.br\/site\/wp-content\/uploads\/2025\/09\/GOVBA_CAR_Flocao-01.jpeg?fit=480%2C640&ssl=1","jetpack_sharing_enabled":true,"publishpress_future_workflow_manual_trigger":{"enabledWorkflows":[]},"_links":{"self":[{"href":"https:\/\/blogdoeloiltoncajuhy.com.br\/site\/wp-json\/wp\/v2\/posts\/90001","targetHints":{"allow":["GET"]}}],"collection":[{"href":"https:\/\/blogdoeloiltoncajuhy.com.br\/site\/wp-json\/wp\/v2\/posts"}],"about":[{"href":"https:\/\/blogdoeloiltoncajuhy.com.br\/site\/wp-json\/wp\/v2\/types\/post"}],"author":[{"embeddable":true,"href":"https:\/\/blogdoeloiltoncajuhy.com.br\/site\/wp-json\/wp\/v2\/users\/2"}],"replies":[{"embeddable":true,"href":"https:\/\/blogdoeloiltoncajuhy.com.br\/site\/wp-json\/wp\/v2\/comments?post=90001"}],"version-history":[{"count":1,"href":"https:\/\/blogdoeloiltoncajuhy.com.br\/site\/wp-json\/wp\/v2\/posts\/90001\/revisions"}],"predecessor-version":[{"id":90004,"href":"https:\/\/blogdoeloiltoncajuhy.com.br\/site\/wp-json\/wp\/v2\/posts\/90001\/revisions\/90004"}],"wp:featuredmedia":[{"embeddable":true,"href":"https:\/\/blogdoeloiltoncajuhy.com.br\/site\/wp-json\/wp\/v2\/media\/90002"}],"wp:attachment":[{"href":"https:\/\/blogdoeloiltoncajuhy.com.br\/site\/wp-json\/wp\/v2\/media?parent=90001"}],"wp:term":[{"taxonomy":"category","embeddable":true,"href":"https:\/\/blogdoeloiltoncajuhy.com.br\/site\/wp-json\/wp\/v2\/categories?post=90001"},{"taxonomy":"post_tag","embeddable":true,"href":"https:\/\/blogdoeloiltoncajuhy.com.br\/site\/wp-json\/wp\/v2\/tags?post=90001"}],"curies":[{"name":"wp","href":"https:\/\/api.w.org\/{rel}","templated":true}]}}