{"id":89975,"date":"2025-09-08T15:14:34","date_gmt":"2025-09-08T18:14:34","guid":{"rendered":"https:\/\/blogdoeloiltoncajuhy.com.br\/site\/?p=89975"},"modified":"2025-09-08T15:16:39","modified_gmt":"2025-09-08T18:16:39","slug":"hospital-paulo-hilariao-de-referencia-regional-ao-centro-de-disputa-judicial-milionaria-em-senhor-do-bonfim","status":"publish","type":"post","link":"https:\/\/blogdoeloiltoncajuhy.com.br\/site\/hospital-paulo-hilariao-de-referencia-regional-ao-centro-de-disputa-judicial-milionaria-em-senhor-do-bonfim\/","title":{"rendered":"Hospital Paulo Hilari\u00e3o: De refer\u00eancia regional ao centro de disputa judicial milion\u00e1ria em Senhor do Bonfim"},"content":{"rendered":"\n<p class=\"has-medium-font-size\"><strong>Hospital fechou as portas em 2021 e desde ent\u00e3o vem sendo alvo de disputa judicial<\/strong><\/p>\n\n\n\n<p><strong>Blog do Eloilton Cajuhy \u2013 BEC<\/strong><\/p>\n\n\n\n<figure class=\"wp-block-image aligncenter size-full is-resized\"><a href=\"https:\/\/i0.wp.com\/blogdoeloiltoncajuhy.com.br\/site\/wp-content\/uploads\/2018\/05\/hospital-paulo-hilari%C3%A3o.jpg?ssl=1\"><img data-recalc-dims=\"1\" fetchpriority=\"high\" decoding=\"async\" width=\"600\" height=\"338\" src=\"https:\/\/i0.wp.com\/blogdoeloiltoncajuhy.com.br\/site\/wp-content\/uploads\/2018\/05\/hospital-paulo-hilari%C3%A3o.jpg?resize=600%2C338&#038;ssl=1\" alt=\"\" class=\"wp-image-24938\" style=\"width:703px;height:auto\" srcset=\"https:\/\/i0.wp.com\/blogdoeloiltoncajuhy.com.br\/site\/wp-content\/uploads\/2018\/05\/hospital-paulo-hilari%C3%A3o.jpg?w=600&amp;ssl=1 600w, https:\/\/i0.wp.com\/blogdoeloiltoncajuhy.com.br\/site\/wp-content\/uploads\/2018\/05\/hospital-paulo-hilari%C3%A3o.jpg?resize=300%2C169&amp;ssl=1 300w, https:\/\/i0.wp.com\/blogdoeloiltoncajuhy.com.br\/site\/wp-content\/uploads\/2018\/05\/hospital-paulo-hilari%C3%A3o.jpg?resize=250%2C141&amp;ssl=1 250w\" sizes=\"(max-width: 600px) 100vw, 600px\" \/><\/a><figcaption class=\"wp-element-caption\"><sub>Hospital e Maternidade Paulo Hilari\u00e3o, fechado desde 2021 &#8211; Foto: Reprodu\u00e7\u00e3o \/ Redes Sociais<\/sub><\/figcaption><\/figure>\n\n\n\n<p>O Hospital e Maternidade Dr. Paulo Hilari\u00e3o, um dos mais tradicionais de Senhor do Bonfim e regi\u00e3o, fechou suas portas em 2021, em plena pandemia de Covid-19. O encerramento das atividades gerou forte impacto social, j\u00e1 que dezenas de servidores ficaram desempregados e a popula\u00e7\u00e3o perdeu uma das principais unidades de sa\u00fade do munic\u00edpio.<\/p>\n\n\n\n<h4 class=\"wp-block-heading\"><strong><mark style=\"background-color:rgba(0, 0, 0, 0)\" class=\"has-inline-color has-black-color\">O in\u00edcio da disputa<\/mark><\/strong><\/h4>\n\n\n\n<p>O hospital pertencia ao m\u00e9dico Paulo Roberto Pombo Hilari\u00e3o, figura de destaque na medicina bonfinense, falecido em 2021. Antes de sua morte, em 2019, ele e sua filha, a m\u00e9dica Ana \u00c1urea Vilas Boas Pombo Hilari\u00e3o, assinaram contrato de compra e venda de quotas da sociedade empresarial respons\u00e1vel pelo hospital, no valor de R$ 18,2 milh\u00f5es. Os compradores foram os m\u00e9dicos Cl\u00e1udio Santos de Britto J\u00fanior, Andr\u00e9 Souza Brito Oliveira, Amilton Soares, Jachson Rafael Silva Leite e \u00darsula Costa da Silva.<\/p>\n\n\n\n<p><strong><a href=\"https:\/\/whatsapp.com\/channel\/0029VaAT7tDLI8Yfj5y9Z50Z\" target=\"_blank\" rel=\"noreferrer noopener\"><mark style=\"background-color:rgba(0, 0, 0, 0)\" class=\"has-inline-color has-vivid-red-color\">&gt;&gt; Clique aqui e seja membro do canal do BEC no WhatsApp<\/mark><\/a><\/strong><\/p>\n\n\n\n<p>O contrato previa pagamento parcelado e cl\u00e1usula resolutiva em caso de inadimpl\u00eancia. Entretanto, segundo os herdeiros, os pagamentos deixaram de ser realizados a partir de janeiro de 2021, acumulando d\u00edvida de R$ 14,1 milh\u00f5es. A acusa\u00e7\u00e3o inclu\u00eda ainda m\u00e1 gest\u00e3o administrativa, fechamento do hospital e endividamento da empresa.<\/p>\n\n\n\n<h4 class=\"wp-block-heading\"><strong><mark style=\"background-color:rgba(0, 0, 0, 0)\" class=\"has-inline-color has-black-color\">A\u00e7\u00e3o judicial milion\u00e1ria<\/mark><\/strong><\/h4>\n\n\n\n<p>Em 31 de maio de 2021, os herdeiros ingressaram com a\u00e7\u00e3o de rescis\u00e3o contratual cumulada com imiss\u00e3o de posse e perdas e danos perante a 1\u00aa Vara de Senhor do Bonfim-BA. O valor atribu\u00eddo \u00e0 causa foi de R$ 18,2 milh\u00f5es. De um lado, estavam como autores Ana \u00c1urea Vilas Boas Pombo Hilari\u00e3o e o Esp\u00f3lio de Rita de C\u00e1ssia Ramos Loureiro Vilas Boas Pombo Hilari\u00e3o, representado pela inventariante M\u00f4nica de Faria Pombo Hilari\u00e3o Pacheco, assistidos pelos advogados Patr\u00edcio Tadeu Feitosa Valgueiro, Paulo Tarc\u00edsio Feitosa Valgueiro e Paula Frassinetti Feitosa Valgueiro. Do outro, os r\u00e9us m\u00e9dicos, representados em sua maioria pelo advogado Deivson Alves; j\u00e1 o r\u00e9u Andr\u00e9 Souza Brito Oliveira foi defendido pelo advogado bonfinense Pedro Cordeiro de Almeida Neto.<\/p>\n\n\n\n<h4 class=\"wp-block-heading\"><strong><mark style=\"background-color:rgba(0, 0, 0, 0)\" class=\"has-inline-color has-black-color\">Acordos parciais e acusa\u00e7\u00e3o de m\u00e1 gest\u00e3o<\/mark><\/strong><\/h4>\n\n\n\n<p>No curso do processo, quatro dos r\u00e9us \u2014 Cl\u00e1udio Santos de Britto J\u00fanior, Amilton Soares, Jachson Rafael Silva Leite e \u00darsula Costa da Silva \u2014 firmaram acordo com os autores, comprometendo-se ao pagamento de R$ 4,1 milh\u00f5es e transferindo as responsabilidades futuras ao esp\u00f3lio de Paulo Hilari\u00e3o. Ap\u00f3s o acordo, esses ex-s\u00f3cios passaram a apontar o m\u00e9dico Andr\u00e9 Souza Brito Oliveira como respons\u00e1vel pela m\u00e1 gest\u00e3o.<\/p>\n\n\n\n<h4 class=\"wp-block-heading\"><strong><mark style=\"background-color:rgba(0, 0, 0, 0)\" class=\"has-inline-color has-black-color\">Senten\u00e7a de 1\u00aa inst\u00e2ncia<\/mark><\/strong><\/h4>\n\n\n\n<p>Em 15 de mar\u00e7o deste ano, o juiz Teomar Almeida de Oliveira, da 1\u00aa Vara C\u00edvel de Senhor do Bonfim-BA, proferiu senten\u00e7a parcialmente procedente, reconhecendo a rescis\u00e3o do contrato por culpa rec\u00edproca, mas sem responsabiliza\u00e7\u00e3o por perdas e danos contra Andr\u00e9 Souza Brito Oliveira. Na decis\u00e3o, o magistrado destacou que tanto os herdeiros quanto os compradores deixaram de cumprir cl\u00e1usulas contratuais essenciais, o que inviabilizava a condena\u00e7\u00e3o exclusiva de uma das partes. O juiz ainda determinou a extin\u00e7\u00e3o do processo com resolu\u00e7\u00e3o do m\u00e9rito e condenou os autores ao pagamento de honor\u00e1rios advocat\u00edcios fixados em 10% do valor da causa, o que representa mais de R$ 2 milh\u00f5es, a serem pagos ao advogado vencedor, Pedro Cordeiro.<\/p>\n\n\n\n<h4 class=\"wp-block-heading\"><strong><mark style=\"background-color:rgba(0, 0, 0, 0)\" class=\"has-inline-color has-black-color\">Tribunal de Justi\u00e7a confirma decis\u00e3o<\/mark><\/strong><\/h4>\n\n\n\n<p>Os autores apelaram ao Tribunal de Justi\u00e7a da Bahia (TJ-BA), buscando reverter a decis\u00e3o. Entretanto, o colegiado manteve integralmente a senten\u00e7a de 1\u00aa inst\u00e2ncia, confirmando a rescis\u00e3o do contrato, mas afastando indeniza\u00e7\u00f5es por perdas, danos, lucros cessantes e danos morais, mantendo a condena\u00e7\u00e3o dos autores ao pagamento de honor\u00e1rios advocat\u00edcios fixados em 10% do valor da causa, o que representa mais de R$ 2 milh\u00f5es, a serem pagos ao advogado vencedor, Pedro Cordeiro.<\/p>\n\n\n\n<h4 class=\"wp-block-heading\"><strong><mark style=\"background-color:rgba(0, 0, 0, 0)\" class=\"has-inline-color has-black-color\">Impactos e reflexos locais<\/mark><\/strong><\/h4>\n\n\n\n<p>A disputa judicial exp\u00f4s n\u00e3o apenas as fragilidades contratuais da opera\u00e7\u00e3o milion\u00e1ria, mas tamb\u00e9m trouxe \u00e0 tona o vazio assistencial deixado pelo fechamento do hospital. At\u00e9 hoje, a aus\u00eancia de funcionamento da unidade \u00e9 sentida pela comunidade bonfinense, que perdeu um pilar hist\u00f3rico da sa\u00fade regional, fundado e consolidado pela atua\u00e7\u00e3o do m\u00e9dico Paulo Hilari\u00e3o.<\/p>\n\n\n\n<h4 class=\"wp-block-heading\"><strong><mark style=\"background-color:rgba(0, 0, 0, 0)\" class=\"has-inline-color has-black-color\">Conclus\u00e3o<\/mark><\/strong><\/h4>\n\n\n\n<p>O caso do Hospital Paulo Hilari\u00e3o \u00e9 emblem\u00e1tico: une aspectos humanos, hist\u00f3ricos, sociais e jur\u00eddicos. Ao mesmo tempo em que representa a mem\u00f3ria e dedica\u00e7\u00e3o de um m\u00e9dico reconhecido, revela tamb\u00e9m os riscos de negocia\u00e7\u00f5es mal conduzidas, a vulnerabilidade de institui\u00e7\u00f5es de sa\u00fade privadas e as consequ\u00eancias de lit\u00edgios milion\u00e1rios que se arrastam por anos.<\/p>\n","protected":false},"excerpt":{"rendered":"<p>Hospital fechou as portas em 2021 e desde ent\u00e3o vem sendo alvo de disputa judicial Blog do Eloilton Cajuhy \u2013 BEC O Hospital e Maternidade Dr. Paulo Hilari\u00e3o, um dos mais tradicionais de Senhor do Bonfim e regi\u00e3o, fechou suas portas em 2021, em plena pandemia de Covid-19. O encerramento das atividades gerou forte impacto [&hellip;]<\/p>\n","protected":false},"author":2,"featured_media":24938,"comment_status":"open","ping_status":"open","sticky":false,"template":"","format":"standard","meta":{"_acf_changed":false,"_monsterinsights_skip_tracking":false,"_monsterinsights_sitenote_active":false,"_monsterinsights_sitenote_note":"","_monsterinsights_sitenote_category":0,"_jetpack_memberships_contains_paid_content":false,"footnotes":"","jetpack_publicize_message":"","jetpack_publicize_feature_enabled":true,"jetpack_social_post_already_shared":false,"jetpack_social_options":{"image_generator_settings":{"template":"highway","default_image_id":0,"font":"","enabled":false},"version":2}},"categories":[4],"tags":[],"class_list":["post-89975","post","type-post","status-publish","format-standard","has-post-thumbnail","hentry","category-local"],"acf":[],"jetpack_publicize_connections":[],"jetpack_featured_media_url":"https:\/\/i0.wp.com\/blogdoeloiltoncajuhy.com.br\/site\/wp-content\/uploads\/2018\/05\/hospital-paulo-hilari%C3%A3o.jpg?fit=600%2C338&ssl=1","jetpack_sharing_enabled":true,"publishpress_future_workflow_manual_trigger":{"enabledWorkflows":[]},"_links":{"self":[{"href":"https:\/\/blogdoeloiltoncajuhy.com.br\/site\/wp-json\/wp\/v2\/posts\/89975","targetHints":{"allow":["GET"]}}],"collection":[{"href":"https:\/\/blogdoeloiltoncajuhy.com.br\/site\/wp-json\/wp\/v2\/posts"}],"about":[{"href":"https:\/\/blogdoeloiltoncajuhy.com.br\/site\/wp-json\/wp\/v2\/types\/post"}],"author":[{"embeddable":true,"href":"https:\/\/blogdoeloiltoncajuhy.com.br\/site\/wp-json\/wp\/v2\/users\/2"}],"replies":[{"embeddable":true,"href":"https:\/\/blogdoeloiltoncajuhy.com.br\/site\/wp-json\/wp\/v2\/comments?post=89975"}],"version-history":[{"count":2,"href":"https:\/\/blogdoeloiltoncajuhy.com.br\/site\/wp-json\/wp\/v2\/posts\/89975\/revisions"}],"predecessor-version":[{"id":89977,"href":"https:\/\/blogdoeloiltoncajuhy.com.br\/site\/wp-json\/wp\/v2\/posts\/89975\/revisions\/89977"}],"wp:featuredmedia":[{"embeddable":true,"href":"https:\/\/blogdoeloiltoncajuhy.com.br\/site\/wp-json\/wp\/v2\/media\/24938"}],"wp:attachment":[{"href":"https:\/\/blogdoeloiltoncajuhy.com.br\/site\/wp-json\/wp\/v2\/media?parent=89975"}],"wp:term":[{"taxonomy":"category","embeddable":true,"href":"https:\/\/blogdoeloiltoncajuhy.com.br\/site\/wp-json\/wp\/v2\/categories?post=89975"},{"taxonomy":"post_tag","embeddable":true,"href":"https:\/\/blogdoeloiltoncajuhy.com.br\/site\/wp-json\/wp\/v2\/tags?post=89975"}],"curies":[{"name":"wp","href":"https:\/\/api.w.org\/{rel}","templated":true}]}}