{"id":89971,"date":"2025-09-08T09:16:54","date_gmt":"2025-09-08T12:16:54","guid":{"rendered":"https:\/\/blogdoeloiltoncajuhy.com.br\/site\/?p=89971"},"modified":"2025-09-08T09:16:56","modified_gmt":"2025-09-08T12:16:56","slug":"carnaval-de-salvador-e-romaria-de-bom-jesus-da-lapa-sao-reconhecidos-como-manifestacoes-da-cultura-nacional","status":"publish","type":"post","link":"https:\/\/blogdoeloiltoncajuhy.com.br\/site\/carnaval-de-salvador-e-romaria-de-bom-jesus-da-lapa-sao-reconhecidos-como-manifestacoes-da-cultura-nacional\/","title":{"rendered":"Carnaval de Salvador e Romaria de Bom Jesus da Lapa s\u00e3o reconhecidos como manifesta\u00e7\u00f5es da cultura nacional"},"content":{"rendered":"\n<p class=\"has-medium-font-size\"><strong>Decretos foram publicados na edi\u00e7\u00e3o do Di\u00e1rio Oficial da Uni\u00e3o desta segunda-feira (8)<\/strong><\/p>\n\n\n\n<p><strong>Por g1 BA<\/strong><\/p>\n\n\n\n<figure class=\"wp-block-image aligncenter size-full\"><a href=\"https:\/\/i0.wp.com\/blogdoeloiltoncajuhy.com.br\/site\/wp-content\/uploads\/2025\/02\/Carnaval-de-Salvador_Foto_Alfredo-Filho-Secom.png?ssl=1\"><img data-recalc-dims=\"1\" fetchpriority=\"high\" decoding=\"async\" width=\"800\" height=\"443\" src=\"https:\/\/i0.wp.com\/blogdoeloiltoncajuhy.com.br\/site\/wp-content\/uploads\/2025\/02\/Carnaval-de-Salvador_Foto_Alfredo-Filho-Secom.png?resize=800%2C443&#038;ssl=1\" alt=\"\" class=\"wp-image-85782\" srcset=\"https:\/\/i0.wp.com\/blogdoeloiltoncajuhy.com.br\/site\/wp-content\/uploads\/2025\/02\/Carnaval-de-Salvador_Foto_Alfredo-Filho-Secom.png?w=882&amp;ssl=1 882w, https:\/\/i0.wp.com\/blogdoeloiltoncajuhy.com.br\/site\/wp-content\/uploads\/2025\/02\/Carnaval-de-Salvador_Foto_Alfredo-Filho-Secom.png?resize=300%2C166&amp;ssl=1 300w, https:\/\/i0.wp.com\/blogdoeloiltoncajuhy.com.br\/site\/wp-content\/uploads\/2025\/02\/Carnaval-de-Salvador_Foto_Alfredo-Filho-Secom.png?resize=768%2C425&amp;ssl=1 768w\" sizes=\"(max-width: 800px) 100vw, 800px\" \/><\/a><figcaption class=\"wp-element-caption\"><sub>Foto: Alfredo Filho\/Secom<\/sub><\/figcaption><\/figure>\n\n\n\n<p>O carnaval de Salvador e a Romaria de Bom Jesus da Lapa foram reconhecidos oficialmente como manifesta\u00e7\u00e3o da cultura nacional pelo governo federal.<\/p>\n\n\n\n<p>As leis foram sancionadas pelo presidente Luiz In\u00e1cio Lula da Silva (PT), na sexta-feira (5), e entraram em vigor nesta segunda (8), quando os decretos foram publicados na edi\u00e7\u00e3o do Di\u00e1rio Oficial da Uni\u00e3o.<\/p>\n\n\n\n<p>No caso da Romaria de Bom Jesus da Lapa, o governo ficou autorizado a fomentar atividades relacionadas \u00e0 romaria at\u00e9 o Santu\u00e1rio, com os seguintes objetivos:<\/p>\n\n\n\n<ul class=\"wp-block-list\">\n<li>Pol\u00edticas p\u00fablicas de seguran\u00e7a aos romeiros;<\/li>\n\n\n\n<li>Celebra\u00e7\u00e3o dos atos religiosos e a realiza\u00e7\u00e3o de cultos e eventos;<\/li>\n\n\n\n<li>Integra\u00e7\u00e3o dos romeiros no trajeto at\u00e9 o Santu\u00e1rio do Bom Jesus da Lapa;<\/li>\n\n\n\n<li>Apoio aos romeiros em todas as a\u00e7\u00f5es que envolvam as celebra\u00e7\u00f5es e as realiza\u00e7\u00f5es do evento cultural;<\/li>\n\n\n\n<li>Registro da romaria no Instituto do Patrim\u00f4nio Hist\u00f3rico e Art\u00edstico Nacional (Iphan) como bem cultural de natureza imaterial.<\/li>\n<\/ul>\n\n\n\n<p><\/p>\n\n\n\n<p><strong><a href=\"https:\/\/whatsapp.com\/channel\/0029VaAT7tDLI8Yfj5y9Z50Z\" target=\"_blank\" rel=\"noreferrer noopener\"><mark style=\"background-color:rgba(0, 0, 0, 0)\" class=\"has-inline-color has-vivid-red-color\">>> Clique aqui e seja membro do canal do BEC no WhatsApp<\/mark><\/a><\/strong><\/p>\n\n\n\n<p>S\u00edmbolo da cultura popular brasileira e motor da economia baiana, o carnaval de Salvador foi reconhecido como manifesta\u00e7\u00e3o da cultura nacional ap\u00f3s um Projeto de Lei (PL) feito pela deputada federal Alice Portugal (PCdoB).<\/p>\n\n\n\n<p>O projeto ressalta o valor hist\u00f3rico, cultural e econ\u00f4mico da festa. Apenas em 2025, mais de 3,5 milh\u00f5es de turistas estiveram na Bahia durante o per\u00edodo, sendo 850 mil em Salvador, principal destino.<\/p>\n\n\n\n<p>A receita gerada ultrapassou R$ 7 bilh\u00f5es, com a supera\u00e7\u00e3o dos n\u00fameros de 2024 e os patamares registrados antes da pandemia.<\/p>\n\n\n\n<h4 class=\"wp-block-heading\"><strong><mark style=\"background-color:rgba(0, 0, 0, 0)\" class=\"has-inline-color has-black-color\">Uma das maiores manifesta\u00e7\u00f5es de f\u00e9<\/mark><\/strong><\/h4>\n\n\n\n<figure class=\"wp-block-image aligncenter size-full\"><a href=\"https:\/\/i0.wp.com\/blogdoeloiltoncajuhy.com.br\/site\/wp-content\/uploads\/2025\/09\/Romaria-de-Bom-Jesus-da-Lapa-%E2%80%94-Foto-Uelder-Negrao-Alex-Raffaelli-Imagens-Drone-Acervo-do-Santuario-da-Lapa.png?ssl=1\"><img data-recalc-dims=\"1\" decoding=\"async\" width=\"800\" height=\"535\" src=\"https:\/\/i0.wp.com\/blogdoeloiltoncajuhy.com.br\/site\/wp-content\/uploads\/2025\/09\/Romaria-de-Bom-Jesus-da-Lapa-%E2%80%94-Foto-Uelder-Negrao-Alex-Raffaelli-Imagens-Drone-Acervo-do-Santuario-da-Lapa.png?resize=800%2C535&#038;ssl=1\" alt=\"\" class=\"wp-image-89972\" srcset=\"https:\/\/i0.wp.com\/blogdoeloiltoncajuhy.com.br\/site\/wp-content\/uploads\/2025\/09\/Romaria-de-Bom-Jesus-da-Lapa-%E2%80%94-Foto-Uelder-Negrao-Alex-Raffaelli-Imagens-Drone-Acervo-do-Santuario-da-Lapa.png?w=818&amp;ssl=1 818w, https:\/\/i0.wp.com\/blogdoeloiltoncajuhy.com.br\/site\/wp-content\/uploads\/2025\/09\/Romaria-de-Bom-Jesus-da-Lapa-%E2%80%94-Foto-Uelder-Negrao-Alex-Raffaelli-Imagens-Drone-Acervo-do-Santuario-da-Lapa.png?resize=300%2C201&amp;ssl=1 300w, https:\/\/i0.wp.com\/blogdoeloiltoncajuhy.com.br\/site\/wp-content\/uploads\/2025\/09\/Romaria-de-Bom-Jesus-da-Lapa-%E2%80%94-Foto-Uelder-Negrao-Alex-Raffaelli-Imagens-Drone-Acervo-do-Santuario-da-Lapa.png?resize=768%2C514&amp;ssl=1 768w\" sizes=\"(max-width: 800px) 100vw, 800px\" \/><\/a><figcaption class=\"wp-element-caption\"><sub>Romaria de Bom Jesus da Lapa \u2014 Foto: Uelder Negr\u00e3o \/ Alex Raffaelli (Imagens Drone) &#8211; Acervo do Santu\u00e1rio da Lapa<\/sub><\/figcaption><\/figure>\n\n\n\n<p>A Romaria de Bom Jesus da Lapa ocorre anualmente entre 28 de julho e 6 de agosto, com a reuni\u00e3o de aproximadamente 600 mil fi\u00e9is na cidade de Bom Jesus da Lapa, no oeste baiano. O evento \u00e9 considerado uma das maiores manifesta\u00e7\u00f5es religiosas do pa\u00eds, com forte impacto social, cultural e econ\u00f4mico.<\/p>\n\n\n\n<p>O projeto que reconhece o projeto como manifesta\u00e7\u00e3o da cultura nacional foi proposto pelo deputado Arthur Maia (Uni\u00e3o Brasil). A hist\u00f3ria das peregrina\u00e7\u00f5es \u00e0 caverna come\u00e7ou h\u00e1 mais de tr\u00eas s\u00e9culos, em 1691, com o religioso portugu\u00eas Francisco de Mendon\u00e7a Mar que, ap\u00f3s longa e sofrida caminhada, conduzindo uma imagem do Senhor Bom Jesus, resolveu se instalar na gruta.<\/p>\n\n\n\n<p>Com um legado marcado pela caridade e acolhimento aos mais pobres, tornou-se Padre Francisco da Soledade e faleceu por volta de 1722. Atualmente, o Santu\u00e1rio conta com 16 grutas, sendo nove internas. As principais s\u00e3o do Bom Jesus da Lapa e de Nossa Senhora da Soledade.<\/p>\n\n\n\n<p>Outro local de visita\u00e7\u00e3o \u00e9 o cruzeiro que fica na parte de cima da gruta, o morro. S\u00e3o aproximadamente 90 metros de altura, com dois percursos principais: um interno e outro externo.<\/p>\n","protected":false},"excerpt":{"rendered":"<p>Decretos foram publicados na edi\u00e7\u00e3o do Di\u00e1rio Oficial da Uni\u00e3o desta segunda-feira (8) Por g1 BA O carnaval de Salvador e a Romaria de Bom Jesus da Lapa foram reconhecidos oficialmente como manifesta\u00e7\u00e3o da cultura nacional pelo governo federal. As leis foram sancionadas pelo presidente Luiz In\u00e1cio Lula da Silva (PT), na sexta-feira (5), e [&hellip;]<\/p>\n","protected":false},"author":2,"featured_media":89973,"comment_status":"open","ping_status":"open","sticky":false,"template":"","format":"standard","meta":{"_acf_changed":false,"_monsterinsights_skip_tracking":false,"_monsterinsights_sitenote_active":false,"_monsterinsights_sitenote_note":"","_monsterinsights_sitenote_category":0,"_jetpack_memberships_contains_paid_content":false,"footnotes":"","jetpack_publicize_message":"","jetpack_publicize_feature_enabled":true,"jetpack_social_post_already_shared":true,"jetpack_social_options":{"image_generator_settings":{"template":"highway","default_image_id":0,"font":"","enabled":false},"version":2}},"categories":[8],"tags":[],"class_list":["post-89971","post","type-post","status-publish","format-standard","has-post-thumbnail","hentry","category-cultura"],"acf":[],"jetpack_publicize_connections":[],"jetpack_featured_media_url":"https:\/\/i0.wp.com\/blogdoeloiltoncajuhy.com.br\/site\/wp-content\/uploads\/2025\/09\/Carnaval-de-Salvador-Romaria-Bom-Jesus-da-Lapa.png?fit=732%2C738&ssl=1","jetpack_sharing_enabled":true,"publishpress_future_workflow_manual_trigger":{"enabledWorkflows":[]},"_links":{"self":[{"href":"https:\/\/blogdoeloiltoncajuhy.com.br\/site\/wp-json\/wp\/v2\/posts\/89971","targetHints":{"allow":["GET"]}}],"collection":[{"href":"https:\/\/blogdoeloiltoncajuhy.com.br\/site\/wp-json\/wp\/v2\/posts"}],"about":[{"href":"https:\/\/blogdoeloiltoncajuhy.com.br\/site\/wp-json\/wp\/v2\/types\/post"}],"author":[{"embeddable":true,"href":"https:\/\/blogdoeloiltoncajuhy.com.br\/site\/wp-json\/wp\/v2\/users\/2"}],"replies":[{"embeddable":true,"href":"https:\/\/blogdoeloiltoncajuhy.com.br\/site\/wp-json\/wp\/v2\/comments?post=89971"}],"version-history":[{"count":1,"href":"https:\/\/blogdoeloiltoncajuhy.com.br\/site\/wp-json\/wp\/v2\/posts\/89971\/revisions"}],"predecessor-version":[{"id":89974,"href":"https:\/\/blogdoeloiltoncajuhy.com.br\/site\/wp-json\/wp\/v2\/posts\/89971\/revisions\/89974"}],"wp:featuredmedia":[{"embeddable":true,"href":"https:\/\/blogdoeloiltoncajuhy.com.br\/site\/wp-json\/wp\/v2\/media\/89973"}],"wp:attachment":[{"href":"https:\/\/blogdoeloiltoncajuhy.com.br\/site\/wp-json\/wp\/v2\/media?parent=89971"}],"wp:term":[{"taxonomy":"category","embeddable":true,"href":"https:\/\/blogdoeloiltoncajuhy.com.br\/site\/wp-json\/wp\/v2\/categories?post=89971"},{"taxonomy":"post_tag","embeddable":true,"href":"https:\/\/blogdoeloiltoncajuhy.com.br\/site\/wp-json\/wp\/v2\/tags?post=89971"}],"curies":[{"name":"wp","href":"https:\/\/api.w.org\/{rel}","templated":true}]}}