{"id":89969,"date":"2025-09-08T08:57:34","date_gmt":"2025-09-08T11:57:34","guid":{"rendered":"https:\/\/blogdoeloiltoncajuhy.com.br\/site\/?p=89969"},"modified":"2025-09-08T08:57:36","modified_gmt":"2025-09-08T11:57:36","slug":"homicidio-e-registrado-durante-tiroteio-em-quice-distrito-de-senhor-do-bonfim","status":"publish","type":"post","link":"https:\/\/blogdoeloiltoncajuhy.com.br\/site\/homicidio-e-registrado-durante-tiroteio-em-quice-distrito-de-senhor-do-bonfim\/","title":{"rendered":"Homic\u00eddio \u00e9 registrado durante tiroteio em Quic\u00e9, distrito de Senhor do Bonfim"},"content":{"rendered":"\n<p class=\"has-medium-font-size\"><strong>Viol\u00eancia na localidade preocupa moradores<\/strong><\/p>\n\n\n\n<p><strong>Por Blog do Eloilton Cajuhy \u2013 BEC<\/strong><\/p>\n\n\n\n<figure class=\"wp-block-image aligncenter size-full\"><a href=\"https:\/\/i0.wp.com\/blogdoeloiltoncajuhy.com.br\/site\/wp-content\/uploads\/2024\/03\/Card-policia-PM-PC.jpeg?ssl=1\"><img data-recalc-dims=\"1\" fetchpriority=\"high\" decoding=\"async\" width=\"681\" height=\"450\" src=\"https:\/\/i0.wp.com\/blogdoeloiltoncajuhy.com.br\/site\/wp-content\/uploads\/2024\/03\/Card-policia-PM-PC.jpeg?resize=681%2C450&#038;ssl=1\" alt=\"\" class=\"wp-image-79626\" srcset=\"https:\/\/i0.wp.com\/blogdoeloiltoncajuhy.com.br\/site\/wp-content\/uploads\/2024\/03\/Card-policia-PM-PC.jpeg?w=681&amp;ssl=1 681w, https:\/\/i0.wp.com\/blogdoeloiltoncajuhy.com.br\/site\/wp-content\/uploads\/2024\/03\/Card-policia-PM-PC.jpeg?resize=300%2C198&amp;ssl=1 300w\" sizes=\"(max-width: 681px) 100vw, 681px\" \/><\/a><figcaption class=\"wp-element-caption\"><sub>Madruga de segunda-feira com tiros e morte em Quic\u00e9<\/sub><\/figcaption><\/figure>\n\n\n\n<p>A madrugada desta segunda-feira (08) foi marcada por mais um epis\u00f3dio de viol\u00eancia no distrito de Quic\u00e9, em Senhor do Bonfim. De acordo com informa\u00e7\u00f5es do <strong>Blog do Netto Maravilha<\/strong>, tiroteios t\u00eam ocorrido com frequ\u00eancia na localidade.<\/p>\n\n\n\n<p>Na ocorr\u00eancia mais recente, registrada na Pra\u00e7a da Igreja, um homem identificado como <strong><mark style=\"background-color:rgba(0, 0, 0, 0)\" class=\"has-inline-color has-black-color\">Vin\u00edcius<\/mark><\/strong>, conhecido pelo apelido de <strong><mark style=\"background-color:rgba(0, 0, 0, 0)\" class=\"has-inline-color has-black-color\">\u201cBililiu\u201d<\/mark><\/strong>, foi atingido por disparos de arma de fogo e morreu no local. Outra pessoa tamb\u00e9m foi baleada e socorrida para a sede do munic\u00edpio.<\/p>\n\n\n\n<p><strong><a href=\"https:\/\/whatsapp.com\/channel\/0029VaAT7tDLI8Yfj5y9Z50Z\" target=\"_blank\" rel=\"noreferrer noopener\"><mark style=\"background-color:rgba(0, 0, 0, 0)\" class=\"has-inline-color has-vivid-red-color\">>> Clique aqui e seja membro do canal do BEC no WhatsApp<\/mark><\/a><\/strong><\/p>\n\n\n\n<p>Na semana anterior, entre domingo e segunda-feira, disparos j\u00e1 haviam sido registrados nas proximidades da Rua da Quadra.<\/p>\n\n\n\n<p>A Pol\u00edcia Militar foi acionada para atender \u00e0 ocorr\u00eancia e realizou dilig\u00eancias na regi\u00e3o. At\u00e9 o momento, n\u00e3o h\u00e1 informa\u00e7\u00f5es sobre a autoria dos disparos. Moradores da comunidade relatam preocupa\u00e7\u00e3o com a situa\u00e7\u00e3o e aguardam provid\u00eancias das autoridades competentes para refor\u00e7ar a seguran\u00e7a no distrito.<\/p>\n","protected":false},"excerpt":{"rendered":"<p>Viol\u00eancia na localidade preocupa moradores Por Blog do Eloilton Cajuhy \u2013 BEC A madrugada desta segunda-feira (08) foi marcada por mais um epis\u00f3dio de viol\u00eancia no distrito de Quic\u00e9, em Senhor do Bonfim. De acordo com informa\u00e7\u00f5es do Blog do Netto Maravilha, tiroteios t\u00eam ocorrido com frequ\u00eancia na localidade. Na ocorr\u00eancia mais recente, registrada na [&hellip;]<\/p>\n","protected":false},"author":2,"featured_media":79626,"comment_status":"open","ping_status":"open","sticky":false,"template":"","format":"standard","meta":{"_acf_changed":false,"_monsterinsights_skip_tracking":false,"_monsterinsights_sitenote_active":false,"_monsterinsights_sitenote_note":"","_monsterinsights_sitenote_category":0,"_jetpack_memberships_contains_paid_content":false,"footnotes":"","jetpack_publicize_message":"","jetpack_publicize_feature_enabled":true,"jetpack_social_post_already_shared":true,"jetpack_social_options":{"image_generator_settings":{"template":"highway","default_image_id":0,"font":"","enabled":false},"version":2}},"categories":[15],"tags":[],"class_list":["post-89969","post","type-post","status-publish","format-standard","has-post-thumbnail","hentry","category-policia"],"acf":[],"jetpack_publicize_connections":[],"jetpack_featured_media_url":"https:\/\/i0.wp.com\/blogdoeloiltoncajuhy.com.br\/site\/wp-content\/uploads\/2024\/03\/Card-policia-PM-PC.jpeg?fit=681%2C450&ssl=1","jetpack_sharing_enabled":true,"publishpress_future_workflow_manual_trigger":{"enabledWorkflows":[]},"_links":{"self":[{"href":"https:\/\/blogdoeloiltoncajuhy.com.br\/site\/wp-json\/wp\/v2\/posts\/89969","targetHints":{"allow":["GET"]}}],"collection":[{"href":"https:\/\/blogdoeloiltoncajuhy.com.br\/site\/wp-json\/wp\/v2\/posts"}],"about":[{"href":"https:\/\/blogdoeloiltoncajuhy.com.br\/site\/wp-json\/wp\/v2\/types\/post"}],"author":[{"embeddable":true,"href":"https:\/\/blogdoeloiltoncajuhy.com.br\/site\/wp-json\/wp\/v2\/users\/2"}],"replies":[{"embeddable":true,"href":"https:\/\/blogdoeloiltoncajuhy.com.br\/site\/wp-json\/wp\/v2\/comments?post=89969"}],"version-history":[{"count":1,"href":"https:\/\/blogdoeloiltoncajuhy.com.br\/site\/wp-json\/wp\/v2\/posts\/89969\/revisions"}],"predecessor-version":[{"id":89970,"href":"https:\/\/blogdoeloiltoncajuhy.com.br\/site\/wp-json\/wp\/v2\/posts\/89969\/revisions\/89970"}],"wp:featuredmedia":[{"embeddable":true,"href":"https:\/\/blogdoeloiltoncajuhy.com.br\/site\/wp-json\/wp\/v2\/media\/79626"}],"wp:attachment":[{"href":"https:\/\/blogdoeloiltoncajuhy.com.br\/site\/wp-json\/wp\/v2\/media?parent=89969"}],"wp:term":[{"taxonomy":"category","embeddable":true,"href":"https:\/\/blogdoeloiltoncajuhy.com.br\/site\/wp-json\/wp\/v2\/categories?post=89969"},{"taxonomy":"post_tag","embeddable":true,"href":"https:\/\/blogdoeloiltoncajuhy.com.br\/site\/wp-json\/wp\/v2\/tags?post=89969"}],"curies":[{"name":"wp","href":"https:\/\/api.w.org\/{rel}","templated":true}]}}