{"id":89880,"date":"2025-09-02T20:06:27","date_gmt":"2025-09-02T23:06:27","guid":{"rendered":"https:\/\/blogdoeloiltoncajuhy.com.br\/site\/?p=89880"},"modified":"2025-09-02T20:06:28","modified_gmt":"2025-09-02T23:06:28","slug":"saiba-como-foi-o-1o-dia-do-julgamento-de-bolsonaro-e-mais-sete-reus","status":"publish","type":"post","link":"https:\/\/blogdoeloiltoncajuhy.com.br\/site\/saiba-como-foi-o-1o-dia-do-julgamento-de-bolsonaro-e-mais-sete-reus\/","title":{"rendered":"Saiba como foi o 1\u00ba dia do julgamento de Bolsonaro e mais sete r\u00e9us"},"content":{"rendered":"\n<p class=\"has-medium-font-size\"><strong>Defesa do ex-presidente ser\u00e1 ouvida nesta quarta-feira (03)<\/strong><\/p>\n\n\n\n<p><strong>Andr\u00e9 Richter\/Ag\u00eancia Brasil<\/strong><\/p>\n\n\n\n<figure class=\"wp-block-image aligncenter size-full\"><a href=\"https:\/\/i0.wp.com\/blogdoeloiltoncajuhy.com.br\/site\/wp-content\/uploads\/2025\/09\/Trama-Golpista-01-Foto-Fabio-Rodrigues-Pozzebom-Agencia-Brasil.jpeg?ssl=1\"><img data-recalc-dims=\"1\" fetchpriority=\"high\" decoding=\"async\" width=\"760\" height=\"455\" src=\"https:\/\/i0.wp.com\/blogdoeloiltoncajuhy.com.br\/site\/wp-content\/uploads\/2025\/09\/Trama-Golpista-01-Foto-Fabio-Rodrigues-Pozzebom-Agencia-Brasil.jpeg?resize=760%2C455&#038;ssl=1\" alt=\"\" class=\"wp-image-89881\" srcset=\"https:\/\/i0.wp.com\/blogdoeloiltoncajuhy.com.br\/site\/wp-content\/uploads\/2025\/09\/Trama-Golpista-01-Foto-Fabio-Rodrigues-Pozzebom-Agencia-Brasil.jpeg?w=760&amp;ssl=1 760w, https:\/\/i0.wp.com\/blogdoeloiltoncajuhy.com.br\/site\/wp-content\/uploads\/2025\/09\/Trama-Golpista-01-Foto-Fabio-Rodrigues-Pozzebom-Agencia-Brasil.jpeg?resize=300%2C180&amp;ssl=1 300w\" sizes=\"(max-width: 760px) 100vw, 760px\" \/><\/a><figcaption class=\"wp-element-caption\"><sub>Julgamento da Trama Golpista no STF, primeiro dia &#8211; Foto: Fabio Rodrigues-Pozzebom\/Ag\u00eancia Brasil<\/sub><\/figcaption><\/figure>\n\n\n\n<p><strong>A Primeira Turma do Supremo Tribunal Federal (STF) suspendeu, por volta das 17h55, o<a href=\"https:\/\/agenciabrasil.ebc.com.br\/justica\/noticia\/2025-09\/trama-golpista-stf-inicia-julgamento-de-bolsonaro-e-mais-sete-aliados\">&nbsp;julgamento do ex-presidente Jair Bolsonaro e de mais sete r\u00e9us<\/a>&nbsp;do n\u00facleo 1 da trama golpista.<\/strong><img data-recalc-dims=\"1\" decoding=\"async\" src=\"https:\/\/i0.wp.com\/agenciabrasil.ebc.com.br\/ebc.png?w=800&#038;ssl=1\"><img data-recalc-dims=\"1\" decoding=\"async\" src=\"https:\/\/i0.wp.com\/agenciabrasil.ebc.com.br\/ebc.gif?w=800&#038;ssl=1\"><\/p>\n\n\n\n<p>O julgamento ser\u00e1 retomado nesta quarta-feira (3), a partir de 9h, quando ser\u00e3o ouvidas as sustenta\u00e7\u00f5es dos advogados de Bolsonaro; do ex-ministro do Gabinete de Seguran\u00e7a Institucional (GSI), Augusto Heleno; ex-ministro da Defesa, Paulo S\u00e9rgio Nogueira e do general Braga Netto, ex-ministro de Bolsonaro e candidato \u00e0 vice na chapa de 2022.<\/p>\n\n\n\n<h4 class=\"wp-block-heading\"><strong><mark style=\"background-color:rgba(0, 0, 0, 0)\" class=\"has-inline-color has-black-color\">Quem s\u00e3o os r\u00e9us?<\/mark><\/strong><\/h4>\n\n\n\n<ul class=\"wp-block-list\">\n<li>Jair Bolsonaro \u2013 ex-presidente da Rep\u00fablica;<\/li>\n\n\n\n<li>Alexandre Ramagem &#8211; ex-diretor da Ag\u00eancia Brasileira de Intelig\u00eancia (Abin);<\/li>\n\n\n\n<li>Almir Garnier &#8211; ex-comandante da Marinha;<\/li>\n\n\n\n<li>Anderson Torres &#8211; ex-ministro da Justi\u00e7a e ex-secret\u00e1rio de seguran\u00e7a do Distrito Federal;<\/li>\n\n\n\n<li>Augusto Heleno &#8211; ex-ministro do Gabinete de Seguran\u00e7a Institucional (GSI);<\/li>\n\n\n\n<li>Paulo S\u00e9rgio Nogueira &#8211; ex-ministro da Defesa;<\/li>\n\n\n\n<li>Walter Braga Netto &#8211; ex-ministro de Bolsonaro e candidato \u00e0 vice na chapa de 2022;<\/li>\n\n\n\n<li>Mauro Cid \u2013 ex-ajudante de ordens de Bolsonaro.<\/li>\n<\/ul>\n\n\n\n<p><\/p>\n\n\n\n<h4 class=\"wp-block-heading\"><strong><mark style=\"background-color:rgba(0, 0, 0, 0)\" class=\"has-inline-color has-black-color\">Primeiro dia<\/mark><\/strong><\/h4>\n\n\n\n<p><strong>Pela manh\u00e3, o relator, ministro Alexandre de Moraes,<a href=\"https:\/\/agenciabrasil.ebc.com.br\/justica\/noticia\/2025-09\/relatorio-de-alexandre-moraes-resume-versoes-de-acusacao-e-defesas\">&nbsp;leu o relat\u00f3rio da a\u00e7\u00e3o penal<\/a>, documento que cont\u00e9m o resumo de todas as etapas percorridas no processo<\/strong>, desde as investiga\u00e7\u00f5es at\u00e9 a apresenta\u00e7\u00e3o das alega\u00e7\u00f5es finais, \u00faltima fase antes do julgamento.<\/p>\n\n\n\n<p>O procurador-geral da Rep\u00fablica, Paulo Gonet,&nbsp;<a href=\"https:\/\/agenciabrasil.ebc.com.br\/justica\/noticia\/2025-09\/panorama-espantoso-e-tenebroso-diz-gonet-sobre-plano-para-golpe\">defendeu a condena\u00e7\u00e3o de Bolsonaro e dos demais acusados<\/a>.<\/p>\n\n\n\n<p><a href=\"https:\/\/agenciabrasil.ebc.com.br\/justica\/noticia\/2025-08\/entenda-como-sera-o-rito-do-julgamento-de-bolsonaro-e-aliados-no-stf\">Foram destinadas oito sess\u00f5es<\/a>&nbsp;para an\u00e1lise do caso, marcadas para os dias 2, 3, 9, 10 e 12 de setembro.<\/p>\n\n\n\n<p><strong><a href=\"https:\/\/whatsapp.com\/channel\/0029VaAT7tDLI8Yfj5y9Z50Z\" target=\"_blank\" rel=\"noreferrer noopener\"><mark style=\"background-color:rgba(0, 0, 0, 0)\" class=\"has-inline-color has-vivid-red-color\">>> Clique aqui e seja membro do canal do BEC no WhatsApp<\/mark><\/a><\/strong><\/p>\n\n\n\n<h4 class=\"wp-block-heading\"><strong><mark style=\"background-color:rgba(0, 0, 0, 0)\" class=\"has-inline-color has-black-color\">Sustenta\u00e7\u00f5es<\/mark><\/strong><\/h4>\n\n\n\n<p><strong>Ap\u00f3s intervalo para almo\u00e7o, os ministros come\u00e7aram a ouvir as sustenta\u00e7\u00f5es dos advogados dos oito r\u00e9us.<\/strong><\/p>\n\n\n\n<p>A primeira a falar foi a&nbsp;<a href=\"https:\/\/agenciabrasil.ebc.com.br\/justica\/noticia\/2025-09\/defesa-de-mauro-cid-pede-ao-stf-manutencao-da-delacao-premiada\">defesa de Mauro Cid<\/a>, ex-ajudante de ordens de Jair Bolsonaro. O advogado defendeu a manuten\u00e7\u00e3o do acordo de dela\u00e7\u00e3o premiada e negou que o militar tenha sido coagido pelo ministro Alexandre de Moraes e integrantes da Pol\u00edcia Federal a delatar.<\/p>\n\n\n\n<p>Em seguida, o&nbsp;<a href=\"https:\/\/agenciabrasil.ebc.com.br\/justica\/noticia\/2025-09\/defesa-diz-que-ramagem-compilava-pensamentos-de-bolsonaro\">advogado do ex-diretor da Ag\u00eancia Brasileira de Intelig\u00eancia&nbsp;<\/a>(Abin) Alexandre Ramagem negou que tenha sido determinado o monitoramento ilegal de ministros do Supremo Tribunal Federal (STF) e de desafetos pol\u00edticos do ex-presidente Jair Bolsonaro.&nbsp;Segundo o advogado Paulo Renato Cintra, Ramagem apenas \u201ccompilava pensamentos do presidente da Rep\u00fablica\u201d.<\/p>\n\n\n\n<p>A&nbsp;<a href=\"https:\/\/agenciabrasil.ebc.com.br\/justica\/noticia\/2025-09\/ex-comandante-nao-colocou-marinha-disposicao-do-golpe-alega-defesa\">defesa do almirante Almir Garnier<\/a>&nbsp;negou nesta ter\u00e7a-feira (2) que o militar tenha colocado as tropas \u00e0 disposi\u00e7\u00e3o da tentativa de golpe de Estado para reverter o resultado das elei\u00e7\u00f5es de 2022.&nbsp;&nbsp;<\/p>\n\n\n\n<p>\u00daltimo a se manifestar neste primeiro dia de julgamento, a<a href=\"https:\/\/agenciabrasil.ebc.com.br\/justica\/noticia\/2025-09\/documento-achado-na-casa-de-torres-era-minuta-do-google-diz-defesa\">&nbsp;defesa do ex-ministro da Justi\u00e7a&nbsp;<\/a>e ex-secret\u00e1rio de Seguran\u00e7a P\u00fablica do Distrito Federal da Justi\u00e7a Anderson Torres classificou chamada minuta do golpe encontrada pela Pol\u00edcia Federal (PF) como &#8220;minuta do Google&#8221;.&nbsp;<\/p>\n\n\n\n<h4 class=\"wp-block-heading\"><strong><mark style=\"background-color:rgba(0, 0, 0, 0)\" class=\"has-inline-color has-black-color\">Crimes<\/mark><\/strong><\/h4>\n\n\n\n<p><strong>Os r\u00e9us respondem no Supremo pelos crimes de:<\/strong><\/p>\n\n\n\n<ul class=\"wp-block-list\">\n<li>Organiza\u00e7\u00e3o criminosa armada,<\/li>\n\n\n\n<li>Tentativa de aboli\u00e7\u00e3o violenta do Estado Democr\u00e1tico de Direito,<\/li>\n\n\n\n<li>Golpe de Estado,<\/li>\n\n\n\n<li>Dano qualificado pela viol\u00eancia e grave amea\u00e7a,\u00a0<\/li>\n\n\n\n<li>Deteriora\u00e7\u00e3o de patrim\u00f4nio tombado.<\/li>\n<\/ul>\n\n\n\n<p><\/p>\n\n\n\n<p>A exce\u00e7\u00e3o \u00e9 o caso do ex-diretor da Ag\u00eancia Brasileira de Intelig\u00eancia (Abin) Abin Alexandre Ramagem, que, atualmente, \u00e9 deputado federal. Ele foi beneficiado com a suspens\u00e3o de parte das acusa\u00e7\u00f5es e responde somente a tr\u00eas dos cinco crimes. A possibilidade de suspens\u00e3o est\u00e1 prevista na Constitui\u00e7\u00e3o.<\/p>\n","protected":false},"excerpt":{"rendered":"<p>Defesa do ex-presidente ser\u00e1 ouvida nesta quarta-feira (03) Andr\u00e9 Richter\/Ag\u00eancia Brasil A Primeira Turma do Supremo Tribunal Federal (STF) suspendeu, por volta das 17h55, o&nbsp;julgamento do ex-presidente Jair Bolsonaro e de mais sete r\u00e9us&nbsp;do n\u00facleo 1 da trama golpista. O julgamento ser\u00e1 retomado nesta quarta-feira (3), a partir de 9h, quando ser\u00e3o ouvidas as sustenta\u00e7\u00f5es [&hellip;]<\/p>\n","protected":false},"author":2,"featured_media":89881,"comment_status":"open","ping_status":"open","sticky":false,"template":"","format":"standard","meta":{"_acf_changed":false,"_monsterinsights_skip_tracking":false,"_monsterinsights_sitenote_active":false,"_monsterinsights_sitenote_note":"","_monsterinsights_sitenote_category":0,"_jetpack_memberships_contains_paid_content":false,"footnotes":"","jetpack_publicize_message":"","jetpack_publicize_feature_enabled":true,"jetpack_social_post_already_shared":true,"jetpack_social_options":{"image_generator_settings":{"template":"highway","default_image_id":0,"font":"","enabled":false},"version":2}},"categories":[3],"tags":[],"class_list":["post-89880","post","type-post","status-publish","format-standard","has-post-thumbnail","hentry","category-politica"],"acf":[],"jetpack_publicize_connections":[],"jetpack_featured_media_url":"https:\/\/i0.wp.com\/blogdoeloiltoncajuhy.com.br\/site\/wp-content\/uploads\/2025\/09\/Trama-Golpista-01-Foto-Fabio-Rodrigues-Pozzebom-Agencia-Brasil.jpeg?fit=760%2C455&ssl=1","jetpack_sharing_enabled":true,"publishpress_future_workflow_manual_trigger":{"enabledWorkflows":[]},"_links":{"self":[{"href":"https:\/\/blogdoeloiltoncajuhy.com.br\/site\/wp-json\/wp\/v2\/posts\/89880","targetHints":{"allow":["GET"]}}],"collection":[{"href":"https:\/\/blogdoeloiltoncajuhy.com.br\/site\/wp-json\/wp\/v2\/posts"}],"about":[{"href":"https:\/\/blogdoeloiltoncajuhy.com.br\/site\/wp-json\/wp\/v2\/types\/post"}],"author":[{"embeddable":true,"href":"https:\/\/blogdoeloiltoncajuhy.com.br\/site\/wp-json\/wp\/v2\/users\/2"}],"replies":[{"embeddable":true,"href":"https:\/\/blogdoeloiltoncajuhy.com.br\/site\/wp-json\/wp\/v2\/comments?post=89880"}],"version-history":[{"count":1,"href":"https:\/\/blogdoeloiltoncajuhy.com.br\/site\/wp-json\/wp\/v2\/posts\/89880\/revisions"}],"predecessor-version":[{"id":89882,"href":"https:\/\/blogdoeloiltoncajuhy.com.br\/site\/wp-json\/wp\/v2\/posts\/89880\/revisions\/89882"}],"wp:featuredmedia":[{"embeddable":true,"href":"https:\/\/blogdoeloiltoncajuhy.com.br\/site\/wp-json\/wp\/v2\/media\/89881"}],"wp:attachment":[{"href":"https:\/\/blogdoeloiltoncajuhy.com.br\/site\/wp-json\/wp\/v2\/media?parent=89880"}],"wp:term":[{"taxonomy":"category","embeddable":true,"href":"https:\/\/blogdoeloiltoncajuhy.com.br\/site\/wp-json\/wp\/v2\/categories?post=89880"},{"taxonomy":"post_tag","embeddable":true,"href":"https:\/\/blogdoeloiltoncajuhy.com.br\/site\/wp-json\/wp\/v2\/tags?post=89880"}],"curies":[{"name":"wp","href":"https:\/\/api.w.org\/{rel}","templated":true}]}}