{"id":89874,"date":"2025-09-02T19:17:16","date_gmt":"2025-09-02T22:17:16","guid":{"rendered":"https:\/\/blogdoeloiltoncajuhy.com.br\/site\/?p=89874"},"modified":"2025-09-02T19:17:18","modified_gmt":"2025-09-02T22:17:18","slug":"crueldade-nas-ruas-de-bonfim-sofrimento-e-dor-de-animais-submetidos-ao-transporte-de-cargas-pesadas","status":"publish","type":"post","link":"https:\/\/blogdoeloiltoncajuhy.com.br\/site\/crueldade-nas-ruas-de-bonfim-sofrimento-e-dor-de-animais-submetidos-ao-transporte-de-cargas-pesadas\/","title":{"rendered":"Crueldade nas ruas de Bonfim: sofrimento e dor de animais submetidos ao transporte de cargas pesadas"},"content":{"rendered":"\n<p class=\"has-text-align-right\"><strong>*Patric Everton da S. Nascimento<\/strong><\/p>\n\n\n\n<figure class=\"wp-block-image aligncenter size-full is-resized\"><a href=\"https:\/\/i0.wp.com\/blogdoeloiltoncajuhy.com.br\/site\/wp-content\/uploads\/2025\/09\/Animal-sendo-maltratado_Bonfim.jpg?ssl=1\"><img data-recalc-dims=\"1\" fetchpriority=\"high\" decoding=\"async\" width=\"800\" height=\"811\" src=\"https:\/\/i0.wp.com\/blogdoeloiltoncajuhy.com.br\/site\/wp-content\/uploads\/2025\/09\/Animal-sendo-maltratado_Bonfim.jpg?resize=800%2C811&#038;ssl=1\" alt=\"\" class=\"wp-image-89875\" style=\"width:516px;height:auto\" srcset=\"https:\/\/i0.wp.com\/blogdoeloiltoncajuhy.com.br\/site\/wp-content\/uploads\/2025\/09\/Animal-sendo-maltratado_Bonfim.jpg?w=842&amp;ssl=1 842w, https:\/\/i0.wp.com\/blogdoeloiltoncajuhy.com.br\/site\/wp-content\/uploads\/2025\/09\/Animal-sendo-maltratado_Bonfim.jpg?resize=296%2C300&amp;ssl=1 296w, https:\/\/i0.wp.com\/blogdoeloiltoncajuhy.com.br\/site\/wp-content\/uploads\/2025\/09\/Animal-sendo-maltratado_Bonfim.jpg?resize=768%2C779&amp;ssl=1 768w\" sizes=\"(max-width: 800px) 100vw, 800px\" \/><\/a><figcaption class=\"wp-element-caption\"><sub>Animal levando carga excessiva no Centro de Bonfim<\/sub><\/figcaption><\/figure>\n\n\n\n<p>H\u00e1 poucos dias, deparei-me, no centro de Senhor do Bonfim, com um animalzinho debilitado, aparentemente idoso, puxando uma carro\u00e7a bastante pesada.<\/p>\n\n\n\n<p>Al\u00e9m da carga, carregava sobre os lombos ca\u00eddos o peso de seu dono.<\/p>\n\n\n\n<p>Uma crueldade!<\/p>\n\n\n\n<p>Era uma ladeira, e o bichinho descia cambaleante pelo asfalto. Parecia que n\u00e3o suportaria o peso e a declividade da ladeira, mas seguia impulsionando a carro\u00e7a.<\/p>\n\n\n\n<p><strong><a href=\"https:\/\/whatsapp.com\/channel\/0029VaAT7tDLI8Yfj5y9Z50Z\" target=\"_blank\" rel=\"noreferrer noopener\"><mark style=\"background-color:rgba(0, 0, 0, 0)\" class=\"has-inline-color has-vivid-red-color\">>> Clique aqui e seja membro do canal do BEC no WhatsApp<\/mark><\/a><\/strong><\/p>\n\n\n\n<p>A t\u00edtulo de conhecimento dos leitores, o asfalto e o cal\u00e7amento causam desgastes e les\u00f5es nos cascos desses animais, como rachaduras e laminite (doen\u00e7a dolorosa que inflama os cascos), por serem terrenos duros e abrasivos.<\/p>\n\n\n\n<p>Vendo aquela cena, solidarizei-me com o pobre animal e pensei: por que somos indiferentes ao sofrimento e \u00e0 dor desses seres vivos? Por que convivemos com essa forma de tortura travestida de meio de transporte?<\/p>\n\n\n\n<p>Assistir a cenas como essas e permanecer inerte \u00e9 uma forma de autoriza\u00e7\u00e3o impl\u00edcita, pois a omiss\u00e3o \u00e9 tamb\u00e9m um ato de consentimento.<\/p>\n\n\n\n<p>Todavia, n\u00e3o podemos e nem devemos naturalizar e normalizar quaisquer formas de maus-tratos aos animais, mesmo daqueles com finalidade alimentar (abate).<\/p>\n\n\n\n<p>Primeiro, porque somos dotados de consci\u00eancia e \u00e9tica para respeitar o direito do outro, inclusive dos animais. Segundo, porque \u00e9 crime!<\/p>\n\n\n\n<p>Assim diz o Art. 32, da Lei Federal n\u00ba 9.605, de 12 de fevereiro de 1998 (LEI DE CRIMES AMBIENTAIS):<\/p>\n\n\n\n<blockquote class=\"wp-block-quote is-layout-flow wp-block-quote-is-layout-flow\">\n<p><strong><mark style=\"background-color:rgba(0, 0, 0, 0)\" class=\"has-inline-color has-black-color\">Praticar ato de abuso, maus-tratos, ferir ou mutilar animais silvestres, dom\u00e9sticos ou domesticados, nativos ou ex\u00f3ticos: Pena &#8211; deten\u00e7\u00e3o, de tr\u00eas meses a um ano, e multa.<\/mark><\/strong><\/p>\n<\/blockquote>\n\n\n\n<p>Casos como esses s\u00e3o flagrados cotidianamente nas ruas de Bonfim sem qualquer a\u00e7\u00e3o do poder p\u00fablico.<\/p>\n\n\n\n<p>\u00c9 imprescind\u00edvel que a prefeitura identifique esses animais e seus respons\u00e1veis, a fim de buscar uma solu\u00e7\u00e3o definitiva para essa conduta humana que gera dor e sofrimento descomunal nesses animais.<\/p>\n\n\n\n<p>Para tanto, a comunidade precisa estar atenta e dar visibilidade p\u00fablica a toda forma de maus-tratos aos animais, exigindo dos poderes constitu\u00eddos medidas que co\u00edbam pr\u00e1ticas, como a desta hist\u00f3ria, de continuar a ocorrer em nosso munic\u00edpio.<\/p>\n\n\n\n<p><strong><em>**Patric Everton da S. Nascimento &#8211; Servidor p\u00fablico\/IF BAIANO<\/em><\/strong><\/p>\n","protected":false},"excerpt":{"rendered":"<p>*Patric Everton da S. Nascimento H\u00e1 poucos dias, deparei-me, no centro de Senhor do Bonfim, com um animalzinho debilitado, aparentemente idoso, puxando uma carro\u00e7a bastante pesada. Al\u00e9m da carga, carregava sobre os lombos ca\u00eddos o peso de seu dono. Uma crueldade! Era uma ladeira, e o bichinho descia cambaleante pelo asfalto. Parecia que n\u00e3o suportaria [&hellip;]<\/p>\n","protected":false},"author":2,"featured_media":89875,"comment_status":"open","ping_status":"open","sticky":false,"template":"","format":"standard","meta":{"_acf_changed":false,"_monsterinsights_skip_tracking":false,"_monsterinsights_sitenote_active":false,"_monsterinsights_sitenote_note":"","_monsterinsights_sitenote_category":0,"_jetpack_memberships_contains_paid_content":false,"footnotes":"","jetpack_publicize_message":"","jetpack_publicize_feature_enabled":true,"jetpack_social_post_already_shared":true,"jetpack_social_options":{"image_generator_settings":{"template":"highway","default_image_id":0,"font":"","enabled":false},"version":2}},"categories":[2],"tags":[],"class_list":["post-89874","post","type-post","status-publish","format-standard","has-post-thumbnail","hentry","category-opiniao"],"acf":[],"jetpack_publicize_connections":[],"jetpack_featured_media_url":"https:\/\/i0.wp.com\/blogdoeloiltoncajuhy.com.br\/site\/wp-content\/uploads\/2025\/09\/Animal-sendo-maltratado_Bonfim.jpg?fit=842%2C854&ssl=1","jetpack_sharing_enabled":true,"publishpress_future_workflow_manual_trigger":{"enabledWorkflows":[]},"_links":{"self":[{"href":"https:\/\/blogdoeloiltoncajuhy.com.br\/site\/wp-json\/wp\/v2\/posts\/89874","targetHints":{"allow":["GET"]}}],"collection":[{"href":"https:\/\/blogdoeloiltoncajuhy.com.br\/site\/wp-json\/wp\/v2\/posts"}],"about":[{"href":"https:\/\/blogdoeloiltoncajuhy.com.br\/site\/wp-json\/wp\/v2\/types\/post"}],"author":[{"embeddable":true,"href":"https:\/\/blogdoeloiltoncajuhy.com.br\/site\/wp-json\/wp\/v2\/users\/2"}],"replies":[{"embeddable":true,"href":"https:\/\/blogdoeloiltoncajuhy.com.br\/site\/wp-json\/wp\/v2\/comments?post=89874"}],"version-history":[{"count":1,"href":"https:\/\/blogdoeloiltoncajuhy.com.br\/site\/wp-json\/wp\/v2\/posts\/89874\/revisions"}],"predecessor-version":[{"id":89876,"href":"https:\/\/blogdoeloiltoncajuhy.com.br\/site\/wp-json\/wp\/v2\/posts\/89874\/revisions\/89876"}],"wp:featuredmedia":[{"embeddable":true,"href":"https:\/\/blogdoeloiltoncajuhy.com.br\/site\/wp-json\/wp\/v2\/media\/89875"}],"wp:attachment":[{"href":"https:\/\/blogdoeloiltoncajuhy.com.br\/site\/wp-json\/wp\/v2\/media?parent=89874"}],"wp:term":[{"taxonomy":"category","embeddable":true,"href":"https:\/\/blogdoeloiltoncajuhy.com.br\/site\/wp-json\/wp\/v2\/categories?post=89874"},{"taxonomy":"post_tag","embeddable":true,"href":"https:\/\/blogdoeloiltoncajuhy.com.br\/site\/wp-json\/wp\/v2\/tags?post=89874"}],"curies":[{"name":"wp","href":"https:\/\/api.w.org\/{rel}","templated":true}]}}