{"id":89871,"date":"2025-09-02T18:54:11","date_gmt":"2025-09-02T21:54:11","guid":{"rendered":"https:\/\/blogdoeloiltoncajuhy.com.br\/site\/?p=89871"},"modified":"2025-09-02T18:54:13","modified_gmt":"2025-09-02T21:54:13","slug":"pequena-bailarina-bonfinense-conquista-podio-em-festival-nacional-de-danca","status":"publish","type":"post","link":"https:\/\/blogdoeloiltoncajuhy.com.br\/site\/pequena-bailarina-bonfinense-conquista-podio-em-festival-nacional-de-danca\/","title":{"rendered":"Pequena bailarina bonfinense conquista p\u00f3dio em festival nacional de dan\u00e7a"},"content":{"rendered":"\n<p><strong>Por Blog do Eloilton Cajuhy \u2013 BEC<\/strong><\/p>\n\n\n\n<figure class=\"wp-block-image aligncenter size-full\"><a href=\"https:\/\/i0.wp.com\/blogdoeloiltoncajuhy.com.br\/site\/wp-content\/uploads\/2025\/09\/Bailarina-Thalita-Maria.jpeg?ssl=1\"><img data-recalc-dims=\"1\" fetchpriority=\"high\" decoding=\"async\" width=\"405\" height=\"720\" src=\"https:\/\/i0.wp.com\/blogdoeloiltoncajuhy.com.br\/site\/wp-content\/uploads\/2025\/09\/Bailarina-Thalita-Maria.jpeg?resize=405%2C720&#038;ssl=1\" alt=\"\" class=\"wp-image-89872\" srcset=\"https:\/\/i0.wp.com\/blogdoeloiltoncajuhy.com.br\/site\/wp-content\/uploads\/2025\/09\/Bailarina-Thalita-Maria.jpeg?w=405&amp;ssl=1 405w, https:\/\/i0.wp.com\/blogdoeloiltoncajuhy.com.br\/site\/wp-content\/uploads\/2025\/09\/Bailarina-Thalita-Maria.jpeg?resize=169%2C300&amp;ssl=1 169w\" sizes=\"(max-width: 405px) 100vw, 405px\" \/><\/a><figcaption class=\"wp-element-caption\"><sub>Divulga\u00e7\u00e3o<\/sub><\/figcaption><\/figure>\n\n\n\n<p>Com apenas 9 anos de idade, a jovem bailarina <strong><mark style=\"background-color:rgba(0, 0, 0, 0)\" class=\"has-inline-color has-black-color\">Talita Maria<\/mark><\/strong>, do <strong><mark style=\"background-color:rgba(0, 0, 0, 0)\" class=\"has-inline-color has-black-color\">Ballet Cinthia Ramos<\/mark><\/strong>, j\u00e1 come\u00e7a a brilhar nos palcos da dan\u00e7a. No \u00faltimo final de semana, ela conquistou o <strong><mark style=\"background-color:rgba(0, 0, 0, 0)\" class=\"has-inline-color has-black-color\">terceiro lugar no Ballace Kids<\/mark><\/strong>, categoria Solo \u2013 Estilo Livre, durante o <strong><mark style=\"background-color:rgba(0, 0, 0, 0)\" class=\"has-inline-color has-black-color\">Ballace \u2013 Festival Nacional de Dan\u00e7a<\/mark><\/strong>, realizado anualmente em Salvador.<\/p>\n\n\n\n<p>Representando com talento e gra\u00e7a a cidade de Senhor do Bonfim, Talita emocionou o p\u00fablico e os jurados ao apresentar a coreografia <strong><mark style=\"background-color:rgba(0, 0, 0, 0)\" class=\"has-inline-color has-black-color\">\u201cBoneca Forrozeira\u201d<\/mark><\/strong>, assinada pelo core\u00f3grafo <strong><mark style=\"background-color:rgba(0, 0, 0, 0)\" class=\"has-inline-color has-black-color\">Xandy Magalh\u00e3es<\/mark><\/strong>.<\/p>\n\n\n\n<p>O Ballace \u00e9 considerado um dos maiores e mais respeitados festivais de dan\u00e7a do pa\u00eds, reunindo bailarinos de v\u00e1rias cidades brasileiras em um grande encontro de arte e talento. A conquista de Talita Maria demonstra n\u00e3o apenas seu potencial art\u00edstico, mas tamb\u00e9m a for\u00e7a da dedica\u00e7\u00e3o e do amor pela dan\u00e7a.<\/p>\n\n\n\n<p>O feito da pequena bailarina \u00e9 motivo de orgulho para seus familiares, professores e para toda a comunidade bonfinense, que celebra mais essa vit\u00f3ria no cen\u00e1rio cultural. Ela \u00e9 filha do Sub Tenente PM Moura.<\/p>\n\n\n\n<p><strong><a href=\"https:\/\/whatsapp.com\/channel\/0029VaAT7tDLI8Yfj5y9Z50Z\" target=\"_blank\" rel=\"noreferrer noopener\"><mark style=\"background-color:rgba(0, 0, 0, 0)\" class=\"has-inline-color has-vivid-red-color\">>> Clique aqui e seja membro do canal do BEC no WhatsApp<\/mark><\/a><\/strong><\/p>\n","protected":false},"excerpt":{"rendered":"<p>Por Blog do Eloilton Cajuhy \u2013 BEC Com apenas 9 anos de idade, a jovem bailarina Talita Maria, do Ballet Cinthia Ramos, j\u00e1 come\u00e7a a brilhar nos palcos da dan\u00e7a. No \u00faltimo final de semana, ela conquistou o terceiro lugar no Ballace Kids, categoria Solo \u2013 Estilo Livre, durante o Ballace \u2013 Festival Nacional de [&hellip;]<\/p>\n","protected":false},"author":2,"featured_media":89872,"comment_status":"open","ping_status":"open","sticky":false,"template":"","format":"standard","meta":{"_acf_changed":false,"_monsterinsights_skip_tracking":false,"_monsterinsights_sitenote_active":false,"_monsterinsights_sitenote_note":"","_monsterinsights_sitenote_category":0,"_jetpack_memberships_contains_paid_content":false,"footnotes":"","jetpack_publicize_message":"","jetpack_publicize_feature_enabled":true,"jetpack_social_post_already_shared":true,"jetpack_social_options":{"image_generator_settings":{"template":"highway","default_image_id":0,"font":"","enabled":false},"version":2}},"categories":[8],"tags":[],"class_list":["post-89871","post","type-post","status-publish","format-standard","has-post-thumbnail","hentry","category-cultura"],"acf":[],"jetpack_publicize_connections":[],"jetpack_featured_media_url":"https:\/\/i0.wp.com\/blogdoeloiltoncajuhy.com.br\/site\/wp-content\/uploads\/2025\/09\/Bailarina-Thalita-Maria.jpeg?fit=405%2C720&ssl=1","jetpack_sharing_enabled":true,"publishpress_future_workflow_manual_trigger":{"enabledWorkflows":[]},"_links":{"self":[{"href":"https:\/\/blogdoeloiltoncajuhy.com.br\/site\/wp-json\/wp\/v2\/posts\/89871","targetHints":{"allow":["GET"]}}],"collection":[{"href":"https:\/\/blogdoeloiltoncajuhy.com.br\/site\/wp-json\/wp\/v2\/posts"}],"about":[{"href":"https:\/\/blogdoeloiltoncajuhy.com.br\/site\/wp-json\/wp\/v2\/types\/post"}],"author":[{"embeddable":true,"href":"https:\/\/blogdoeloiltoncajuhy.com.br\/site\/wp-json\/wp\/v2\/users\/2"}],"replies":[{"embeddable":true,"href":"https:\/\/blogdoeloiltoncajuhy.com.br\/site\/wp-json\/wp\/v2\/comments?post=89871"}],"version-history":[{"count":1,"href":"https:\/\/blogdoeloiltoncajuhy.com.br\/site\/wp-json\/wp\/v2\/posts\/89871\/revisions"}],"predecessor-version":[{"id":89873,"href":"https:\/\/blogdoeloiltoncajuhy.com.br\/site\/wp-json\/wp\/v2\/posts\/89871\/revisions\/89873"}],"wp:featuredmedia":[{"embeddable":true,"href":"https:\/\/blogdoeloiltoncajuhy.com.br\/site\/wp-json\/wp\/v2\/media\/89872"}],"wp:attachment":[{"href":"https:\/\/blogdoeloiltoncajuhy.com.br\/site\/wp-json\/wp\/v2\/media?parent=89871"}],"wp:term":[{"taxonomy":"category","embeddable":true,"href":"https:\/\/blogdoeloiltoncajuhy.com.br\/site\/wp-json\/wp\/v2\/categories?post=89871"},{"taxonomy":"post_tag","embeddable":true,"href":"https:\/\/blogdoeloiltoncajuhy.com.br\/site\/wp-json\/wp\/v2\/tags?post=89871"}],"curies":[{"name":"wp","href":"https:\/\/api.w.org\/{rel}","templated":true}]}}