{"id":89780,"date":"2025-08-27T00:10:00","date_gmt":"2025-08-27T03:10:00","guid":{"rendered":"https:\/\/blogdoeloiltoncajuhy.com.br\/site\/?p=89780"},"modified":"2025-08-26T16:23:09","modified_gmt":"2025-08-26T19:23:09","slug":"gestores-publicos-tem-ate-31-de-agosto-para-prestacao-de-contas-da-lei-paulo-gustavo","status":"publish","type":"post","link":"https:\/\/blogdoeloiltoncajuhy.com.br\/site\/gestores-publicos-tem-ate-31-de-agosto-para-prestacao-de-contas-da-lei-paulo-gustavo\/","title":{"rendered":"Gestores p\u00fablicos t\u00eam at\u00e9 31 de agosto para presta\u00e7\u00e3o de contas da Lei Paulo Gustavo"},"content":{"rendered":"\n<p class=\"has-medium-font-size\"><strong>Prazo para gestores p\u00fablicos dos estados, munic\u00edpios e do Distrito Federal apresentem a presta\u00e7\u00e3o de contas sobre os recursos recebidos por meio da Lei Paulo Gustavo (LPG) termina no dia 31 de agosto.<\/strong><\/p>\n\n\n\n<p><strong>Blog do Eloilton Cajuhy \u2013 BEC<\/strong><\/p>\n\n\n\n<figure class=\"wp-block-image aligncenter size-full\"><a href=\"https:\/\/i0.wp.com\/blogdoeloiltoncajuhy.com.br\/site\/wp-content\/uploads\/2023\/09\/GOVFED_Lei-Paulo-Gustavo_260923.jpeg?ssl=1\"><img data-recalc-dims=\"1\" fetchpriority=\"high\" decoding=\"async\" width=\"768\" height=\"461\" src=\"https:\/\/i0.wp.com\/blogdoeloiltoncajuhy.com.br\/site\/wp-content\/uploads\/2023\/09\/GOVFED_Lei-Paulo-Gustavo_260923.jpeg?resize=768%2C461&#038;ssl=1\" alt=\"\" class=\"wp-image-76744\" srcset=\"https:\/\/i0.wp.com\/blogdoeloiltoncajuhy.com.br\/site\/wp-content\/uploads\/2023\/09\/GOVFED_Lei-Paulo-Gustavo_260923.jpeg?w=768&amp;ssl=1 768w, https:\/\/i0.wp.com\/blogdoeloiltoncajuhy.com.br\/site\/wp-content\/uploads\/2023\/09\/GOVFED_Lei-Paulo-Gustavo_260923.jpeg?resize=300%2C180&amp;ssl=1 300w\" sizes=\"(max-width: 768px) 100vw, 768px\" \/><\/a><figcaption class=\"wp-element-caption\"><sub>Gestores p\u00fablicos t\u00eam at\u00e9 31 de agosto para presta\u00e7\u00e3o de contas da Lei Paulo Gustavo<\/sub><\/figcaption><\/figure>\n\n\n\n<p>Est\u00e1 acabando o prazo para que gestores p\u00fablicos dos estados, Distrito Federal e munic\u00edpios prestem contas ao Governo Federal sobre o uso dos recursos da Lei Paulo Gustavo (LPG). Eles t\u00eam at\u00e9 31 de agosto para apresentar documenta\u00e7\u00e3o que mostre como os repasses recebidos foram aplicados.<\/p>\n\n\n\n<p><strong><a href=\"https:\/\/whatsapp.com\/channel\/0029VaAT7tDLI8Yfj5y9Z50Z\" target=\"_blank\" rel=\"noreferrer noopener\"><mark style=\"background-color:rgba(0, 0, 0, 0)\" class=\"has-inline-color has-vivid-red-color\">>> Clique aqui e seja membro do canal do BEC no WhatsApp<\/mark><\/a><\/strong><\/p>\n\n\n\n<p>Para auxili\u00e1-los, a equipe t\u00e9cnica do Minist\u00e9rio da Cultura ampliou nessa reta final os plant\u00f5es de tira-d\u00favidas. O atendimento virtual \u00e9 feito de forma personalizada \u00e0s ter\u00e7as e quintas-feiras. O agendamento pode ser solicitado pelo site do MinC.&nbsp;<\/p>\n\n\n\n<p>D\u00favidas e quest\u00f5es tamb\u00e9m podem ser enviadas para o e-mail lpg@cultura.gov.br.<\/p>\n\n\n\n<blockquote class=\"wp-block-quote is-layout-flow wp-block-quote-is-layout-flow\">\n<p><strong><mark style=\"background-color:rgba(0, 0, 0, 0)\" class=\"has-inline-color has-black-color\">\u201cN\u00f3s fizemos tudo at\u00e9 agora: ades\u00e3o, juntamos as pessoas, realizamos excelentes projetos, propostas que estruturaram a pol\u00edtica cultural no Brasil nos \u00faltimos tempos. Agora a gente precisa prestar contas. Recurso p\u00fablico tem que ser com presta\u00e7\u00e3o de contas para que as pessoas vejam o que \u00e9 que a gente realizou e deixe tudo direitinho. Os \u00f3rg\u00e3os de controle e o conjunto da sociedade precisam acessar esses dados\u201d, alerta a secret\u00e1ria de Articula\u00e7\u00e3o Federativa e Comit\u00eas de Cultura do MinC, Roberta Martins.<\/mark><\/strong><\/p>\n<\/blockquote>\n\n\n\n<p>Al\u00e9m dos plant\u00f5es, o MinC j\u00e1 ofertou diversos materiais para orientar sobre regras e procedimentos de envio do relat\u00f3rio final de gest\u00e3o dos recursos da LPG.<\/p>\n\n\n\n<p>A Lei Paulo Gustavo representa o maior valor investido diretamente em cultura na hist\u00f3ria do Brasil. Foram 3,9 bilh\u00f5es de reais em recursos em todo pa\u00eds.<\/p>\n\n\n\n<p>O Minist\u00e9rio da Cultura garantiu que 100% dos estados e 98% das cidades se tornassem habilitadas a receber os recursos da LPG. Praticamente quase todas as regi\u00f5es do pa\u00eds atingiram \u00edndice de execu\u00e7\u00e3o dos recursos, acima dos 90%.<br>\u00a0<br>Todos tiveram acesso aos recursos ap\u00f3s fazer a solicita\u00e7\u00e3o e cadastrar um Plano de A\u00e7\u00e3o na plataforma TransfereGov. Agora, \u00e9 hora e prestar contas.<\/p>\n","protected":false},"excerpt":{"rendered":"<p>Prazo para gestores p\u00fablicos dos estados, munic\u00edpios e do Distrito Federal apresentem a presta\u00e7\u00e3o de contas sobre os recursos recebidos por meio da Lei Paulo Gustavo (LPG) termina no dia 31 de agosto. Blog do Eloilton Cajuhy \u2013 BEC Est\u00e1 acabando o prazo para que gestores p\u00fablicos dos estados, Distrito Federal e munic\u00edpios prestem contas [&hellip;]<\/p>\n","protected":false},"author":2,"featured_media":76744,"comment_status":"open","ping_status":"open","sticky":false,"template":"","format":"standard","meta":{"_acf_changed":false,"_monsterinsights_skip_tracking":false,"_monsterinsights_sitenote_active":false,"_monsterinsights_sitenote_note":"","_monsterinsights_sitenote_category":0,"_jetpack_memberships_contains_paid_content":false,"footnotes":"","jetpack_publicize_message":"","jetpack_publicize_feature_enabled":true,"jetpack_social_post_already_shared":true,"jetpack_social_options":{"image_generator_settings":{"template":"highway","default_image_id":0,"enabled":false},"version":2}},"categories":[8],"tags":[],"class_list":["post-89780","post","type-post","status-publish","format-standard","has-post-thumbnail","hentry","category-cultura"],"acf":[],"jetpack_publicize_connections":[],"jetpack_featured_media_url":"https:\/\/i0.wp.com\/blogdoeloiltoncajuhy.com.br\/site\/wp-content\/uploads\/2023\/09\/GOVFED_Lei-Paulo-Gustavo_260923.jpeg?fit=768%2C461&ssl=1","jetpack_sharing_enabled":true,"publishpress_future_workflow_manual_trigger":{"enabledWorkflows":[]},"_links":{"self":[{"href":"https:\/\/blogdoeloiltoncajuhy.com.br\/site\/wp-json\/wp\/v2\/posts\/89780","targetHints":{"allow":["GET"]}}],"collection":[{"href":"https:\/\/blogdoeloiltoncajuhy.com.br\/site\/wp-json\/wp\/v2\/posts"}],"about":[{"href":"https:\/\/blogdoeloiltoncajuhy.com.br\/site\/wp-json\/wp\/v2\/types\/post"}],"author":[{"embeddable":true,"href":"https:\/\/blogdoeloiltoncajuhy.com.br\/site\/wp-json\/wp\/v2\/users\/2"}],"replies":[{"embeddable":true,"href":"https:\/\/blogdoeloiltoncajuhy.com.br\/site\/wp-json\/wp\/v2\/comments?post=89780"}],"version-history":[{"count":1,"href":"https:\/\/blogdoeloiltoncajuhy.com.br\/site\/wp-json\/wp\/v2\/posts\/89780\/revisions"}],"predecessor-version":[{"id":89781,"href":"https:\/\/blogdoeloiltoncajuhy.com.br\/site\/wp-json\/wp\/v2\/posts\/89780\/revisions\/89781"}],"wp:featuredmedia":[{"embeddable":true,"href":"https:\/\/blogdoeloiltoncajuhy.com.br\/site\/wp-json\/wp\/v2\/media\/76744"}],"wp:attachment":[{"href":"https:\/\/blogdoeloiltoncajuhy.com.br\/site\/wp-json\/wp\/v2\/media?parent=89780"}],"wp:term":[{"taxonomy":"category","embeddable":true,"href":"https:\/\/blogdoeloiltoncajuhy.com.br\/site\/wp-json\/wp\/v2\/categories?post=89780"},{"taxonomy":"post_tag","embeddable":true,"href":"https:\/\/blogdoeloiltoncajuhy.com.br\/site\/wp-json\/wp\/v2\/tags?post=89780"}],"curies":[{"name":"wp","href":"https:\/\/api.w.org\/{rel}","templated":true}]}}