{"id":89644,"date":"2025-08-19T18:49:55","date_gmt":"2025-08-19T21:49:55","guid":{"rendered":"https:\/\/blogdoeloiltoncajuhy.com.br\/site\/?p=89644"},"modified":"2025-08-19T18:49:56","modified_gmt":"2025-08-19T21:49:56","slug":"alimente-sua-fe-e-venca-seus-medos","status":"publish","type":"post","link":"https:\/\/blogdoeloiltoncajuhy.com.br\/site\/alimente-sua-fe-e-venca-seus-medos\/","title":{"rendered":"Alimente sua f\u00e9 e ven\u00e7a seus medos"},"content":{"rendered":"\n<p class=\"has-medium-font-size\"><strong>Quando a f\u00e9 cresce, o medo desaparece.<\/strong><\/p>\n\n\n\n<p><strong>Por Blog do Eloilton Cajuhy \u2013 BEC<\/strong><\/p>\n\n\n\n<figure class=\"wp-block-image aligncenter size-full is-resized\"><a href=\"https:\/\/i0.wp.com\/blogdoeloiltoncajuhy.com.br\/site\/wp-content\/uploads\/2025\/08\/ChatGPT-Image-19-08-2025_Reflexao.png?ssl=1\"><img data-recalc-dims=\"1\" fetchpriority=\"high\" decoding=\"async\" width=\"760\" height=\"507\" src=\"https:\/\/i0.wp.com\/blogdoeloiltoncajuhy.com.br\/site\/wp-content\/uploads\/2025\/08\/ChatGPT-Image-19-08-2025_Reflexao.png?resize=760%2C507&#038;ssl=1\" alt=\"\" class=\"wp-image-89645\" style=\"width:571px;height:auto\" srcset=\"https:\/\/i0.wp.com\/blogdoeloiltoncajuhy.com.br\/site\/wp-content\/uploads\/2025\/08\/ChatGPT-Image-19-08-2025_Reflexao.png?w=760&amp;ssl=1 760w, https:\/\/i0.wp.com\/blogdoeloiltoncajuhy.com.br\/site\/wp-content\/uploads\/2025\/08\/ChatGPT-Image-19-08-2025_Reflexao.png?resize=300%2C200&amp;ssl=1 300w\" sizes=\"(max-width: 760px) 100vw, 760px\" \/><\/a><figcaption class=\"wp-element-caption\"><sub>A for\u00e7a da f\u00e9 que enfraquece o medo &#8211; Imagem Ilustrativa gerada por Intelig\u00eancia Artificial (IA)<\/sub><\/figcaption><\/figure>\n\n\n\n<p>A vida \u00e9 cheia de desafios, e diante deles, \u00e9 natural que o medo tente ganhar espa\u00e7o em nosso cora\u00e7\u00e3o. O medo nos paralisa, nos faz duvidar da nossa pr\u00f3pria capacidade e, muitas vezes, nos impede de viver experi\u00eancias transformadoras. Mas existe um ant\u00eddoto poderoso contra ele: a f\u00e9.<\/p>\n\n\n\n<p>Quando escolhemos alimentar a f\u00e9 diariamente, seja com pensamentos positivos, ora\u00e7\u00e3o, gratid\u00e3o ou confian\u00e7a em Deus, fortalecemos dentro de n\u00f3s a certeza de que tudo tem um prop\u00f3sito. A f\u00e9 n\u00e3o elimina as dificuldades, mas nos d\u00e1 for\u00e7a para enfrent\u00e1-las. Ela nos faz enxergar al\u00e9m do problema, acreditando que o imposs\u00edvel pode acontecer.<\/p>\n\n\n\n<p>O medo se sustenta das nossas incertezas. A f\u00e9, ao contr\u00e1rio, se fortalece na esperan\u00e7a. Por isso, quanto mais alimentamos a f\u00e9, menos espa\u00e7o sobra para o medo. \u00c9 como acender uma luz em um quarto escuro: a escurid\u00e3o simplesmente n\u00e3o tem como permanecer.<\/p>\n\n\n\n<p>Que possamos, todos os dias, escolher nutrir a f\u00e9. Porque quando ela cresce dentro de n\u00f3s, os medos se enfraquecem e morrem de fome, e em seu lugar nasce a coragem de seguir em frente, confiando que o melhor sempre est\u00e1 por vir.<\/p>\n\n\n\n<p><strong><a href=\"https:\/\/whatsapp.com\/channel\/0029VaAT7tDLI8Yfj5y9Z50Z\" target=\"_blank\" rel=\"noreferrer noopener\"><mark style=\"background-color:rgba(0, 0, 0, 0)\" class=\"has-inline-color has-vivid-red-color\">>> Clique aqui e seja membro do canal do Blog do Eloilton Cajuhy no WhatsApp<\/mark><\/a><\/strong><\/p>\n","protected":false},"excerpt":{"rendered":"<p>Quando a f\u00e9 cresce, o medo desaparece. Por Blog do Eloilton Cajuhy \u2013 BEC A vida \u00e9 cheia de desafios, e diante deles, \u00e9 natural que o medo tente ganhar espa\u00e7o em nosso cora\u00e7\u00e3o. O medo nos paralisa, nos faz duvidar da nossa pr\u00f3pria capacidade e, muitas vezes, nos impede de viver experi\u00eancias transformadoras. Mas [&hellip;]<\/p>\n","protected":false},"author":2,"featured_media":89645,"comment_status":"open","ping_status":"open","sticky":false,"template":"","format":"standard","meta":{"_acf_changed":false,"_monsterinsights_skip_tracking":false,"_monsterinsights_sitenote_active":false,"_monsterinsights_sitenote_note":"","_monsterinsights_sitenote_category":0,"_jetpack_memberships_contains_paid_content":false,"footnotes":"","jetpack_publicize_message":"","jetpack_publicize_feature_enabled":true,"jetpack_social_post_already_shared":true,"jetpack_social_options":{"image_generator_settings":{"template":"highway","default_image_id":0,"font":"","enabled":false},"version":2}},"categories":[9],"tags":[],"class_list":["post-89644","post","type-post","status-publish","format-standard","has-post-thumbnail","hentry","category-reflexao"],"acf":[],"jetpack_publicize_connections":[],"jetpack_featured_media_url":"https:\/\/i0.wp.com\/blogdoeloiltoncajuhy.com.br\/site\/wp-content\/uploads\/2025\/08\/ChatGPT-Image-19-08-2025_Reflexao.png?fit=760%2C507&ssl=1","jetpack_sharing_enabled":true,"publishpress_future_workflow_manual_trigger":{"enabledWorkflows":[]},"_links":{"self":[{"href":"https:\/\/blogdoeloiltoncajuhy.com.br\/site\/wp-json\/wp\/v2\/posts\/89644","targetHints":{"allow":["GET"]}}],"collection":[{"href":"https:\/\/blogdoeloiltoncajuhy.com.br\/site\/wp-json\/wp\/v2\/posts"}],"about":[{"href":"https:\/\/blogdoeloiltoncajuhy.com.br\/site\/wp-json\/wp\/v2\/types\/post"}],"author":[{"embeddable":true,"href":"https:\/\/blogdoeloiltoncajuhy.com.br\/site\/wp-json\/wp\/v2\/users\/2"}],"replies":[{"embeddable":true,"href":"https:\/\/blogdoeloiltoncajuhy.com.br\/site\/wp-json\/wp\/v2\/comments?post=89644"}],"version-history":[{"count":1,"href":"https:\/\/blogdoeloiltoncajuhy.com.br\/site\/wp-json\/wp\/v2\/posts\/89644\/revisions"}],"predecessor-version":[{"id":89646,"href":"https:\/\/blogdoeloiltoncajuhy.com.br\/site\/wp-json\/wp\/v2\/posts\/89644\/revisions\/89646"}],"wp:featuredmedia":[{"embeddable":true,"href":"https:\/\/blogdoeloiltoncajuhy.com.br\/site\/wp-json\/wp\/v2\/media\/89645"}],"wp:attachment":[{"href":"https:\/\/blogdoeloiltoncajuhy.com.br\/site\/wp-json\/wp\/v2\/media?parent=89644"}],"wp:term":[{"taxonomy":"category","embeddable":true,"href":"https:\/\/blogdoeloiltoncajuhy.com.br\/site\/wp-json\/wp\/v2\/categories?post=89644"},{"taxonomy":"post_tag","embeddable":true,"href":"https:\/\/blogdoeloiltoncajuhy.com.br\/site\/wp-json\/wp\/v2\/tags?post=89644"}],"curies":[{"name":"wp","href":"https:\/\/api.w.org\/{rel}","templated":true}]}}