{"id":89640,"date":"2025-08-19T17:31:49","date_gmt":"2025-08-19T20:31:49","guid":{"rendered":"https:\/\/blogdoeloiltoncajuhy.com.br\/site\/?p=89640"},"modified":"2025-08-19T17:32:33","modified_gmt":"2025-08-19T20:32:33","slug":"ansiedade-infantil-cresce-27-no-brasil-e-se-manifesta-antes-dos-10-anos-aponta-instituto","status":"publish","type":"post","link":"https:\/\/blogdoeloiltoncajuhy.com.br\/site\/ansiedade-infantil-cresce-27-no-brasil-e-se-manifesta-antes-dos-10-anos-aponta-instituto\/","title":{"rendered":"Ansiedade infantil cresce 27% no Brasil e se manifesta antes dos 10 anos, aponta instituto"},"content":{"rendered":"\n<p class=\"has-medium-font-size\"><strong>Com sinais f\u00edsicos e altera\u00e7\u00f5es de comportamento, transtorno desafia escolas e fam\u00edlias.<\/strong><\/p>\n\n\n\n<p><strong>Blog do Eloilton Cajuhy \u2013 BEC<\/strong><\/p>\n\n\n\n<figure class=\"wp-block-image aligncenter size-full is-resized\"><a href=\"https:\/\/i0.wp.com\/blogdoeloiltoncajuhy.com.br\/site\/wp-content\/uploads\/2025\/08\/Ansiedade-infantil-Foto-Reproducao-Sun-Kids.webp?ssl=1\"><img data-recalc-dims=\"1\" fetchpriority=\"high\" decoding=\"async\" width=\"600\" height=\"338\" src=\"https:\/\/i0.wp.com\/blogdoeloiltoncajuhy.com.br\/site\/wp-content\/uploads\/2025\/08\/Ansiedade-infantil-Foto-Reproducao-Sun-Kids.webp?resize=600%2C338&#038;ssl=1\" alt=\"\" class=\"wp-image-89641\" style=\"width:753px;height:auto\" srcset=\"https:\/\/i0.wp.com\/blogdoeloiltoncajuhy.com.br\/site\/wp-content\/uploads\/2025\/08\/Ansiedade-infantil-Foto-Reproducao-Sun-Kids.webp?w=600&amp;ssl=1 600w, https:\/\/i0.wp.com\/blogdoeloiltoncajuhy.com.br\/site\/wp-content\/uploads\/2025\/08\/Ansiedade-infantil-Foto-Reproducao-Sun-Kids.webp?resize=300%2C169&amp;ssl=1 300w\" sizes=\"(max-width: 600px) 100vw, 600px\" \/><\/a><figcaption class=\"wp-element-caption\"><sub>Foto: Reprodu\u00e7\u00e3o\/Sun Kids<\/sub><\/figcaption><\/figure>\n\n\n\n<p>Dor de barriga frequente, ins\u00f4nia, irritabilidade e isolamento social. Esses s\u00e3o alguns dos sintomas que t\u00eam levado pais e educadores a buscar apoio psicol\u00f3gico para crian\u00e7as cada vez mais jovens no Brasil. Segundo o Instituto Nacional de Psiquiatria do Desenvolvimento (INPD), os casos de ansiedade infantil aumentaram 27% nos \u00faltimos cinco anos, com manifesta\u00e7\u00f5es significativas ainda antes dos 10 anos de idade.<\/p>\n\n\n\n<p>O dado acende um alerta para profissionais do Instituto Brasileiro de Forma\u00e7\u00e3o de Terapeutas (IBFT), que observam crescimento expressivo na demanda por atendimento infantil.<\/p>\n\n\n\n<blockquote class=\"wp-block-quote is-layout-flow wp-block-quote-is-layout-flow\">\n<p><strong><mark style=\"background-color:rgba(0, 0, 0, 0)\" class=\"has-inline-color has-black-color\">\u201cA ansiedade na inf\u00e2ncia muitas vezes se expressa por meio de dores f\u00edsicas ou mudan\u00e7as abruptas de comportamento. Por desconhecimento, esses sinais s\u00e3o confundidos com birra, desobedi\u00eancia ou agita\u00e7\u00e3o t\u00edpica da idade\u201d, afirma o psic\u00f3logo Jair Soares dos Santos, fundador do IBFT e criador da Terapia de Reprocessamento Generativo (TRG).<\/mark><\/strong><\/p>\n<\/blockquote>\n\n\n\n<p>Doutorando em Psicologia pela Universidade de Flores, na Argentina, Soares destaca que o sofrimento emocional em crian\u00e7as tende a ser silencioso e mal compreendido. \u201c\u00c9 comum recebermos relatos de crian\u00e7as com dor de barriga antes de ir \u00e0 escola, crises de choro aparentemente sem motivo, resist\u00eancia ao sono ou explos\u00f5es de raiva. Esses comportamentos s\u00e3o, muitas vezes, pedidos de ajuda emocional\u201d, explica o psic\u00f3logo.<\/p>\n\n\n\n<p><strong><a href=\"https:\/\/whatsapp.com\/channel\/0029VaAT7tDLI8Yfj5y9Z50Z\" target=\"_blank\" rel=\"noreferrer noopener\"><mark style=\"background-color:rgba(0, 0, 0, 0)\" class=\"has-inline-color has-vivid-red-color\">>> Clique aqui e seja membro do canal do Blog do Eloilton Cajuhy no WhatsApp<\/mark><\/a><\/strong><\/p>\n\n\n\n<p>Entre os fatores que contribuem para a ansiedade precoce est\u00e3o a inseguran\u00e7a emocional, sobrecarga sensorial e falta de espa\u00e7o para expressar sentimentos. O ambiente escolar, segundo os especialistas, ainda falha em reconhecer os sinais iniciais. \u201cGeralmente a escola s\u00f3 age quando h\u00e1 queda de rendimento ou comportamentos mais extremos. Mas os primeiros sinais aparecem bem antes disso\u201d, pontua.<\/p>\n\n\n\n<p>A Organiza\u00e7\u00e3o Mundial da Sa\u00fade (OMS) j\u00e1 classifica os transtornos de ansiedade como uma das principais causas de sofrimento mental entre crian\u00e7as e adolescentes no mundo. No Brasil, o problema \u00e9 refletido em dados da Funda\u00e7\u00e3o Fiocruz, segundo os quais uma em cada quatro crian\u00e7as entre 6 e 12 anos apresenta sintomas de ang\u00fastia emocional cr\u00f4nica, muitas vezes sem diagn\u00f3stico formal.<\/p>\n\n\n\n<p>Frente a esse cen\u00e1rio, a TRG tem sido adaptada para atender o p\u00fablico infantil. A t\u00e9cnica n\u00e3o exige verbaliza\u00e7\u00e3o direta das emo\u00e7\u00f5es, caracter\u00edstica que favorece o tratamento de crian\u00e7as que ainda n\u00e3o conseguem expressar o que sentem de forma clara. \u201cA TRG \u00e9 altamente eficaz nesse p\u00fablico porque respeita o tempo emocional da crian\u00e7a e trabalha as ra\u00edzes do sofrimento. O m\u00e9todo permite acessar, de maneira segura, experi\u00eancias precoces que ainda repercutem no comportamento atual\u201d, explica Soares.<\/p>\n\n\n\n<p>Apesar dos bons resultados cl\u00ednicos, o IBFT refor\u00e7a que o tratamento deve envolver o n\u00facleo familiar. \u201cA crian\u00e7a est\u00e1 inserida em um sistema emocional. N\u00e3o adianta trat\u00e1-la isoladamente. Em muitos casos, os pais tamb\u00e9m carregam dores que se refletem nos filhos. Sempre que poss\u00edvel, recomendamos a terapia familiar\u201d, orienta.<\/p>\n\n\n\n<p>Para Jair, tratar a ansiedade infantil vai al\u00e9m de aplicar um r\u00f3tulo cl\u00ednico. \u201c\u00c9 preciso escutar o que aquela crian\u00e7a tenta comunicar com seus sintomas. Antes de medicar ou punir, \u00e9 necess\u00e1rio compreender\u201d, defende Soares. Segundo ele, a medicaliza\u00e7\u00e3o precoce, sem acompanhamento terap\u00eautico, pode mascarar a origem do sofrimento e comprometer o desenvolvimento emocional.<\/p>\n\n\n\n<p>A proposta do instituto \u00e9 capacitar terapeutas para reconhecer o sintoma como um sinal leg\u00edtimo de sofrimento ps\u00edquico, e n\u00e3o como desvio de conduta. \u201cUma inf\u00e2ncia ansiosa \u00e9 um alerta de que algo precisa ser olhado com mais cuidado. E \u00e9 justamente nesse momento que temos a chance de prevenir o adoecimento emocional na vida adulta\u201d, conclui o fundador do IBFT.<\/p>\n","protected":false},"excerpt":{"rendered":"<p>Com sinais f\u00edsicos e altera\u00e7\u00f5es de comportamento, transtorno desafia escolas e fam\u00edlias. Blog do Eloilton Cajuhy \u2013 BEC Dor de barriga frequente, ins\u00f4nia, irritabilidade e isolamento social. Esses s\u00e3o alguns dos sintomas que t\u00eam levado pais e educadores a buscar apoio psicol\u00f3gico para crian\u00e7as cada vez mais jovens no Brasil. Segundo o Instituto Nacional de [&hellip;]<\/p>\n","protected":false},"author":2,"featured_media":89641,"comment_status":"open","ping_status":"open","sticky":false,"template":"","format":"standard","meta":{"_acf_changed":false,"_monsterinsights_skip_tracking":false,"_monsterinsights_sitenote_active":false,"_monsterinsights_sitenote_note":"","_monsterinsights_sitenote_category":0,"_jetpack_memberships_contains_paid_content":false,"footnotes":"","jetpack_publicize_message":"","jetpack_publicize_feature_enabled":true,"jetpack_social_post_already_shared":false,"jetpack_social_options":{"image_generator_settings":{"template":"highway","default_image_id":0,"enabled":false},"version":2}},"categories":[7],"tags":[],"class_list":["post-89640","post","type-post","status-publish","format-standard","has-post-thumbnail","hentry","category-saude"],"acf":[],"jetpack_publicize_connections":[],"jetpack_featured_media_url":"https:\/\/i0.wp.com\/blogdoeloiltoncajuhy.com.br\/site\/wp-content\/uploads\/2025\/08\/Ansiedade-infantil-Foto-Reproducao-Sun-Kids.webp?fit=600%2C338&ssl=1","jetpack_sharing_enabled":true,"publishpress_future_workflow_manual_trigger":{"enabledWorkflows":[]},"_links":{"self":[{"href":"https:\/\/blogdoeloiltoncajuhy.com.br\/site\/wp-json\/wp\/v2\/posts\/89640","targetHints":{"allow":["GET"]}}],"collection":[{"href":"https:\/\/blogdoeloiltoncajuhy.com.br\/site\/wp-json\/wp\/v2\/posts"}],"about":[{"href":"https:\/\/blogdoeloiltoncajuhy.com.br\/site\/wp-json\/wp\/v2\/types\/post"}],"author":[{"embeddable":true,"href":"https:\/\/blogdoeloiltoncajuhy.com.br\/site\/wp-json\/wp\/v2\/users\/2"}],"replies":[{"embeddable":true,"href":"https:\/\/blogdoeloiltoncajuhy.com.br\/site\/wp-json\/wp\/v2\/comments?post=89640"}],"version-history":[{"count":2,"href":"https:\/\/blogdoeloiltoncajuhy.com.br\/site\/wp-json\/wp\/v2\/posts\/89640\/revisions"}],"predecessor-version":[{"id":89643,"href":"https:\/\/blogdoeloiltoncajuhy.com.br\/site\/wp-json\/wp\/v2\/posts\/89640\/revisions\/89643"}],"wp:featuredmedia":[{"embeddable":true,"href":"https:\/\/blogdoeloiltoncajuhy.com.br\/site\/wp-json\/wp\/v2\/media\/89641"}],"wp:attachment":[{"href":"https:\/\/blogdoeloiltoncajuhy.com.br\/site\/wp-json\/wp\/v2\/media?parent=89640"}],"wp:term":[{"taxonomy":"category","embeddable":true,"href":"https:\/\/blogdoeloiltoncajuhy.com.br\/site\/wp-json\/wp\/v2\/categories?post=89640"},{"taxonomy":"post_tag","embeddable":true,"href":"https:\/\/blogdoeloiltoncajuhy.com.br\/site\/wp-json\/wp\/v2\/tags?post=89640"}],"curies":[{"name":"wp","href":"https:\/\/api.w.org\/{rel}","templated":true}]}}