{"id":89634,"date":"2025-08-19T17:16:35","date_gmt":"2025-08-19T20:16:35","guid":{"rendered":"https:\/\/blogdoeloiltoncajuhy.com.br\/site\/?p=89634"},"modified":"2025-08-19T17:16:37","modified_gmt":"2025-08-19T20:16:37","slug":"mais-de-11-milhao-de-familias-baianas-estao-aptas-a-receber-gratuidade-no-consumo-de-energia","status":"publish","type":"post","link":"https:\/\/blogdoeloiltoncajuhy.com.br\/site\/mais-de-11-milhao-de-familias-baianas-estao-aptas-a-receber-gratuidade-no-consumo-de-energia\/","title":{"rendered":"Mais de 1,1 milh\u00e3o de fam\u00edlias baianas est\u00e3o aptas a receber gratuidade no consumo de energia"},"content":{"rendered":"\n<p class=\"has-medium-font-size\"><strong>Salvador concentra o maior n\u00famero de fam\u00edlias aptas, pouco mais de 200 mil, a receber o benef\u00edcio da Tarifa Social de Energia El\u00e9trica.<\/strong><\/p>\n\n\n\n<p><strong>Blog do Eloilton Cajuhy \u2013 BEC<\/strong><\/p>\n\n\n\n<figure class=\"wp-block-image aligncenter size-full\"><a href=\"https:\/\/i0.wp.com\/blogdoeloiltoncajuhy.com.br\/site\/wp-content\/uploads\/2025\/08\/Tarifa-Social-Energia-Eletrca_IA.png?ssl=1\"><img data-recalc-dims=\"1\" fetchpriority=\"high\" decoding=\"async\" width=\"760\" height=\"507\" src=\"https:\/\/i0.wp.com\/blogdoeloiltoncajuhy.com.br\/site\/wp-content\/uploads\/2025\/08\/Tarifa-Social-Energia-Eletrca_IA.png?resize=760%2C507&#038;ssl=1\" alt=\"\" class=\"wp-image-89638\" srcset=\"https:\/\/i0.wp.com\/blogdoeloiltoncajuhy.com.br\/site\/wp-content\/uploads\/2025\/08\/Tarifa-Social-Energia-Eletrca_IA.png?w=760&amp;ssl=1 760w, https:\/\/i0.wp.com\/blogdoeloiltoncajuhy.com.br\/site\/wp-content\/uploads\/2025\/08\/Tarifa-Social-Energia-Eletrca_IA.png?resize=300%2C200&amp;ssl=1 300w\" sizes=\"(max-width: 760px) 100vw, 760px\" \/><\/a><figcaption class=\"wp-element-caption\"><sub>Mais de 1,1 milh\u00e3o de fam\u00edlias baianas est\u00e3o aptas a receber gratuidade no consumo de energia<\/sub><\/figcaption><\/figure>\n\n\n\n<p>Mais de 1.1 milh\u00e3o de fam\u00edlias baianas foram identificadas pela Neoenergia Coelba como aptas a receber gratuidade no consumo de at\u00e9 80 kWh por m\u00eas. O benef\u00edcio \u00e9 concedido por meio da Tarifa Social de Energia El\u00e9trica, mas essas fam\u00edlias ainda n\u00e3o est\u00e3o inscritas no programa. O levantamento foi feito pela distribuidora a partir de dados do Minist\u00e9rio da Cidadania e da Ag\u00eancia Nacional de Energia El\u00e9trica (Aneel).<\/p>\n\n\n\n<p>Podem receber o benef\u00edcio pessoas inscritas no Cad\u00danico que possuam o N\u00famero de Identifica\u00e7\u00e3o Social (NIS) ou o N\u00famero do Benef\u00edcio (NB). Salvador \u00e9 a cidade com maior n\u00famero de fam\u00edlias aptas ao desconto: mais de 200 mil.<\/p>\n\n\n\n<p><strong><a href=\"https:\/\/whatsapp.com\/channel\/0029VaAT7tDLI8Yfj5y9Z50Z\" target=\"_blank\" rel=\"noreferrer noopener\"><mark style=\"background-color:rgba(0, 0, 0, 0)\" class=\"has-inline-color has-vivid-red-color\">>> Clique aqui e seja membro do canal do Blog do Eloilton Cajuhy no WhatsApp<\/mark><\/a><\/strong><\/p>\n\n\n\n<p>Atualmente, a Neoenergia Coelba possui 1.9 milh\u00e3o de fam\u00edlias cadastradas na Tarifa Social. Ciente de que se trata de um direito dos consumidores, a concession\u00e1ria realiza mensalmente o cadastro proativo de fam\u00edlias. Em 2024, 477 mil pessoas foram inscritas automaticamente pela distribuidora.<\/p>\n\n\n\n<p>Os requisitos para a Tarifa Social n\u00e3o se restringem ao titular da conta de energia \u2014 valem para todos os moradores da resid\u00eancia. Quando o benefici\u00e1rio do programa social n\u00e3o \u00e9 o titular da fatura (como nos casos de aluguel ou resid\u00eancia cedida), \u00e9 necess\u00e1rio que o cliente entre em contato com a distribuidora e informe a situa\u00e7\u00e3o. Importante: o cliente cadastrado no programa n\u00e3o perde nenhum outro benef\u00edcio do governo federal.<\/p>\n\n\n\n<h4 class=\"wp-block-heading\"><strong><mark style=\"background-color:rgba(0, 0, 0, 0)\" class=\"has-inline-color has-black-color\">Gratuidade at\u00e9 80 kWh consumidos<\/mark><\/strong><\/h4>\n\n\n\n<p>Desde julho desde ano entrou em vigor as novas regras da Tarifa Social de energia el\u00e9trica em que fam\u00edlias classificadas como baixa renda, inscritas no Cad\u00danico, passaram a ter gratuidade nos primeiros 80 quilowatts-hora (kWh) consumidos. No \u00faltimo m\u00eas, mais de 700 mil fam\u00edlias tiveram a fatura de energia zerada, por enquadrar o consumo abaixo dos 80 kWh\/m\u00eas.<\/p>\n\n\n\n<p>Superado o limite de 80 kWh, o consumidor passa a pagar a tarifa integral do restante consumido. Isso significa que uma fam\u00edlia beneficiada pela TSEE que consome, por exemplo, 100 kWh\/m\u00eas, pagar\u00e1 pelo consumo dos 20 kWh adicionais.<\/p>\n\n\n\n<h4 class=\"wp-block-heading\"><strong><mark style=\"background-color:rgba(0, 0, 0, 0)\" class=\"has-inline-color has-black-color\">Como solicitar a Tarifa Social<\/mark><\/strong><\/h4>\n\n\n\n<p>A solicita\u00e7\u00e3o da Tarifa Social pode ser feita por meio do WhatsApp da Neoenergia Coelba (71 3370-6350), pelo site oficial (<a href=\"http:\/\/www.neoenergia.com\/bahia\" target=\"_blank\" rel=\"noreferrer noopener\"><strong><mark style=\"background-color:rgba(0, 0, 0, 0)\" class=\"has-inline-color has-vivid-cyan-blue-color\">www.neoenergia.com\/bahia<\/mark><\/strong><\/a>) ou nas lojas presenciais de atendimento. Apenas com o n\u00famero do NIS em m\u00e3os, o cliente j\u00e1 pode solicitar o benef\u00edcio \u00e0 concession\u00e1ria. Vale lembrar que n\u00e3o h\u00e1 prazo limite para a solicita\u00e7\u00e3o.<\/p>\n\n\n\n<p>O consumidor pode se cadastrar a qualquer momento, desde que atenda aos crit\u00e9rios exigidos, apresente a documenta\u00e7\u00e3o necess\u00e1ria e tenha o benef\u00edcio validado. \u00c9 importante destacar que o desconto n\u00e3o \u00e9 cumulativo: caso duas pessoas da mesma fam\u00edlia possuam o NIS ou o NB, apenas uma poder\u00e1 se inscrever na Tarifa Social.<\/p>\n\n\n\n<h4 class=\"wp-block-heading\"><strong><mark style=\"background-color:rgba(0, 0, 0, 0)\" class=\"has-inline-color has-black-color\">Atualiza\u00e7\u00e3o cadastral<\/mark><\/strong><\/h4>\n\n\n\n<p>Quem j\u00e1 est\u00e1 inscrito na Tarifa Social de Energia El\u00e9trica deve manter os dados atualizados junto ao Minist\u00e9rio da Cidadania. Para isso, \u00e9 necess\u00e1rio comparecer ao Centro de Refer\u00eancia de Assist\u00eancia Social (CRAS) do munic\u00edpio.<\/p>\n","protected":false},"excerpt":{"rendered":"<p>Salvador concentra o maior n\u00famero de fam\u00edlias aptas, pouco mais de 200 mil, a receber o benef\u00edcio da Tarifa Social de Energia El\u00e9trica. Blog do Eloilton Cajuhy \u2013 BEC Mais de 1.1 milh\u00e3o de fam\u00edlias baianas foram identificadas pela Neoenergia Coelba como aptas a receber gratuidade no consumo de at\u00e9 80 kWh por m\u00eas. O [&hellip;]<\/p>\n","protected":false},"author":2,"featured_media":89638,"comment_status":"open","ping_status":"open","sticky":false,"template":"","format":"standard","meta":{"_acf_changed":false,"_monsterinsights_skip_tracking":false,"_monsterinsights_sitenote_active":false,"_monsterinsights_sitenote_note":"","_monsterinsights_sitenote_category":0,"_jetpack_memberships_contains_paid_content":false,"footnotes":"","jetpack_publicize_message":"","jetpack_publicize_feature_enabled":true,"jetpack_social_post_already_shared":false,"jetpack_social_options":{"image_generator_settings":{"template":"highway","default_image_id":0,"enabled":false},"version":2}},"categories":[31],"tags":[],"class_list":["post-89634","post","type-post","status-publish","format-standard","has-post-thumbnail","hentry","category-economia"],"acf":[],"jetpack_publicize_connections":[],"jetpack_featured_media_url":"https:\/\/i0.wp.com\/blogdoeloiltoncajuhy.com.br\/site\/wp-content\/uploads\/2025\/08\/Tarifa-Social-Energia-Eletrca_IA.png?fit=760%2C507&ssl=1","jetpack_sharing_enabled":true,"publishpress_future_workflow_manual_trigger":{"enabledWorkflows":[]},"_links":{"self":[{"href":"https:\/\/blogdoeloiltoncajuhy.com.br\/site\/wp-json\/wp\/v2\/posts\/89634","targetHints":{"allow":["GET"]}}],"collection":[{"href":"https:\/\/blogdoeloiltoncajuhy.com.br\/site\/wp-json\/wp\/v2\/posts"}],"about":[{"href":"https:\/\/blogdoeloiltoncajuhy.com.br\/site\/wp-json\/wp\/v2\/types\/post"}],"author":[{"embeddable":true,"href":"https:\/\/blogdoeloiltoncajuhy.com.br\/site\/wp-json\/wp\/v2\/users\/2"}],"replies":[{"embeddable":true,"href":"https:\/\/blogdoeloiltoncajuhy.com.br\/site\/wp-json\/wp\/v2\/comments?post=89634"}],"version-history":[{"count":2,"href":"https:\/\/blogdoeloiltoncajuhy.com.br\/site\/wp-json\/wp\/v2\/posts\/89634\/revisions"}],"predecessor-version":[{"id":89639,"href":"https:\/\/blogdoeloiltoncajuhy.com.br\/site\/wp-json\/wp\/v2\/posts\/89634\/revisions\/89639"}],"wp:featuredmedia":[{"embeddable":true,"href":"https:\/\/blogdoeloiltoncajuhy.com.br\/site\/wp-json\/wp\/v2\/media\/89638"}],"wp:attachment":[{"href":"https:\/\/blogdoeloiltoncajuhy.com.br\/site\/wp-json\/wp\/v2\/media?parent=89634"}],"wp:term":[{"taxonomy":"category","embeddable":true,"href":"https:\/\/blogdoeloiltoncajuhy.com.br\/site\/wp-json\/wp\/v2\/categories?post=89634"},{"taxonomy":"post_tag","embeddable":true,"href":"https:\/\/blogdoeloiltoncajuhy.com.br\/site\/wp-json\/wp\/v2\/tags?post=89634"}],"curies":[{"name":"wp","href":"https:\/\/api.w.org\/{rel}","templated":true}]}}