{"id":89619,"date":"2025-08-19T00:10:00","date_gmt":"2025-08-19T03:10:00","guid":{"rendered":"https:\/\/blogdoeloiltoncajuhy.com.br\/site\/?p=89619"},"modified":"2025-08-18T19:32:49","modified_gmt":"2025-08-18T22:32:49","slug":"mulheres-vitimas-de-violencia-domestica-tem-vitoria-historica-no-stf","status":"publish","type":"post","link":"https:\/\/blogdoeloiltoncajuhy.com.br\/site\/mulheres-vitimas-de-violencia-domestica-tem-vitoria-historica-no-stf\/","title":{"rendered":"Mulheres v\u00edtimas de viol\u00eancia dom\u00e9stica t\u00eam vit\u00f3ria hist\u00f3rica no STF"},"content":{"rendered":"\n<p class=\"has-text-align-right\"><strong>Por Jo\u00e3o Badari*<\/strong><\/p>\n\n\n\n<figure class=\"wp-block-image aligncenter size-full\"><a href=\"https:\/\/i0.wp.com\/blogdoeloiltoncajuhy.com.br\/site\/wp-content\/uploads\/2024\/08\/Violencia-domestica-e-familiar-contra-a-mulher-Foto-g1.jpeg\"><img data-recalc-dims=\"1\" fetchpriority=\"high\" decoding=\"async\" width=\"785\" height=\"472\" src=\"https:\/\/i0.wp.com\/blogdoeloiltoncajuhy.com.br\/site\/wp-content\/uploads\/2024\/08\/Violencia-domestica-e-familiar-contra-a-mulher-Foto-g1.jpeg?resize=785%2C472\" alt=\"\" class=\"wp-image-82363\" srcset=\"https:\/\/i0.wp.com\/blogdoeloiltoncajuhy.com.br\/site\/wp-content\/uploads\/2024\/08\/Violencia-domestica-e-familiar-contra-a-mulher-Foto-g1.jpeg?w=785&amp;ssl=1 785w, https:\/\/i0.wp.com\/blogdoeloiltoncajuhy.com.br\/site\/wp-content\/uploads\/2024\/08\/Violencia-domestica-e-familiar-contra-a-mulher-Foto-g1.jpeg?resize=300%2C180&amp;ssl=1 300w, https:\/\/i0.wp.com\/blogdoeloiltoncajuhy.com.br\/site\/wp-content\/uploads\/2024\/08\/Violencia-domestica-e-familiar-contra-a-mulher-Foto-g1.jpeg?resize=768%2C462&amp;ssl=1 768w\" sizes=\"(max-width: 785px) 100vw, 785px\" \/><\/a><figcaption class=\"wp-element-caption\"><sub>Foto: Reprodu\u00e7\u00e3o \/ g1<\/sub><\/figcaption><\/figure>\n\n\n\n<p>Nesta segunda-feira (18), o Supremo Tribunal Federal concluiu o julgamento do Tema 1370, reconhecendo um direito essencial \u00e0s mulheres v\u00edtimas de viol\u00eancia dom\u00e9stica: o afastamento do trabalho, com percep\u00e7\u00e3o de benef\u00edcio previdenci\u00e1rio, quando a manuten\u00e7\u00e3o do v\u00ednculo empregat\u00edcio e da renda estiverem amea\u00e7ados pela situa\u00e7\u00e3o de viol\u00eancia.<\/p>\n\n\n\n<p>Participei deste processo como &#8220;amigo da Corte&#8221; e testemunhei a relev\u00e2ncia da decis\u00e3o. Trata-se de um marco que merece n\u00e3o apenas reconhecimento jur\u00eddico, mas tamb\u00e9m celebra\u00e7\u00e3o social, pois reafirma o compromisso da Corte com a dignidade humana, a igualdade de g\u00eanero e a prote\u00e7\u00e3o dos direitos fundamentais.<\/p>\n\n\n\n<p>A decis\u00e3o encontra s\u00f3lida base na Lei n\u00ba 11.340\/2006, a Lei Maria da Penha, considerada um divisor de \u00e1guas no combate \u00e0 viol\u00eancia contra a mulher no Brasil. Entre suas medidas protetivas, a lei prev\u00ea a possibilidade de afastamento da mulher do trabalho por at\u00e9 seis meses, sem preju\u00edzo do v\u00ednculo empregat\u00edcio, quando isso for necess\u00e1rio para sua integridade f\u00edsica e psicol\u00f3gica.<\/p>\n\n\n\n<p><strong><a href=\"https:\/\/whatsapp.com\/channel\/0029VaAT7tDLI8Yfj5y9Z50Z\" target=\"_blank\" rel=\"noreferrer noopener\"><mark style=\"background-color:rgba(0, 0, 0, 0)\" class=\"has-inline-color has-vivid-red-color\">>> Clique aqui e seja membro do canal do Blog do Eloilton Cajuhy no WhatsApp<\/mark><\/a><\/strong><\/p>\n\n\n\n<p>Na pr\u00e1tica, por\u00e9m, a previs\u00e3o era insuficiente. Garantir apenas a manuten\u00e7\u00e3o do emprego, sem assegurar condi\u00e7\u00f5es de sustento, mantinha muitas mulheres ref\u00e9ns da depend\u00eancia econ\u00f4mica. O STF, ao enfrentar o Tema 1370, reconheceu essa lacuna e reafirmou que a prote\u00e7\u00e3o integral s\u00f3 se concretiza com a garantia de renda, a ser viabilizada pela cobertura previdenci\u00e1ria.<\/p>\n\n\n\n<p>Com isso, a Suprema Corte deu efic\u00e1cia plena ao esp\u00edrito da Lei Maria da Penha: proteger mulheres em situa\u00e7\u00e3o de vulnerabilidade de forma concreta, e n\u00e3o apenas simb\u00f3lica.<\/p>\n\n\n\n<p>O Brasil ainda convive com \u00edndices alarmantes de viol\u00eancia dom\u00e9stica. A cada ano, milhares de mulheres precisam se afastar de seus lares ou de seus trabalhos para preservar a pr\u00f3pria vida. Nesse contexto, a decis\u00e3o do STF rompe um ciclo perverso: garante que a mulher n\u00e3o precise escolher entre a seguran\u00e7a pessoal e a subsist\u00eancia econ\u00f4mica.<\/p>\n\n\n\n<p>Esse afastamento remunerado fortalece a confian\u00e7a nas institui\u00e7\u00f5es, incentiva den\u00fancias e d\u00e1 efetividade \u00e0s medidas protetivas. Mais que uma conquista individual, \u00e9 um avan\u00e7o coletivo, que contribui para a redu\u00e7\u00e3o da desigualdade de g\u00eanero e para a constru\u00e7\u00e3o de uma sociedade mais justa.<\/p>\n\n\n\n<p>Sob a \u00f3tica jur\u00eddica, o julgamento \u00e9 exemplo de coer\u00eancia constitucional. A Corte fez prevalecer princ\u00edpios como: a dignidade da pessoa humana (art. 1\u00ba, III, CF); a prote\u00e7\u00e3o do trabalho da mulher (art. 7\u00ba, XX, CF); e o direito \u00e0 sa\u00fade e \u00e0 seguridade social (arts. 6\u00ba e 201, CF).<\/p>\n\n\n\n<p>Ao assegurar a cobertura previdenci\u00e1ria, o STF evitou que a previs\u00e3o da Lei Maria da Penha se tornasse letra morta. A decis\u00e3o harmonizou legisla\u00e7\u00e3o infraconstitucional e Constitui\u00e7\u00e3o, conferindo m\u00e1xima efetividade aos direitos fundamentais.<\/p>\n\n\n\n<p>O recado \u00e9 claro: a prote\u00e7\u00e3o da mulher v\u00edtima de viol\u00eancia dom\u00e9stica n\u00e3o pode ser vista como favor eventual, mas como pol\u00edtica de Estado.<\/p>\n\n\n\n<p>O julgamento do Tema 1370 projeta efeitos que extrapolam a quest\u00e3o espec\u00edfica. Ele inaugura um precedente de esperan\u00e7a: o de que o Judici\u00e1rio brasileiro pode corrigir lacunas hist\u00f3ricas quando est\u00e3o em jogo grupos vulner\u00e1veis.<\/p>\n\n\n\n<p>Mais do que resolver um impasse jur\u00eddico, o STF reafirmou que a vida e a dignidade da mulher est\u00e3o acima de qualquer formalismo. Trata-se de uma decis\u00e3o que salva vidas e abre caminho para outras pautas de prote\u00e7\u00e3o social.<\/p>\n\n\n\n<p>Ao assegurar n\u00e3o apenas o afastamento do trabalho, mas tamb\u00e9m a sobreviv\u00eancia econ\u00f4mica e social da v\u00edtima, o Supremo escreveu um cap\u00edtulo hist\u00f3rico da luta contra a viol\u00eancia dom\u00e9stica no Brasil.<\/p>\n\n\n\n<p>Essa decis\u00e3o deve ser celebrada como exemplo de sensibilidade social e firmeza jur\u00eddica. Demonstra que a Suprema Corte n\u00e3o se limita a interpretar normas: tem o dever de concretizar direitos, sobretudo quando vidas est\u00e3o em risco.<\/p>\n\n\n\n<p>Ao aplaudirmos essa vit\u00f3ria, reafirmamos um princ\u00edpio essencial: a Justi\u00e7a s\u00f3 \u00e9 verdadeira quando alcan\u00e7a os mais vulner\u00e1veis.<\/p>\n\n\n\n<p><strong><em>*Jo\u00e3o Badari \u00e9 advogado especialista em Direito Previdenci\u00e1rio e diretor de atua\u00e7\u00e3o judicial do Ieprev &#8211; Instituto de Estudos Previdenci\u00e1rios<\/em><\/strong><\/p>\n","protected":false},"excerpt":{"rendered":"<p>Por Jo\u00e3o Badari* Nesta segunda-feira (18), o Supremo Tribunal Federal concluiu o julgamento do Tema 1370, reconhecendo um direito essencial \u00e0s mulheres v\u00edtimas de viol\u00eancia dom\u00e9stica: o afastamento do trabalho, com percep\u00e7\u00e3o de benef\u00edcio previdenci\u00e1rio, quando a manuten\u00e7\u00e3o do v\u00ednculo empregat\u00edcio e da renda estiverem amea\u00e7ados pela situa\u00e7\u00e3o de viol\u00eancia. Participei deste processo como &#8220;amigo [&hellip;]<\/p>\n","protected":false},"author":2,"featured_media":72565,"comment_status":"open","ping_status":"open","sticky":false,"template":"","format":"standard","meta":{"_acf_changed":false,"_monsterinsights_skip_tracking":false,"_monsterinsights_sitenote_active":false,"_monsterinsights_sitenote_note":"","_monsterinsights_sitenote_category":0,"_jetpack_memberships_contains_paid_content":false,"footnotes":"","jetpack_publicize_message":"","jetpack_publicize_feature_enabled":true,"jetpack_social_post_already_shared":true,"jetpack_social_options":{"image_generator_settings":{"template":"highway","default_image_id":0,"font":"","enabled":false},"version":2}},"categories":[1],"tags":[],"class_list":["post-89619","post","type-post","status-publish","format-standard","has-post-thumbnail","hentry","category-noticias"],"acf":[],"jetpack_publicize_connections":[],"jetpack_featured_media_url":"https:\/\/i0.wp.com\/blogdoeloiltoncajuhy.com.br\/site\/wp-content\/uploads\/2023\/02\/Violencia-Mulher_Foto_Getty-Images-iStockphoto-direitos-reservados.jpeg?fit=675%2C450&ssl=1","jetpack_sharing_enabled":true,"publishpress_future_workflow_manual_trigger":{"enabledWorkflows":[]},"_links":{"self":[{"href":"https:\/\/blogdoeloiltoncajuhy.com.br\/site\/wp-json\/wp\/v2\/posts\/89619","targetHints":{"allow":["GET"]}}],"collection":[{"href":"https:\/\/blogdoeloiltoncajuhy.com.br\/site\/wp-json\/wp\/v2\/posts"}],"about":[{"href":"https:\/\/blogdoeloiltoncajuhy.com.br\/site\/wp-json\/wp\/v2\/types\/post"}],"author":[{"embeddable":true,"href":"https:\/\/blogdoeloiltoncajuhy.com.br\/site\/wp-json\/wp\/v2\/users\/2"}],"replies":[{"embeddable":true,"href":"https:\/\/blogdoeloiltoncajuhy.com.br\/site\/wp-json\/wp\/v2\/comments?post=89619"}],"version-history":[{"count":1,"href":"https:\/\/blogdoeloiltoncajuhy.com.br\/site\/wp-json\/wp\/v2\/posts\/89619\/revisions"}],"predecessor-version":[{"id":89620,"href":"https:\/\/blogdoeloiltoncajuhy.com.br\/site\/wp-json\/wp\/v2\/posts\/89619\/revisions\/89620"}],"wp:featuredmedia":[{"embeddable":true,"href":"https:\/\/blogdoeloiltoncajuhy.com.br\/site\/wp-json\/wp\/v2\/media\/72565"}],"wp:attachment":[{"href":"https:\/\/blogdoeloiltoncajuhy.com.br\/site\/wp-json\/wp\/v2\/media?parent=89619"}],"wp:term":[{"taxonomy":"category","embeddable":true,"href":"https:\/\/blogdoeloiltoncajuhy.com.br\/site\/wp-json\/wp\/v2\/categories?post=89619"},{"taxonomy":"post_tag","embeddable":true,"href":"https:\/\/blogdoeloiltoncajuhy.com.br\/site\/wp-json\/wp\/v2\/tags?post=89619"}],"curies":[{"name":"wp","href":"https:\/\/api.w.org\/{rel}","templated":true}]}}