{"id":89200,"date":"2025-07-31T16:33:13","date_gmt":"2025-07-31T19:33:13","guid":{"rendered":"https:\/\/blogdoeloiltoncajuhy.com.br\/site\/?p=89200"},"modified":"2025-07-31T16:33:15","modified_gmt":"2025-07-31T19:33:15","slug":"mercado-de-trabalho-taxa-de-desemprego-cai-para-58-e-e-o-menor-ja-registrado-no-brasil","status":"publish","type":"post","link":"https:\/\/blogdoeloiltoncajuhy.com.br\/site\/mercado-de-trabalho-taxa-de-desemprego-cai-para-58-e-e-o-menor-ja-registrado-no-brasil\/","title":{"rendered":"Mercado de trabalho: Taxa de desemprego cai para 5,8% e \u00e9 o menor j\u00e1 registrado no Brasil"},"content":{"rendered":"\n<p class=\"has-medium-font-size\"><strong>A desocupa\u00e7\u00e3o ainda atinge 6,3 milh\u00f5es de pessoas. N\u00famero de ocupados chega ao recorde de 102,3 milh\u00f5es. Carteira assinada, rendimento m\u00e9dio e massa salarial tamb\u00e9m atingem m\u00e1ximas.<\/strong><\/p>\n\n\n\n<p><strong>Por Raphael Martins, g1<\/strong> \u2014 S\u00e3o Paulo<\/p>\n\n\n\n<figure class=\"wp-block-image aligncenter size-full\"><a href=\"https:\/\/i0.wp.com\/blogdoeloiltoncajuhy.com.br\/site\/wp-content\/uploads\/2024\/12\/Carteira-de-trabalho-digital-Foto_Vitor-Vasconcelos_Secom-PR.jpg\"><img data-recalc-dims=\"1\" fetchpriority=\"high\" decoding=\"async\" width=\"768\" height=\"512\" src=\"https:\/\/i0.wp.com\/blogdoeloiltoncajuhy.com.br\/site\/wp-content\/uploads\/2024\/12\/Carteira-de-trabalho-digital-Foto_Vitor-Vasconcelos_Secom-PR.jpg?resize=768%2C512\" alt=\"\" class=\"wp-image-85052\" srcset=\"https:\/\/i0.wp.com\/blogdoeloiltoncajuhy.com.br\/site\/wp-content\/uploads\/2024\/12\/Carteira-de-trabalho-digital-Foto_Vitor-Vasconcelos_Secom-PR.jpg?w=768&amp;ssl=1 768w, https:\/\/i0.wp.com\/blogdoeloiltoncajuhy.com.br\/site\/wp-content\/uploads\/2024\/12\/Carteira-de-trabalho-digital-Foto_Vitor-Vasconcelos_Secom-PR.jpg?resize=300%2C200&amp;ssl=1 300w\" sizes=\"(max-width: 768px) 100vw, 768px\" \/><\/a><figcaption class=\"wp-element-caption\"><sub>Foto: Vitor Vasconcelos\/Secom-PR<\/sub><\/figcaption><\/figure>\n\n\n\n<p>A taxa de desemprego no Brasil foi de 5,8% no segundo trimestre de 2025, segundo a Pesquisa Nacional por Amostra de Domic\u00edlios (PNAD) Cont\u00ednua, divulgada nesta quinta-feira (31) pelo Instituto Brasileiro de Geografia e Estat\u00edstica (IBGE).<\/p>\n\n\n\n<p><strong><mark style=\"background-color:rgba(0, 0, 0, 0)\" class=\"has-inline-color has-black-color\">A taxa do trimestre encerrado em junho representa a menor taxa da s\u00e9rie hist\u00f3rica iniciada em 2012.<\/mark><\/strong> A partir deste m\u00eas, os dados do IBGE passaram a ser recalculados com base no Censo Demogr\u00e1fico de 2022.<\/p>\n\n\n\n<p><strong><a href=\"https:\/\/whatsapp.com\/channel\/0029VaAT7tDLI8Yfj5y9Z50Z\" target=\"_blank\" rel=\"noreferrer noopener\"><mark style=\"background-color:rgba(0, 0, 0, 0)\" class=\"has-inline-color has-vivid-red-color\">&gt;&gt; Seja membro do canal Blog do Eloilton Cajuhy no WhatsApp e veja mais not\u00edcias<\/mark><\/a><\/strong><\/p>\n\n\n\n<p>Em compara\u00e7\u00e3o com o trimestre anterior, encerrado em mar\u00e7o, houve queda de 1,2 ponto percentual (p.p.) na taxa de desocupa\u00e7\u00e3o, que era de 7%. No mesmo per\u00edodo de 2024, a taxa era de 6,9%.<\/p>\n\n\n\n<p><strong><mark style=\"background-color:rgba(0, 0, 0, 0)\" class=\"has-inline-color has-black-color\">Ao todo, 6,3 milh\u00f5es de pessoas est\u00e3o sem emprego no pa\u00eds<\/mark><\/strong>, o que representa uma queda de 17,4% (ou mais 1,3 milh\u00e3o de pessoas) em rela\u00e7\u00e3o ao trimestre anterior, e um recuo de 15,4% (menos 1,1 milh\u00e3o de pessoas) em compara\u00e7\u00e3o com 2024.<\/p>\n\n\n\n<p>No trimestre encerrado em junho, <strong><mark style=\"background-color:rgba(0, 0, 0, 0)\" class=\"has-inline-color has-black-color\">a popula\u00e7\u00e3o ocupada foi estimada em 102,3 milh\u00f5es de pessoas<\/mark><\/strong> \u2014 novo recorde da s\u00e9rie hist\u00f3rica iniciada em 2012. O n\u00famero representa alta de 1,8% no trimestre (1,8 milh\u00e3o de pessoas) e de 2,4% no ano (2,4 milh\u00f5es a mais).<\/p>\n\n\n\n<p>Com isso, 58,8% das pessoas em idade de trabalhar no Brasil (14 anos ou mais) est\u00e3o empregadas \u2014 \u00e9 o que o IBGE chama de n\u00edvel de ocupa\u00e7\u00e3o. O aumento foi de 0,69 p.p. contra o trimestre anterior. Em rela\u00e7\u00e3o ao mesmo per\u00edodo do ano anterior, a alta \u00e9 de 1 p.p.<\/p>\n\n\n\n<h4 class=\"wp-block-heading\"><strong><mark style=\"background-color:rgba(0, 0, 0, 0)\" class=\"has-inline-color has-black-color\">Carteira assinada bate novo recorde<\/mark><\/strong><\/h4>\n\n\n\n<p>O n\u00famero de trabalhadores com e sem carteira assinada no setor privado cresceu 3% em rela\u00e7\u00e3o ao ano anterior, alcan\u00e7ando 52,6 milh\u00f5es. Houve alta nos dois comparativos: 1,3% no trimestre e 2,7% no ano.<\/p>\n\n\n\n<p>Entre os <strong><mark style=\"background-color:rgba(0, 0, 0, 0)\" class=\"has-inline-color has-black-color\">empregados com carteira assinada<\/mark><\/strong>, o total chegou a 39 milh\u00f5es, o maior patamar da s\u00e9rie hist\u00f3rica.<\/p>\n\n\n\n<p>Contra o trimestre anterior, houve alta de 0,9%, com acr\u00e9scimo de 357 mil trabalhadores. Na compara\u00e7\u00e3o anual, o crescimento foi de 3,7%, o que representa 1,4 milh\u00e3o de pessoas a mais.<\/p>\n\n\n\n<p>J\u00e1 os <strong><mark style=\"background-color:rgba(0, 0, 0, 0)\" class=\"has-inline-color has-black-color\">empregados sem carteira<\/mark><\/strong> somam 13,5 milh\u00f5es. No trimestre, houve alta de 2,6%, com acr\u00e9scimo de 338 mil pessoas. Em rela\u00e7\u00e3o a 2024, o n\u00famero se manteve est\u00e1vel.<\/p>\n\n\n\n<h4 class=\"wp-block-heading\"><strong><mark style=\"background-color:rgba(0, 0, 0, 0)\" class=\"has-inline-color has-black-color\">Rendimento registra alta<\/mark><\/strong><\/h4>\n\n\n\n<p>O rendimento real habitual atingiu o maior valor da s\u00e9rie hist\u00f3rica, chegando a R$ 3.477. A alta foi de 1,1% no trimestre e de 3,3% na compara\u00e7\u00e3o anual.<\/p>\n\n\n\n<p>A massa de rendimento real habitual tamb\u00e9m bateu recorde, estimada em R$ 351,2 bilh\u00f5es. O valor representa alta de 2,9% em rela\u00e7\u00e3o ao trimestre anterior e de 5,9% na compara\u00e7\u00e3o com o mesmo trimestre do ano passado.<\/p>\n","protected":false},"excerpt":{"rendered":"<p>A desocupa\u00e7\u00e3o ainda atinge 6,3 milh\u00f5es de pessoas. N\u00famero de ocupados chega ao recorde de 102,3 milh\u00f5es. Carteira assinada, rendimento m\u00e9dio e massa salarial tamb\u00e9m atingem m\u00e1ximas. Por Raphael Martins, g1 \u2014 S\u00e3o Paulo A taxa de desemprego no Brasil foi de 5,8% no segundo trimestre de 2025, segundo a Pesquisa Nacional por Amostra de [&hellip;]<\/p>\n","protected":false},"author":2,"featured_media":86180,"comment_status":"open","ping_status":"open","sticky":false,"template":"","format":"standard","meta":{"_acf_changed":false,"_monsterinsights_skip_tracking":false,"_monsterinsights_sitenote_active":false,"_monsterinsights_sitenote_note":"","_monsterinsights_sitenote_category":0,"_jetpack_memberships_contains_paid_content":false,"footnotes":"","jetpack_publicize_message":"","jetpack_publicize_feature_enabled":true,"jetpack_social_post_already_shared":true,"jetpack_social_options":{"image_generator_settings":{"template":"highway","default_image_id":0,"font":"","enabled":false},"version":2}},"categories":[31],"tags":[],"class_list":["post-89200","post","type-post","status-publish","format-standard","has-post-thumbnail","hentry","category-economia"],"acf":[],"jetpack_publicize_connections":[],"jetpack_featured_media_url":"https:\/\/i0.wp.com\/blogdoeloiltoncajuhy.com.br\/site\/wp-content\/uploads\/2025\/03\/Carteira-Emprego-Caged-Foto_Secom-PR.jpg?fit=768%2C512&ssl=1","jetpack_sharing_enabled":true,"publishpress_future_workflow_manual_trigger":{"enabledWorkflows":[]},"_links":{"self":[{"href":"https:\/\/blogdoeloiltoncajuhy.com.br\/site\/wp-json\/wp\/v2\/posts\/89200","targetHints":{"allow":["GET"]}}],"collection":[{"href":"https:\/\/blogdoeloiltoncajuhy.com.br\/site\/wp-json\/wp\/v2\/posts"}],"about":[{"href":"https:\/\/blogdoeloiltoncajuhy.com.br\/site\/wp-json\/wp\/v2\/types\/post"}],"author":[{"embeddable":true,"href":"https:\/\/blogdoeloiltoncajuhy.com.br\/site\/wp-json\/wp\/v2\/users\/2"}],"replies":[{"embeddable":true,"href":"https:\/\/blogdoeloiltoncajuhy.com.br\/site\/wp-json\/wp\/v2\/comments?post=89200"}],"version-history":[{"count":2,"href":"https:\/\/blogdoeloiltoncajuhy.com.br\/site\/wp-json\/wp\/v2\/posts\/89200\/revisions"}],"predecessor-version":[{"id":89214,"href":"https:\/\/blogdoeloiltoncajuhy.com.br\/site\/wp-json\/wp\/v2\/posts\/89200\/revisions\/89214"}],"wp:featuredmedia":[{"embeddable":true,"href":"https:\/\/blogdoeloiltoncajuhy.com.br\/site\/wp-json\/wp\/v2\/media\/86180"}],"wp:attachment":[{"href":"https:\/\/blogdoeloiltoncajuhy.com.br\/site\/wp-json\/wp\/v2\/media?parent=89200"}],"wp:term":[{"taxonomy":"category","embeddable":true,"href":"https:\/\/blogdoeloiltoncajuhy.com.br\/site\/wp-json\/wp\/v2\/categories?post=89200"},{"taxonomy":"post_tag","embeddable":true,"href":"https:\/\/blogdoeloiltoncajuhy.com.br\/site\/wp-json\/wp\/v2\/tags?post=89200"}],"curies":[{"name":"wp","href":"https:\/\/api.w.org\/{rel}","templated":true}]}}