{"id":89195,"date":"2025-07-31T00:10:00","date_gmt":"2025-07-31T03:10:00","guid":{"rendered":"https:\/\/blogdoeloiltoncajuhy.com.br\/site\/?p=89195"},"modified":"2025-07-30T19:15:24","modified_gmt":"2025-07-30T22:15:24","slug":"pablo-cancela-quatro-shows-apos-morte-de-diretora-de-marketing-da-equipe-dele-em-acidente","status":"publish","type":"post","link":"https:\/\/blogdoeloiltoncajuhy.com.br\/site\/pablo-cancela-quatro-shows-apos-morte-de-diretora-de-marketing-da-equipe-dele-em-acidente\/","title":{"rendered":"Pablo cancela quatro shows ap\u00f3s morte de diretora de marketing da equipe dele em acidente"},"content":{"rendered":"\n<p class=\"has-medium-font-size\"><strong>Apresenta\u00e7\u00f5es aconteceriam nesta quarta-feira (30) e no in\u00edcio de agosto, em cidades do interior do Rio Grande do Norte, Piau\u00ed e Amazonas.<\/strong><\/p>\n\n\n\n<p><strong>Por g1 Feira de Santana e regi\u00e3o<\/strong><\/p>\n\n\n\n<figure class=\"wp-block-image aligncenter size-full is-resized\"><a href=\"https:\/\/i0.wp.com\/blogdoeloiltoncajuhy.com.br\/site\/wp-content\/uploads\/2025\/07\/Assessora-digital-do-cantor-Pablo-morre-apos-acidente-de-carro-na-Bahia-%E2%80%94-Foto-Reproducao-Redes-Sociais.png?ssl=1\"><img data-recalc-dims=\"1\" fetchpriority=\"high\" decoding=\"async\" width=\"800\" height=\"481\" src=\"https:\/\/i0.wp.com\/blogdoeloiltoncajuhy.com.br\/site\/wp-content\/uploads\/2025\/07\/Assessora-digital-do-cantor-Pablo-morre-apos-acidente-de-carro-na-Bahia-%E2%80%94-Foto-Reproducao-Redes-Sociais.png?resize=800%2C481&#038;ssl=1\" alt=\"\" class=\"wp-image-89196\" style=\"width:663px;height:auto\" srcset=\"https:\/\/i0.wp.com\/blogdoeloiltoncajuhy.com.br\/site\/wp-content\/uploads\/2025\/07\/Assessora-digital-do-cantor-Pablo-morre-apos-acidente-de-carro-na-Bahia-%E2%80%94-Foto-Reproducao-Redes-Sociais.png?w=816&amp;ssl=1 816w, https:\/\/i0.wp.com\/blogdoeloiltoncajuhy.com.br\/site\/wp-content\/uploads\/2025\/07\/Assessora-digital-do-cantor-Pablo-morre-apos-acidente-de-carro-na-Bahia-%E2%80%94-Foto-Reproducao-Redes-Sociais.png?resize=300%2C181&amp;ssl=1 300w, https:\/\/i0.wp.com\/blogdoeloiltoncajuhy.com.br\/site\/wp-content\/uploads\/2025\/07\/Assessora-digital-do-cantor-Pablo-morre-apos-acidente-de-carro-na-Bahia-%E2%80%94-Foto-Reproducao-Redes-Sociais.png?resize=768%2C462&amp;ssl=1 768w\" sizes=\"(max-width: 800px) 100vw, 800px\" \/><\/a><figcaption class=\"wp-element-caption\"><sub>Assessora digital do cantor Pablo morre ap\u00f3s acidente de carro na Bahia \u2014 Foto: Reprodu\u00e7\u00e3o\/Redes Sociais<\/sub><\/figcaption><\/figure>\n\n\n\n<p>O cantor Pablo anunciou o cancelamento de quatro shows que aconteceriam nesta quarta-feira (30) e in\u00edcio de agosto. Segundo o comunicado divulgado nas redes sociais, a decis\u00e3o foi tomada em virtude da morte da diretora de marketing digital da equipe dele, Dayana Nataly Bezerra Lima, de 37 anos.<\/p>\n\n\n\n<p><strong><a href=\"https:\/\/whatsapp.com\/channel\/0029VaAT7tDLI8Yfj5y9Z50Z\" target=\"_blank\" rel=\"noreferrer noopener\"><mark style=\"background-color:rgba(0, 0, 0, 0)\" class=\"has-inline-color has-vivid-red-color\">>> Seja membro do canal Blog do Eloilton Cajuhy no WhatsApp e veja mais not\u00edcias<\/mark><\/a><\/strong><\/p>\n\n\n\n<p>Ela voltava da cidade de Feira de Santana, vizinha a Am\u00e9lia Rodrigues, com a equipe de Pablo, quando o carro saiu da pista e capotou. Al\u00e9m dela, dois homens, que n\u00e3o tiveram os nomes divulgados, estavam no ve\u00edculo. Eles ficaram feridos. O artista j\u00e1 estava em Salvador.<\/p>\n\n\n\n<blockquote class=\"wp-block-quote is-layout-flow wp-block-quote-is-layout-flow\">\n<p><strong><mark style=\"background-color:rgba(0, 0, 0, 0)\" class=\"has-inline-color has-black-color\">&#8220;A decis\u00e3o foi tomada em respeito ao momento de luto e consterna\u00e7\u00e3o vivenciada por toda a nossa equipe, ap\u00f3s o tr\u00e1gico acidente que resultou em uma perda irrepar\u00e1vel para n\u00f3s. Agradecemos a compreens\u00e3o do p\u00fablico, contratantes e f\u00e3s neste momento de profunda dor para todos n\u00f3s&#8221;, diz o comunicado.<\/mark><\/strong><\/p>\n<\/blockquote>\n\n\n\n<p>Os shows aconteceriam nas seguintes datas e cidades:<\/p>\n\n\n\n<ul class=\"wp-block-list\">\n<li>30\/07 &#8211; Cear\u00e1 Mirim (RN)<\/li>\n\n\n\n<li>01\/08 &#8211; Amarante do Piau\u00ed (PI)<\/li>\n\n\n\n<li>02\/08 &#8211; Coari (AM)<\/li>\n\n\n\n<li>03\/08 &#8211; S\u00e3o Sebasti\u00e3o de Uatum\u00e3 (AM)<\/li>\n<\/ul>\n\n\n\n<p><\/p>\n\n\n\n<p>Dayana Lima passou o dia com Pablo em Feira de Santana, enquanto o cantor divulgava o projeto &#8220;Bodega do Pablo&#8221;, que ser\u00e1 apresentado na cidade no dia 16 de agosto.<\/p>\n\n\n\n<p>A equipe chegou na cidade no final da manh\u00e3, para entrevistas e tamb\u00e9m um pocket show. Nas redes sociais, Dayana Lima compartilhou registros da agenda, como a viagem de ida para o munic\u00edpio e bastidores da apresenta\u00e7\u00e3o.<\/p>\n\n\n\n<p>Foi no final da tarde que o acidente aconteceu. Segundo informa\u00e7\u00f5es da Pol\u00edcia Rodovi\u00e1ria Federal (PRF), o carro onde a v\u00edtima estava saiu da pista e capotou por volta das 16h30. Imagens feitas por testemunhas mostram que o ve\u00edculo ficou parcialmente destru\u00eddo ap\u00f3s o capotamento.<\/p>\n\n\n\n<p>Os sobreviventes, que n\u00e3o tiveram os nomes divulgados, foram socorridos e levados para uma unidade de sa\u00fade. N\u00e3o h\u00e1 detalhes sobre os estados deles. As circunst\u00e2ncias do acidente ser\u00e3o apuradas.<\/p>\n","protected":false},"excerpt":{"rendered":"<p>Apresenta\u00e7\u00f5es aconteceriam nesta quarta-feira (30) e no in\u00edcio de agosto, em cidades do interior do Rio Grande do Norte, Piau\u00ed e Amazonas. Por g1 Feira de Santana e regi\u00e3o O cantor Pablo anunciou o cancelamento de quatro shows que aconteceriam nesta quarta-feira (30) e in\u00edcio de agosto. Segundo o comunicado divulgado nas redes sociais, a [&hellip;]<\/p>\n","protected":false},"author":2,"featured_media":89196,"comment_status":"open","ping_status":"open","sticky":false,"template":"","format":"standard","meta":{"_acf_changed":false,"_monsterinsights_skip_tracking":false,"_monsterinsights_sitenote_active":false,"_monsterinsights_sitenote_note":"","_monsterinsights_sitenote_category":0,"_jetpack_memberships_contains_paid_content":false,"footnotes":"","jetpack_publicize_message":"","jetpack_publicize_feature_enabled":true,"jetpack_social_post_already_shared":true,"jetpack_social_options":{"image_generator_settings":{"template":"highway","default_image_id":0,"font":"","enabled":false},"version":2}},"categories":[8],"tags":[],"class_list":["post-89195","post","type-post","status-publish","format-standard","has-post-thumbnail","hentry","category-cultura"],"acf":[],"jetpack_publicize_connections":[],"jetpack_featured_media_url":"https:\/\/i0.wp.com\/blogdoeloiltoncajuhy.com.br\/site\/wp-content\/uploads\/2025\/07\/Assessora-digital-do-cantor-Pablo-morre-apos-acidente-de-carro-na-Bahia-%E2%80%94-Foto-Reproducao-Redes-Sociais.png?fit=816%2C491&ssl=1","jetpack_sharing_enabled":true,"publishpress_future_workflow_manual_trigger":{"enabledWorkflows":[]},"_links":{"self":[{"href":"https:\/\/blogdoeloiltoncajuhy.com.br\/site\/wp-json\/wp\/v2\/posts\/89195","targetHints":{"allow":["GET"]}}],"collection":[{"href":"https:\/\/blogdoeloiltoncajuhy.com.br\/site\/wp-json\/wp\/v2\/posts"}],"about":[{"href":"https:\/\/blogdoeloiltoncajuhy.com.br\/site\/wp-json\/wp\/v2\/types\/post"}],"author":[{"embeddable":true,"href":"https:\/\/blogdoeloiltoncajuhy.com.br\/site\/wp-json\/wp\/v2\/users\/2"}],"replies":[{"embeddable":true,"href":"https:\/\/blogdoeloiltoncajuhy.com.br\/site\/wp-json\/wp\/v2\/comments?post=89195"}],"version-history":[{"count":1,"href":"https:\/\/blogdoeloiltoncajuhy.com.br\/site\/wp-json\/wp\/v2\/posts\/89195\/revisions"}],"predecessor-version":[{"id":89197,"href":"https:\/\/blogdoeloiltoncajuhy.com.br\/site\/wp-json\/wp\/v2\/posts\/89195\/revisions\/89197"}],"wp:featuredmedia":[{"embeddable":true,"href":"https:\/\/blogdoeloiltoncajuhy.com.br\/site\/wp-json\/wp\/v2\/media\/89196"}],"wp:attachment":[{"href":"https:\/\/blogdoeloiltoncajuhy.com.br\/site\/wp-json\/wp\/v2\/media?parent=89195"}],"wp:term":[{"taxonomy":"category","embeddable":true,"href":"https:\/\/blogdoeloiltoncajuhy.com.br\/site\/wp-json\/wp\/v2\/categories?post=89195"},{"taxonomy":"post_tag","embeddable":true,"href":"https:\/\/blogdoeloiltoncajuhy.com.br\/site\/wp-json\/wp\/v2\/tags?post=89195"}],"curies":[{"name":"wp","href":"https:\/\/api.w.org\/{rel}","templated":true}]}}