{"id":89193,"date":"2025-07-31T00:10:00","date_gmt":"2025-07-31T03:10:00","guid":{"rendered":"https:\/\/blogdoeloiltoncajuhy.com.br\/site\/?p=89193"},"modified":"2025-07-30T19:07:54","modified_gmt":"2025-07-30T22:07:54","slug":"governo-da-bahia-abre-processo-seletivo-com-180-vagas-na-area-da-cultura-veja-como-se-candidatar","status":"publish","type":"post","link":"https:\/\/blogdoeloiltoncajuhy.com.br\/site\/governo-da-bahia-abre-processo-seletivo-com-180-vagas-na-area-da-cultura-veja-como-se-candidatar\/","title":{"rendered":"Governo da Bahia abre processo seletivo com 180 vagas na \u00e1rea da Cultura; veja como se candidatar"},"content":{"rendered":"\n<p class=\"has-medium-font-size\"><strong>Interessados podem se candidatar de 6 a 12 de agosto.<\/strong><\/p>\n\n\n\n<p><strong>Por g1 BA<\/strong><\/p>\n\n\n\n<figure class=\"wp-block-image aligncenter size-full is-resized\"><a href=\"https:\/\/i0.wp.com\/blogdoeloiltoncajuhy.com.br\/site\/wp-content\/uploads\/2018\/06\/secult-ba_reda.jpg\"><img data-recalc-dims=\"1\" fetchpriority=\"high\" decoding=\"async\" width=\"380\" height=\"280\" src=\"https:\/\/i0.wp.com\/blogdoeloiltoncajuhy.com.br\/site\/wp-content\/uploads\/2018\/06\/secult-ba_reda.jpg?resize=380%2C280\" alt=\"\" class=\"wp-image-25848\" style=\"width:589px;height:auto\" srcset=\"https:\/\/i0.wp.com\/blogdoeloiltoncajuhy.com.br\/site\/wp-content\/uploads\/2018\/06\/secult-ba_reda.jpg?w=380&amp;ssl=1 380w, https:\/\/i0.wp.com\/blogdoeloiltoncajuhy.com.br\/site\/wp-content\/uploads\/2018\/06\/secult-ba_reda.jpg?resize=300%2C221&amp;ssl=1 300w, https:\/\/i0.wp.com\/blogdoeloiltoncajuhy.com.br\/site\/wp-content\/uploads\/2018\/06\/secult-ba_reda.jpg?resize=250%2C184&amp;ssl=1 250w\" sizes=\"(max-width: 380px) 100vw, 380px\" \/><\/a><figcaption class=\"wp-element-caption\"><sub>Governo da Bahia abre processo seletivo com 180 vagas na \u00e1rea da Cultura<\/sub><\/figcaption><\/figure>\n\n\n\n<p>A Secretaria de Cultura do Estado da Bahia (Secult-BA) lan\u00e7ou quatro editais, com 180 vagas em diferentes \u00e1reas da cultura, para contrata\u00e7\u00e3o tempor\u00e1ria por meio do Regime Especial de Direito Administrativo (REDA). Os interessados podem se candidatar de 6 a 12 de agosto.<\/p>\n\n\n\n<p>As oportunidades est\u00e3o distribu\u00eddas entre a pr\u00f3pria Secult-BA, a Funda\u00e7\u00e3o Cultural do Estado (Funceb), a Funda\u00e7\u00e3o Pedro Calmon (FPC) e \u00e0 contrata\u00e7\u00e3o de Representantes Territoriais de Cultura (RTCs), que atuar\u00e3o nos territ\u00f3rios de identidade do estado. <strong><mark style=\"background-color:rgba(0, 0, 0, 0)\" class=\"has-inline-color has-black-color\">Confira abaixo:<\/mark><\/strong><\/p>\n\n\n\n<ul class=\"wp-block-list\">\n<li><strong><mark style=\"background-color:rgba(0, 0, 0, 0)\" class=\"has-inline-color has-black-color\">Secult-BA:<\/mark><\/strong> 50 vagas para as \u00e1reas de Gest\u00e3o Cultural, Or\u00e7amento e Finan\u00e7as, Administra\u00e7\u00e3o, Ci\u00eancias Jur\u00eddicas, Jornalismo, Economia, Design Gr\u00e1fico, Desenvolvedor em Tecnologia da Informa\u00e7\u00e3o, Suporte em TI, Arquivista e Recursos Humanos;<br><\/li>\n<\/ul>\n\n\n\n<ul class=\"wp-block-list\">\n<li><strong><mark style=\"background-color:rgba(0, 0, 0, 0)\" class=\"has-inline-color has-black-color\">Funceb:<\/mark><\/strong> 50 vagas para as \u00e1reas de Contabilidade, Comunica\u00e7\u00e3o Social, Bailarino, Cenografia, Professor(a) de Ballet Cl\u00e1ssico, Professor\/a de Teatro, Professor(a) de Dan\u00e7a Afrobrasileira, Professor(a) de Dan\u00e7a Contempor\u00e2nea, Professor(a) de Dan\u00e7a Moderna, Professor(a) de Dan\u00e7as Populares e Brincantes, Professor(a) de M\u00fasica, Apoio Administrativo N\u00edvel M\u00e9dio, Assistente de Arquivo, Camareira, Costureiro, Maquinista de Espet\u00e1culo, T\u00e9cnico de Som e Eletricista de Espet\u00e1culo;<br><\/li>\n<\/ul>\n\n\n\n<ul class=\"wp-block-list\">\n<li><strong><mark style=\"background-color:rgba(0, 0, 0, 0)\" class=\"has-inline-color has-black-color\">FPC:<\/mark><\/strong> 49 vagas para as \u00e1reas de Jornalismo, Biblioteconomia, Pedagogia, Administra\u00e7\u00e3o, Arquivologia, Museologia, Hist\u00f3ria, Ci\u00eancias Cont\u00e1beis, Ci\u00eancias Jur\u00eddicas, Designer Gr\u00e1fico, Sistemas de Informa\u00e7\u00e3o, al\u00e9m da \u00e1rea Administrativa;<br><\/li>\n<\/ul>\n\n\n\n<ul class=\"wp-block-list\">\n<li><strong><mark style=\"background-color:rgba(0, 0, 0, 0)\" class=\"has-inline-color has-black-color\">RTCs:<\/mark><\/strong> 31 vagas para as \u00e1reas de Ci\u00eancias Humanas, Produ\u00e7\u00e3o Cultural e Arte.<\/li>\n<\/ul>\n\n\n\n<p><\/p>\n\n\n\n<p><strong><a href=\"https:\/\/whatsapp.com\/channel\/0029VaAT7tDLI8Yfj5y9Z50Z\" target=\"_blank\" rel=\"noreferrer noopener\"><mark style=\"background-color:rgba(0, 0, 0, 0)\" class=\"has-inline-color has-vivid-red-color\">>> Seja membro do canal Blog do Eloilton Cajuhy no WhatsApp e veja mais not\u00edcias<\/mark><\/a><\/strong><\/p>\n\n\n\n<p>O processo seletivo ser\u00e1 realizado em etapa \u00fanica, por meio de avalia\u00e7\u00e3o curricular de car\u00e1ter eliminat\u00f3rio e classificat\u00f3rio. Os certames reservam 30% das vagas para candidatos autodeclarados negros (pretos e pardos) e 5% para pessoas com defici\u00eancia, conforme previsto na legisla\u00e7\u00e3o estadual.<\/p>\n\n\n\n<p>Conforme a Secult-BA, a rela\u00e7\u00e3o provis\u00f3ria dos resultados da avalia\u00e7\u00e3o curricular ser\u00e1 divulgada no dia 3 de setembro, com prazo de recurso de dois dias \u00fateis ap\u00f3s a divulga\u00e7\u00e3o.<\/p>\n\n\n\n<p>A publica\u00e7\u00e3o do resultado final e a homologa\u00e7\u00e3o do processo seletivo est\u00e3o previstas para 28 de outubro no Di\u00e1rio Oficial e no site da Secult-BA.<\/p>\n\n\n\n<p>Os interessados devem consultar os editais completos nos seguintes sites: <a href=\"http:\/\/www.ba.gov.br\/cultura\/\" target=\"_blank\" rel=\"noreferrer noopener\"><strong><mark style=\"background-color:rgba(0, 0, 0, 0)\" class=\"has-inline-color has-vivid-cyan-blue-color\">Secult-BA e RTCs<\/mark><\/strong><\/a>, <strong><mark style=\"background-color:rgba(0, 0, 0, 0)\" class=\"has-inline-color has-vivid-cyan-blue-color\"><a href=\"http:\/\/www.ba.gov.br\/fundacaocultura\" target=\"_blank\" rel=\"noreferrer noopener\">Funceb<\/a> e <a href=\"http:\/\/www.ba.gov.br\/fpc\/\" target=\"_blank\" rel=\"noreferrer noopener\">FPC<\/a><\/mark><\/strong>.<\/p>\n","protected":false},"excerpt":{"rendered":"<p>Interessados podem se candidatar de 6 a 12 de agosto. Por g1 BA A Secretaria de Cultura do Estado da Bahia (Secult-BA) lan\u00e7ou quatro editais, com 180 vagas em diferentes \u00e1reas da cultura, para contrata\u00e7\u00e3o tempor\u00e1ria por meio do Regime Especial de Direito Administrativo (REDA). Os interessados podem se candidatar de 6 a 12 de [&hellip;]<\/p>\n","protected":false},"author":2,"featured_media":72856,"comment_status":"open","ping_status":"open","sticky":false,"template":"","format":"standard","meta":{"_acf_changed":false,"_monsterinsights_skip_tracking":false,"_monsterinsights_sitenote_active":false,"_monsterinsights_sitenote_note":"","_monsterinsights_sitenote_category":0,"_jetpack_memberships_contains_paid_content":false,"footnotes":"","jetpack_publicize_message":"","jetpack_publicize_feature_enabled":true,"jetpack_social_post_already_shared":true,"jetpack_social_options":{"image_generator_settings":{"template":"highway","default_image_id":0,"font":"","enabled":false},"version":2}},"categories":[32],"tags":[],"class_list":["post-89193","post","type-post","status-publish","format-standard","has-post-thumbnail","hentry","category-emprego"],"acf":[],"jetpack_publicize_connections":[],"jetpack_featured_media_url":"https:\/\/i0.wp.com\/blogdoeloiltoncajuhy.com.br\/site\/wp-content\/uploads\/2023\/03\/Secretaria-de-Cultura-da-Bahia-%E2%80%94-Foto_Eloi-Correa-GOVBA.webp?fit=984%2C656&ssl=1","jetpack_sharing_enabled":true,"publishpress_future_workflow_manual_trigger":{"enabledWorkflows":[]},"_links":{"self":[{"href":"https:\/\/blogdoeloiltoncajuhy.com.br\/site\/wp-json\/wp\/v2\/posts\/89193","targetHints":{"allow":["GET"]}}],"collection":[{"href":"https:\/\/blogdoeloiltoncajuhy.com.br\/site\/wp-json\/wp\/v2\/posts"}],"about":[{"href":"https:\/\/blogdoeloiltoncajuhy.com.br\/site\/wp-json\/wp\/v2\/types\/post"}],"author":[{"embeddable":true,"href":"https:\/\/blogdoeloiltoncajuhy.com.br\/site\/wp-json\/wp\/v2\/users\/2"}],"replies":[{"embeddable":true,"href":"https:\/\/blogdoeloiltoncajuhy.com.br\/site\/wp-json\/wp\/v2\/comments?post=89193"}],"version-history":[{"count":1,"href":"https:\/\/blogdoeloiltoncajuhy.com.br\/site\/wp-json\/wp\/v2\/posts\/89193\/revisions"}],"predecessor-version":[{"id":89194,"href":"https:\/\/blogdoeloiltoncajuhy.com.br\/site\/wp-json\/wp\/v2\/posts\/89193\/revisions\/89194"}],"wp:featuredmedia":[{"embeddable":true,"href":"https:\/\/blogdoeloiltoncajuhy.com.br\/site\/wp-json\/wp\/v2\/media\/72856"}],"wp:attachment":[{"href":"https:\/\/blogdoeloiltoncajuhy.com.br\/site\/wp-json\/wp\/v2\/media?parent=89193"}],"wp:term":[{"taxonomy":"category","embeddable":true,"href":"https:\/\/blogdoeloiltoncajuhy.com.br\/site\/wp-json\/wp\/v2\/categories?post=89193"},{"taxonomy":"post_tag","embeddable":true,"href":"https:\/\/blogdoeloiltoncajuhy.com.br\/site\/wp-json\/wp\/v2\/tags?post=89193"}],"curies":[{"name":"wp","href":"https:\/\/api.w.org\/{rel}","templated":true}]}}