{"id":89171,"date":"2025-07-30T08:50:34","date_gmt":"2025-07-30T11:50:34","guid":{"rendered":"https:\/\/blogdoeloiltoncajuhy.com.br\/site\/?p=89171"},"modified":"2025-07-30T08:51:18","modified_gmt":"2025-07-30T11:51:18","slug":"chefe-do-trafico-e-acusado-por-tres-homicidios-integrante-da-lista-dos-mais-procurados-da-bahia-e-preso-no-parana","status":"publish","type":"post","link":"https:\/\/blogdoeloiltoncajuhy.com.br\/site\/chefe-do-trafico-e-acusado-por-tres-homicidios-integrante-da-lista-dos-mais-procurados-da-bahia-e-preso-no-parana\/","title":{"rendered":"Chefe do tr\u00e1fico e acusado por tr\u00eas homic\u00eddios: integrante da lista dos mais procurados da Bahia \u00e9 preso no Paran\u00e1"},"content":{"rendered":"\n<p class=\"has-medium-font-size\"><strong>Matheus Pinheiro dos Santos, conhecido como &#8216;Mahalo&#8217;, \u00e9 investigado por comandar o tr\u00e1fico de drogas em tr\u00eas bairros de Salvador e participar de tr\u00eas homic\u00eddios.<\/strong><\/p>\n\n\n\n<p><strong>Por g1 BA<\/strong><\/p>\n\n\n\n<figure class=\"wp-block-image aligncenter size-full\"><a href=\"https:\/\/i0.wp.com\/blogdoeloiltoncajuhy.com.br\/site\/wp-content\/uploads\/2025\/07\/Integrante-da-lista-dos-mais-procurados-da-Bahia-e-preso-no-Parana-%E2%80%94-Foto-Reproducao-Redes-Sociais.png?ssl=1\"><img data-recalc-dims=\"1\" fetchpriority=\"high\" decoding=\"async\" width=\"336\" height=\"502\" src=\"https:\/\/i0.wp.com\/blogdoeloiltoncajuhy.com.br\/site\/wp-content\/uploads\/2025\/07\/Integrante-da-lista-dos-mais-procurados-da-Bahia-e-preso-no-Parana-%E2%80%94-Foto-Reproducao-Redes-Sociais.png?resize=336%2C502&#038;ssl=1\" alt=\"\" class=\"wp-image-89172\" srcset=\"https:\/\/i0.wp.com\/blogdoeloiltoncajuhy.com.br\/site\/wp-content\/uploads\/2025\/07\/Integrante-da-lista-dos-mais-procurados-da-Bahia-e-preso-no-Parana-%E2%80%94-Foto-Reproducao-Redes-Sociais.png?w=336&amp;ssl=1 336w, https:\/\/i0.wp.com\/blogdoeloiltoncajuhy.com.br\/site\/wp-content\/uploads\/2025\/07\/Integrante-da-lista-dos-mais-procurados-da-Bahia-e-preso-no-Parana-%E2%80%94-Foto-Reproducao-Redes-Sociais.png?resize=201%2C300&amp;ssl=1 201w\" sizes=\"(max-width: 336px) 100vw, 336px\" \/><\/a><figcaption class=\"wp-element-caption\"><sub>Integrante da lista dos mais procurados da Bahia \u00e9 preso no Paran\u00e1 \u2014 Foto: Reprodu\u00e7\u00e3o\/Redes Sociais<\/sub><\/figcaption><\/figure>\n\n\n\n<p>Um homem que integrava o Baralho do Crime, ferramenta que lista os criminosos mais procurados da Bahia, foi preso na ter\u00e7a-feira (29), na cidade de Piraquara, na Regi\u00e3o Metropolitana de Curitiba. Segundo a Pol\u00edcia Civil baiana, <strong><mark style=\"background-color:rgba(0, 0, 0, 0)\" class=\"has-inline-color has-black-color\">Matheus Pinheiro dos Santos<\/mark><\/strong>, conhecido como <strong><mark style=\"background-color:rgba(0, 0, 0, 0)\" class=\"has-inline-color has-black-color\">\u201cMahalo\u201d<\/mark><\/strong>, \u00e9 investigado por comandar o tr\u00e1fico de drogas em tr\u00eas bairros de Salvador e participar de tr\u00eas homic\u00eddios.<\/p>\n\n\n\n<p>De acordo com a Pol\u00edcia Civil, Matheus Pinheiro dos Santos era o &#8220;Dez de Paus&#8221; do Baralho do Crime. O suspeito foi encontrado durante a \u201cOpera\u00e7\u00e3o Sinaloa\u201d, ap\u00f3s an\u00e1lises que identificaram a utiliza\u00e7\u00e3o sistem\u00e1tica da bandeira do M\u00e9xico como logografia digital nas redes sociais da fac\u00e7\u00e3o comandada por ele.<\/p>\n\n\n\n<p>A pol\u00edcia informou que a simbologia era empregada para representar poder, dom\u00ednio territorial e comunica\u00e7\u00e3o interna do grupo.<\/p>\n\n\n\n<p><strong><a href=\"https:\/\/whatsapp.com\/channel\/0029VaAT7tDLI8Yfj5y9Z50Z\" target=\"_blank\" rel=\"noreferrer noopener\"><mark style=\"background-color:rgba(0, 0, 0, 0)\" class=\"has-inline-color has-vivid-red-color\">>> Seja membro do canal Blog do Eloilton Cajuhy no WhatsApp e veja mais not\u00edcias<\/mark><\/a><\/strong><\/p>\n\n\n\n<p>Mahalo \u00e9 apontado como um dos principais chefes de uma fac\u00e7\u00e3o que atua nos bairros do Calafate, Fazenda Grande do Retiro e, especialmente, na localidade da &#8220;Divin\u00e9ia&#8221;, no IAPI, em Salvador.<\/p>\n\n\n\n<p>As investiga\u00e7\u00f5es apontaram que mesmo fora do estado, comandava o tr\u00e1fico de drogas na regi\u00e3o e coordenava a\u00e7\u00f5es armadas, amea\u00e7as e instala\u00e7\u00e3o de c\u00e2meras para monitoramento de for\u00e7as policiais e fac\u00e7\u00f5es rivais.<\/p>\n\n\n\n<p>Matheus Pinheiro \u00e9 r\u00e9u em diversos processos criminais e tinha tr\u00eas mandados de pris\u00e3o preventiva em aberto, pelos homic\u00eddios cometidos em 24 de dezembro de 2019 contra <strong><mark style=\"background-color:rgba(0, 0, 0, 0)\" class=\"has-inline-color has-black-color\">Alex Rodrigues dos Santos, Jadson dos Santos Nascimento e Luan Sousa de Oliveira.<\/mark><\/strong> Os crimes foram motivados por disputa entre fac\u00e7\u00f5es.<\/p>\n\n\n\n<p>Na casa que o suspeito foi encontrado, foram apreendidos celulares, um caderno com anota\u00e7\u00f5es do tr\u00e1fico e um documento de identidade falso em nome de \u201cGuilherme de Jesus Santos\u201d.<\/p>\n\n\n\n<figure class=\"wp-block-image aligncenter size-full is-resized\"><a href=\"https:\/\/i0.wp.com\/blogdoeloiltoncajuhy.com.br\/site\/wp-content\/uploads\/2025\/07\/Matheus-Pinheiro-integrava-o-Baralho-do-Crime-%E2%80%94-Foto-SSP-BA.png?ssl=1\"><img data-recalc-dims=\"1\" decoding=\"async\" width=\"786\" height=\"534\" src=\"https:\/\/i0.wp.com\/blogdoeloiltoncajuhy.com.br\/site\/wp-content\/uploads\/2025\/07\/Matheus-Pinheiro-integrava-o-Baralho-do-Crime-%E2%80%94-Foto-SSP-BA.png?resize=786%2C534&#038;ssl=1\" alt=\"\" class=\"wp-image-89173\" style=\"width:665px;height:auto\" srcset=\"https:\/\/i0.wp.com\/blogdoeloiltoncajuhy.com.br\/site\/wp-content\/uploads\/2025\/07\/Matheus-Pinheiro-integrava-o-Baralho-do-Crime-%E2%80%94-Foto-SSP-BA.png?w=786&amp;ssl=1 786w, https:\/\/i0.wp.com\/blogdoeloiltoncajuhy.com.br\/site\/wp-content\/uploads\/2025\/07\/Matheus-Pinheiro-integrava-o-Baralho-do-Crime-%E2%80%94-Foto-SSP-BA.png?resize=300%2C204&amp;ssl=1 300w, https:\/\/i0.wp.com\/blogdoeloiltoncajuhy.com.br\/site\/wp-content\/uploads\/2025\/07\/Matheus-Pinheiro-integrava-o-Baralho-do-Crime-%E2%80%94-Foto-SSP-BA.png?resize=768%2C522&amp;ssl=1 768w\" sizes=\"(max-width: 786px) 100vw, 786px\" \/><\/a><figcaption class=\"wp-element-caption\"><sub>Matheus Pinheiro integrava o Baralho do Crime \u2014 Foto: SSP-BA<\/sub><\/figcaption><\/figure>\n","protected":false},"excerpt":{"rendered":"<p>Matheus Pinheiro dos Santos, conhecido como &#8216;Mahalo&#8217;, \u00e9 investigado por comandar o tr\u00e1fico de drogas em tr\u00eas bairros de Salvador e participar de tr\u00eas homic\u00eddios. Por g1 BA Um homem que integrava o Baralho do Crime, ferramenta que lista os criminosos mais procurados da Bahia, foi preso na ter\u00e7a-feira (29), na cidade de Piraquara, na [&hellip;]<\/p>\n","protected":false},"author":2,"featured_media":89172,"comment_status":"open","ping_status":"open","sticky":false,"template":"","format":"standard","meta":{"_acf_changed":false,"_monsterinsights_skip_tracking":false,"_monsterinsights_sitenote_active":false,"_monsterinsights_sitenote_note":"","_monsterinsights_sitenote_category":0,"_jetpack_memberships_contains_paid_content":false,"footnotes":"","jetpack_publicize_message":"","jetpack_publicize_feature_enabled":true,"jetpack_social_post_already_shared":true,"jetpack_social_options":{"image_generator_settings":{"template":"highway","default_image_id":0,"font":"","enabled":false},"version":2}},"categories":[15],"tags":[],"class_list":["post-89171","post","type-post","status-publish","format-standard","has-post-thumbnail","hentry","category-policia"],"acf":[],"jetpack_publicize_connections":[],"jetpack_featured_media_url":"https:\/\/i0.wp.com\/blogdoeloiltoncajuhy.com.br\/site\/wp-content\/uploads\/2025\/07\/Integrante-da-lista-dos-mais-procurados-da-Bahia-e-preso-no-Parana-%E2%80%94-Foto-Reproducao-Redes-Sociais.png?fit=336%2C502&ssl=1","jetpack_sharing_enabled":true,"publishpress_future_workflow_manual_trigger":{"enabledWorkflows":[]},"_links":{"self":[{"href":"https:\/\/blogdoeloiltoncajuhy.com.br\/site\/wp-json\/wp\/v2\/posts\/89171","targetHints":{"allow":["GET"]}}],"collection":[{"href":"https:\/\/blogdoeloiltoncajuhy.com.br\/site\/wp-json\/wp\/v2\/posts"}],"about":[{"href":"https:\/\/blogdoeloiltoncajuhy.com.br\/site\/wp-json\/wp\/v2\/types\/post"}],"author":[{"embeddable":true,"href":"https:\/\/blogdoeloiltoncajuhy.com.br\/site\/wp-json\/wp\/v2\/users\/2"}],"replies":[{"embeddable":true,"href":"https:\/\/blogdoeloiltoncajuhy.com.br\/site\/wp-json\/wp\/v2\/comments?post=89171"}],"version-history":[{"count":2,"href":"https:\/\/blogdoeloiltoncajuhy.com.br\/site\/wp-json\/wp\/v2\/posts\/89171\/revisions"}],"predecessor-version":[{"id":89175,"href":"https:\/\/blogdoeloiltoncajuhy.com.br\/site\/wp-json\/wp\/v2\/posts\/89171\/revisions\/89175"}],"wp:featuredmedia":[{"embeddable":true,"href":"https:\/\/blogdoeloiltoncajuhy.com.br\/site\/wp-json\/wp\/v2\/media\/89172"}],"wp:attachment":[{"href":"https:\/\/blogdoeloiltoncajuhy.com.br\/site\/wp-json\/wp\/v2\/media?parent=89171"}],"wp:term":[{"taxonomy":"category","embeddable":true,"href":"https:\/\/blogdoeloiltoncajuhy.com.br\/site\/wp-json\/wp\/v2\/categories?post=89171"},{"taxonomy":"post_tag","embeddable":true,"href":"https:\/\/blogdoeloiltoncajuhy.com.br\/site\/wp-json\/wp\/v2\/tags?post=89171"}],"curies":[{"name":"wp","href":"https:\/\/api.w.org\/{rel}","templated":true}]}}