{"id":89167,"date":"2025-07-30T08:31:16","date_gmt":"2025-07-30T11:31:16","guid":{"rendered":"https:\/\/blogdoeloiltoncajuhy.com.br\/site\/?p=89167"},"modified":"2025-07-30T08:31:18","modified_gmt":"2025-07-30T11:31:18","slug":"quem-era-dayana-lima-das-equipes-de-pablo-e-e-o-tchan-que-morreu-em-acidente-na-bahia","status":"publish","type":"post","link":"https:\/\/blogdoeloiltoncajuhy.com.br\/site\/quem-era-dayana-lima-das-equipes-de-pablo-e-e-o-tchan-que-morreu-em-acidente-na-bahia\/","title":{"rendered":"Quem era Dayana Lima, das equipes de Pablo e \u00c9 o Tchan, que morreu em acidente na Bahia"},"content":{"rendered":"\n<p class=\"has-medium-font-size\"><strong>Al\u00e9m de s\u00f3cia, ela era diretora em uma empresa que prestava servi\u00e7o para v\u00e1rios artistas baianos.<\/strong><\/p>\n\n\n\n<p><strong>Por g1 BA<\/strong><\/p>\n\n\n\n<figure class=\"wp-block-image aligncenter size-full\"><a href=\"https:\/\/i0.wp.com\/blogdoeloiltoncajuhy.com.br\/site\/wp-content\/uploads\/2025\/07\/Dayana-Lima-marketing-digital-de-Pablo-E-o-Tchan-%E2%80%94-Foto-Reproducao-Redes-Sociais.png?ssl=1\"><img data-recalc-dims=\"1\" fetchpriority=\"high\" decoding=\"async\" width=\"800\" height=\"484\" src=\"https:\/\/i0.wp.com\/blogdoeloiltoncajuhy.com.br\/site\/wp-content\/uploads\/2025\/07\/Dayana-Lima-marketing-digital-de-Pablo-E-o-Tchan-%E2%80%94-Foto-Reproducao-Redes-Sociais.png?resize=800%2C484&#038;ssl=1\" alt=\"\" class=\"wp-image-89168\" srcset=\"https:\/\/i0.wp.com\/blogdoeloiltoncajuhy.com.br\/site\/wp-content\/uploads\/2025\/07\/Dayana-Lima-marketing-digital-de-Pablo-E-o-Tchan-%E2%80%94-Foto-Reproducao-Redes-Sociais.png?w=819&amp;ssl=1 819w, https:\/\/i0.wp.com\/blogdoeloiltoncajuhy.com.br\/site\/wp-content\/uploads\/2025\/07\/Dayana-Lima-marketing-digital-de-Pablo-E-o-Tchan-%E2%80%94-Foto-Reproducao-Redes-Sociais.png?resize=300%2C182&amp;ssl=1 300w, https:\/\/i0.wp.com\/blogdoeloiltoncajuhy.com.br\/site\/wp-content\/uploads\/2025\/07\/Dayana-Lima-marketing-digital-de-Pablo-E-o-Tchan-%E2%80%94-Foto-Reproducao-Redes-Sociais.png?resize=768%2C465&amp;ssl=1 768w\" sizes=\"(max-width: 800px) 100vw, 800px\" \/><\/a><figcaption class=\"wp-element-caption\"><sub>Dayana Lima era respons\u00e1vel pelo marketing digital de Pablo, \u00c9 o Tchan e outros artistas \u2014 Foto: Reprodu\u00e7\u00e3o\/Redes Sociais<\/sub><\/figcaption><\/figure>\n\n\n\n<p>A diretora de marketing digital <strong><mark style=\"background-color:rgba(0, 0, 0, 0)\" class=\"has-inline-color has-black-color\">Dayana Nataly Bezerra Lima<\/mark><\/strong>, que morreu em um acidente de carro nesta ter\u00e7a-feira (29), na Bahia, era s\u00f3cia de uma empresa que trabalhava com diversos artistas baianos, como o cantor de arrocha <strong><mark style=\"background-color:rgba(0, 0, 0, 0)\" class=\"has-inline-color has-black-color\">Pablo<\/mark><\/strong> e a banda de pagode <strong><mark style=\"background-color:rgba(0, 0, 0, 0)\" class=\"has-inline-color has-black-color\">\u00c9 o Tchan<\/mark><\/strong>.<\/p>\n\n\n\n<p>A v\u00edtima, de 37 anos, voltava da cidade de Feira de Santana, vizinha a Am\u00e9lia Rodrigues, com a equipe de Pablo, quando o carro saiu da pista e capotou. Al\u00e9m dela, dois homens, que n\u00e3o tiveram os nomes divulgados, estavam no ve\u00edculo. Eles ficaram feridos. O artista j\u00e1 estava em Salvador.<\/p>\n\n\n\n<p><strong><a href=\"https:\/\/whatsapp.com\/channel\/0029VaAT7tDLI8Yfj5y9Z50Z\" target=\"_blank\" rel=\"noreferrer noopener\"><mark style=\"background-color:rgba(0, 0, 0, 0)\" class=\"has-inline-color has-vivid-red-color\">>> Seja membro do canal Blog do Eloilton Cajuhy no WhatsApp e veja mais not\u00edcias<\/mark><\/a><\/strong><\/p>\n\n\n\n<p>Al\u00e9m do cantor de arrocha Pablo e da banda de pagode \u00c9 o Tchan, o grupo Toque Dez e o cantor Silfarley, ambos do arrocha, o grupo Cheiro de Amor e o cantor Felipe Papazoni tamb\u00e9m eram atendidos por Dayana Lima.<\/p>\n\n\n\n<p>Com Pablo, Dayana estava h\u00e1 mais de tr\u00eas anos. Nas redes sociais, ela aparece com o cantor em v\u00e1rios momentos. Em um desses registros, no in\u00edcio deste ano, a profissional classificou o grupo como &#8220;segunda fam\u00edlia&#8221; dela.<\/p>\n\n\n\n<figure class=\"wp-block-image aligncenter size-full\"><a href=\"https:\/\/i0.wp.com\/blogdoeloiltoncajuhy.com.br\/site\/wp-content\/uploads\/2025\/07\/Dayana-Lima-era-fa-de-Claudia-Leitte-desde-a-adolescencia-%E2%80%94-Foto-Reproducao-Redes-Sociais.png?ssl=1\"><img data-recalc-dims=\"1\" decoding=\"async\" width=\"800\" height=\"484\" src=\"https:\/\/i0.wp.com\/blogdoeloiltoncajuhy.com.br\/site\/wp-content\/uploads\/2025\/07\/Dayana-Lima-era-fa-de-Claudia-Leitte-desde-a-adolescencia-%E2%80%94-Foto-Reproducao-Redes-Sociais.png?resize=800%2C484&#038;ssl=1\" alt=\"\" class=\"wp-image-89169\" srcset=\"https:\/\/i0.wp.com\/blogdoeloiltoncajuhy.com.br\/site\/wp-content\/uploads\/2025\/07\/Dayana-Lima-era-fa-de-Claudia-Leitte-desde-a-adolescencia-%E2%80%94-Foto-Reproducao-Redes-Sociais.png?w=817&amp;ssl=1 817w, https:\/\/i0.wp.com\/blogdoeloiltoncajuhy.com.br\/site\/wp-content\/uploads\/2025\/07\/Dayana-Lima-era-fa-de-Claudia-Leitte-desde-a-adolescencia-%E2%80%94-Foto-Reproducao-Redes-Sociais.png?resize=300%2C181&amp;ssl=1 300w, https:\/\/i0.wp.com\/blogdoeloiltoncajuhy.com.br\/site\/wp-content\/uploads\/2025\/07\/Dayana-Lima-era-fa-de-Claudia-Leitte-desde-a-adolescencia-%E2%80%94-Foto-Reproducao-Redes-Sociais.png?resize=768%2C464&amp;ssl=1 768w\" sizes=\"(max-width: 800px) 100vw, 800px\" \/><\/a><figcaption class=\"wp-element-caption\"><sub>Dayana Lima era f\u00e3 de Claudia Leitte desde a adolesc\u00eancia \u2014 Foto: Reprodu\u00e7\u00e3o\/Redes Sociais<\/sub><\/figcaption><\/figure>\n\n\n\n<p>Em dezembro do ano passado, a diretora de marketing digital vibrou pelo alcance de 3,5 bilh\u00f5es de streams no canal de Pablo no YouTube. &#8220;Maior artista do arrocha&#8221;, descreveu na legenda.<\/p>\n\n\n\n<p>Dayana surge tamb\u00e9m com os outros aristas atendidos pela empresa onde atuava, nos bastidores de eventos. A profissional chegou a viajar com o \u00c9 o Tchan na turn\u00ea que comemorou os 30 anos de exist\u00eancia da banda.<\/p>\n\n\n\n<p>Amigos de Day, como era conhecida entre os amigos, contaram que ela era f\u00e3 da cantora Claudia Leitte desde a adolesc\u00eancia. Nas redes sociais, elas aparecem juntas em uma foto recente.<\/p>\n\n\n\n<p>O corpo de Dayana Lima foi encaminhado para o Instituto M\u00e9dico Legal (IML) de Santo Amaro, que cobre a regi\u00e3o.<\/p>\n","protected":false},"excerpt":{"rendered":"<p>Al\u00e9m de s\u00f3cia, ela era diretora em uma empresa que prestava servi\u00e7o para v\u00e1rios artistas baianos. Por g1 BA A diretora de marketing digital Dayana Nataly Bezerra Lima, que morreu em um acidente de carro nesta ter\u00e7a-feira (29), na Bahia, era s\u00f3cia de uma empresa que trabalhava com diversos artistas baianos, como o cantor de [&hellip;]<\/p>\n","protected":false},"author":2,"featured_media":89168,"comment_status":"open","ping_status":"open","sticky":false,"template":"","format":"standard","meta":{"_acf_changed":false,"_monsterinsights_skip_tracking":false,"_monsterinsights_sitenote_active":false,"_monsterinsights_sitenote_note":"","_monsterinsights_sitenote_category":0,"_jetpack_memberships_contains_paid_content":false,"footnotes":"","jetpack_publicize_message":"","jetpack_publicize_feature_enabled":true,"jetpack_social_post_already_shared":true,"jetpack_social_options":{"image_generator_settings":{"template":"highway","default_image_id":0,"font":"","enabled":false},"version":2}},"categories":[8],"tags":[],"class_list":["post-89167","post","type-post","status-publish","format-standard","has-post-thumbnail","hentry","category-cultura"],"acf":[],"jetpack_publicize_connections":[],"jetpack_featured_media_url":"https:\/\/i0.wp.com\/blogdoeloiltoncajuhy.com.br\/site\/wp-content\/uploads\/2025\/07\/Dayana-Lima-marketing-digital-de-Pablo-E-o-Tchan-%E2%80%94-Foto-Reproducao-Redes-Sociais.png?fit=819%2C496&ssl=1","jetpack_sharing_enabled":true,"publishpress_future_workflow_manual_trigger":{"enabledWorkflows":[]},"_links":{"self":[{"href":"https:\/\/blogdoeloiltoncajuhy.com.br\/site\/wp-json\/wp\/v2\/posts\/89167","targetHints":{"allow":["GET"]}}],"collection":[{"href":"https:\/\/blogdoeloiltoncajuhy.com.br\/site\/wp-json\/wp\/v2\/posts"}],"about":[{"href":"https:\/\/blogdoeloiltoncajuhy.com.br\/site\/wp-json\/wp\/v2\/types\/post"}],"author":[{"embeddable":true,"href":"https:\/\/blogdoeloiltoncajuhy.com.br\/site\/wp-json\/wp\/v2\/users\/2"}],"replies":[{"embeddable":true,"href":"https:\/\/blogdoeloiltoncajuhy.com.br\/site\/wp-json\/wp\/v2\/comments?post=89167"}],"version-history":[{"count":1,"href":"https:\/\/blogdoeloiltoncajuhy.com.br\/site\/wp-json\/wp\/v2\/posts\/89167\/revisions"}],"predecessor-version":[{"id":89170,"href":"https:\/\/blogdoeloiltoncajuhy.com.br\/site\/wp-json\/wp\/v2\/posts\/89167\/revisions\/89170"}],"wp:featuredmedia":[{"embeddable":true,"href":"https:\/\/blogdoeloiltoncajuhy.com.br\/site\/wp-json\/wp\/v2\/media\/89168"}],"wp:attachment":[{"href":"https:\/\/blogdoeloiltoncajuhy.com.br\/site\/wp-json\/wp\/v2\/media?parent=89167"}],"wp:term":[{"taxonomy":"category","embeddable":true,"href":"https:\/\/blogdoeloiltoncajuhy.com.br\/site\/wp-json\/wp\/v2\/categories?post=89167"},{"taxonomy":"post_tag","embeddable":true,"href":"https:\/\/blogdoeloiltoncajuhy.com.br\/site\/wp-json\/wp\/v2\/tags?post=89167"}],"curies":[{"name":"wp","href":"https:\/\/api.w.org\/{rel}","templated":true}]}}