{"id":89163,"date":"2025-07-29T17:15:49","date_gmt":"2025-07-29T20:15:49","guid":{"rendered":"https:\/\/blogdoeloiltoncajuhy.com.br\/site\/?p=89163"},"modified":"2025-07-30T21:39:41","modified_gmt":"2025-07-31T00:39:41","slug":"urgente-deputada-carla-zambelli-e-presa-na-italia-diz-ministerio-da-justica","status":"publish","type":"post","link":"https:\/\/blogdoeloiltoncajuhy.com.br\/site\/urgente-deputada-carla-zambelli-e-presa-na-italia-diz-ministerio-da-justica\/","title":{"rendered":"Deputada Carla Zambelli \u00e9 presa na It\u00e1lia, diz Minist\u00e9rio da Justi\u00e7a"},"content":{"rendered":"\n<p class=\"has-medium-font-size\"><strong>O deputado italiano Angelo Bonelli contou em sua conta no X que ele deu o endere\u00e7o de Zambelli para a pol\u00edtica italiana.<\/strong><\/p>\n\n\n\n<p><strong>Por Gabriella Soares, Isabela Camargo, Reynaldo Turollo Jr, GloboNews, TV Globo e g1<\/strong> \u2014 Bras\u00edlia<\/p>\n\n\n\n<figure class=\"wp-block-image aligncenter size-full\"><a href=\"https:\/\/i0.wp.com\/blogdoeloiltoncajuhy.com.br\/site\/wp-content\/uploads\/2025\/07\/deputada-federal-Carla-Zambelli-PL-SP-%E2%80%94-Foto-Felipe-Rau-Estadao-Conteudo.jpg?ssl=1\"><img data-recalc-dims=\"1\" fetchpriority=\"high\" decoding=\"async\" width=\"800\" height=\"533\" src=\"https:\/\/i0.wp.com\/blogdoeloiltoncajuhy.com.br\/site\/wp-content\/uploads\/2025\/07\/deputada-federal-Carla-Zambelli-PL-SP-%E2%80%94-Foto-Felipe-Rau-Estadao-Conteudo.jpg?resize=800%2C533&#038;ssl=1\" alt=\"\" class=\"wp-image-89164\" srcset=\"https:\/\/i0.wp.com\/blogdoeloiltoncajuhy.com.br\/site\/wp-content\/uploads\/2025\/07\/deputada-federal-Carla-Zambelli-PL-SP-%E2%80%94-Foto-Felipe-Rau-Estadao-Conteudo.jpg?w=984&amp;ssl=1 984w, https:\/\/i0.wp.com\/blogdoeloiltoncajuhy.com.br\/site\/wp-content\/uploads\/2025\/07\/deputada-federal-Carla-Zambelli-PL-SP-%E2%80%94-Foto-Felipe-Rau-Estadao-Conteudo.jpg?resize=300%2C200&amp;ssl=1 300w, https:\/\/i0.wp.com\/blogdoeloiltoncajuhy.com.br\/site\/wp-content\/uploads\/2025\/07\/deputada-federal-Carla-Zambelli-PL-SP-%E2%80%94-Foto-Felipe-Rau-Estadao-Conteudo.jpg?resize=768%2C512&amp;ssl=1 768w\" sizes=\"(max-width: 800px) 100vw, 800px\" \/><\/a><figcaption class=\"wp-element-caption\"><sub>Deputada federal Carla Zambelli (PL-SP) \u2014 Foto: Felipe Rau\/Estad\u00e3o Conte\u00fado<\/sub><\/figcaption><\/figure>\n\n\n\n<p>A deputada Carla Zambelli (PL-SP) foi presa na It\u00e1lia nesta ter\u00e7a-feira (29), afirmou o Minist\u00e9rio da Justi\u00e7a.<\/p>\n\n\n\n<p>Agentes da pol\u00edcia foram at\u00e9 o apartamento que ela estava ocupando e fizeram a pris\u00e3o.<\/p>\n\n\n\n<p>Ela tinha fugido para a It\u00e1lia depois de ter sido condenada pelo Supremo Tribunal Federal a 10 anos de pris\u00e3o no caso da invas\u00e3o hacker ao sistema do Conselho Nacional de Justi\u00e7a (CNJ). Antes, passou pelos Estados Unidos.<\/p>\n\n\n\n<p>O deputado italiano Angelo Bonelli contou em sua conta no X que ele deu o endere\u00e7o de Zambelli para a pol\u00edcia italiana.<\/p>\n\n\n\n<p class=\"has-black-color has-text-color has-link-color wp-elements-3495f5587bef0b51392040c97a19c3e5\"><strong>\u201cCarla Zambelli est\u00e1 em um apartamento em Roma. Forneci o endere\u00e7o \u00e0 pol\u00edcia. Neste momento, a pol\u00edcia est\u00e1 identificando Zambelli\u201d, escreveu o parlamentar.<\/strong><\/p>\n\n\n\n<p>O Minist\u00e9rio da Justi\u00e7a brasileiro j\u00e1 havia solicitado oficialmente a extradi\u00e7\u00e3o da deputada. Foragida, o nome dela estava na lista da Interpol.<\/p>\n\n\n\n<p>Os detalhes da vinda para o Brasil ainda ser\u00e3o divulgados.<\/p>\n","protected":false},"excerpt":{"rendered":"<p>O deputado italiano Angelo Bonelli contou em sua conta no X que ele deu o endere\u00e7o de Zambelli para a pol\u00edtica italiana. Por Gabriella Soares, Isabela Camargo, Reynaldo Turollo Jr, GloboNews, TV Globo e g1 \u2014 Bras\u00edlia A deputada Carla Zambelli (PL-SP) foi presa na It\u00e1lia nesta ter\u00e7a-feira (29), afirmou o Minist\u00e9rio da Justi\u00e7a. Agentes [&hellip;]<\/p>\n","protected":false},"author":2,"featured_media":89164,"comment_status":"open","ping_status":"open","sticky":false,"template":"","format":"standard","meta":{"_acf_changed":false,"_monsterinsights_skip_tracking":false,"_monsterinsights_sitenote_active":false,"_monsterinsights_sitenote_note":"","_monsterinsights_sitenote_category":0,"_jetpack_memberships_contains_paid_content":false,"footnotes":"","jetpack_publicize_message":"","jetpack_publicize_feature_enabled":true,"jetpack_social_post_already_shared":true,"jetpack_social_options":{"image_generator_settings":{"template":"highway","default_image_id":0,"font":"","enabled":false},"version":2}},"categories":[3],"tags":[],"class_list":["post-89163","post","type-post","status-publish","format-standard","has-post-thumbnail","hentry","category-politica"],"acf":[],"jetpack_publicize_connections":[],"jetpack_featured_media_url":"https:\/\/i0.wp.com\/blogdoeloiltoncajuhy.com.br\/site\/wp-content\/uploads\/2025\/07\/deputada-federal-Carla-Zambelli-PL-SP-%E2%80%94-Foto-Felipe-Rau-Estadao-Conteudo.jpg?fit=984%2C656&ssl=1","jetpack_sharing_enabled":true,"publishpress_future_workflow_manual_trigger":{"enabledWorkflows":[]},"_links":{"self":[{"href":"https:\/\/blogdoeloiltoncajuhy.com.br\/site\/wp-json\/wp\/v2\/posts\/89163","targetHints":{"allow":["GET"]}}],"collection":[{"href":"https:\/\/blogdoeloiltoncajuhy.com.br\/site\/wp-json\/wp\/v2\/posts"}],"about":[{"href":"https:\/\/blogdoeloiltoncajuhy.com.br\/site\/wp-json\/wp\/v2\/types\/post"}],"author":[{"embeddable":true,"href":"https:\/\/blogdoeloiltoncajuhy.com.br\/site\/wp-json\/wp\/v2\/users\/2"}],"replies":[{"embeddable":true,"href":"https:\/\/blogdoeloiltoncajuhy.com.br\/site\/wp-json\/wp\/v2\/comments?post=89163"}],"version-history":[{"count":2,"href":"https:\/\/blogdoeloiltoncajuhy.com.br\/site\/wp-json\/wp\/v2\/posts\/89163\/revisions"}],"predecessor-version":[{"id":89204,"href":"https:\/\/blogdoeloiltoncajuhy.com.br\/site\/wp-json\/wp\/v2\/posts\/89163\/revisions\/89204"}],"wp:featuredmedia":[{"embeddable":true,"href":"https:\/\/blogdoeloiltoncajuhy.com.br\/site\/wp-json\/wp\/v2\/media\/89164"}],"wp:attachment":[{"href":"https:\/\/blogdoeloiltoncajuhy.com.br\/site\/wp-json\/wp\/v2\/media?parent=89163"}],"wp:term":[{"taxonomy":"category","embeddable":true,"href":"https:\/\/blogdoeloiltoncajuhy.com.br\/site\/wp-json\/wp\/v2\/categories?post=89163"},{"taxonomy":"post_tag","embeddable":true,"href":"https:\/\/blogdoeloiltoncajuhy.com.br\/site\/wp-json\/wp\/v2\/tags?post=89163"}],"curies":[{"name":"wp","href":"https:\/\/api.w.org\/{rel}","templated":true}]}}