{"id":89156,"date":"2025-07-29T16:03:35","date_gmt":"2025-07-29T19:03:35","guid":{"rendered":"https:\/\/blogdoeloiltoncajuhy.com.br\/site\/?p=89156"},"modified":"2025-07-29T16:03:37","modified_gmt":"2025-07-29T19:03:37","slug":"funkeiro-leandro-abusado-dono-de-hit-nos-anos-2000-morre-aos-40-anos-no-rio","status":"publish","type":"post","link":"https:\/\/blogdoeloiltoncajuhy.com.br\/site\/funkeiro-leandro-abusado-dono-de-hit-nos-anos-2000-morre-aos-40-anos-no-rio\/","title":{"rendered":"Funkeiro Leandro Abusado, dono de hit nos anos 2000, morre aos 40 anos no Rio"},"content":{"rendered":"\n<p class=\"has-medium-font-size\"><strong>Cantor fazia tratamento contra a S\u00edndrome de Fournier, uma infec\u00e7\u00e3o grave e rara. Enterro ser\u00e1 nesta ter\u00e7a-feira (29) no Cemit\u00e9rio de Iraj\u00e1.<\/strong><\/p>\n\n\n\n<p><strong>Por g1 Rio<\/strong><\/p>\n\n\n\n<figure class=\"wp-block-image aligncenter size-full\"><a href=\"https:\/\/i0.wp.com\/blogdoeloiltoncajuhy.com.br\/site\/wp-content\/uploads\/2025\/07\/Leandro-Abusado-%E2%80%94-Foto-Reproducao.png?ssl=1\"><img data-recalc-dims=\"1\" fetchpriority=\"high\" decoding=\"async\" width=\"640\" height=\"800\" src=\"https:\/\/i0.wp.com\/blogdoeloiltoncajuhy.com.br\/site\/wp-content\/uploads\/2025\/07\/Leandro-Abusado-%E2%80%94-Foto-Reproducao.png?resize=640%2C800&#038;ssl=1\" alt=\"\" class=\"wp-image-89157\" srcset=\"https:\/\/i0.wp.com\/blogdoeloiltoncajuhy.com.br\/site\/wp-content\/uploads\/2025\/07\/Leandro-Abusado-%E2%80%94-Foto-Reproducao.png?w=640&amp;ssl=1 640w, https:\/\/i0.wp.com\/blogdoeloiltoncajuhy.com.br\/site\/wp-content\/uploads\/2025\/07\/Leandro-Abusado-%E2%80%94-Foto-Reproducao.png?resize=240%2C300&amp;ssl=1 240w\" sizes=\"(max-width: 640px) 100vw, 640px\" \/><\/a><figcaption class=\"wp-element-caption\"><sub>Leandro Abusado \u2014 Foto: Reprodu\u00e7\u00e3o<\/sub><\/figcaption><\/figure>\n\n\n\n<p>O cantor Leandro Rog\u00e9rio Pereira Gama, conhecido como <strong><mark style=\"background-color:rgba(0, 0, 0, 0)\" class=\"has-inline-color has-black-color\">Leandro Abusado<\/mark><\/strong>, morreu aos 40 anos no Rio de Janeiro, nesta segunda-feira (28).<\/p>\n\n\n\n<p>O artista estava internado desde s\u00e1bado (26) no Hospital Municipal Francisco da Silva Telles, em Iraj\u00e1, na Zona Norte da cidade, e tratava a S\u00edndrome de Fournier \u2014 uma infec\u00e7\u00e3o grave e rara que atinge os tecidos moles da regi\u00e3o entre o \u00e2nus e os \u00f3rg\u00e3os genitais. Segundo o hospital, ele morreu de causas naturais.<\/p>\n\n\n\n<p>O corpo do cantor ser\u00e1 enterrado na tarde desta ter\u00e7a-feira (29) no Cemit\u00e9rio de Iraj\u00e1.<\/p>\n\n\n\n<p><em>**A s\u00edndrome de Fournier pode ser causada por ferimentos, abscessos, infec\u00e7\u00f5es urin\u00e1rias ou anorretais, falta de higiene \u00edntima, entre outros fatores. O quadro \u00e9 considerado grave e exige tratamento m\u00e9dico imediato.<\/em><\/p>\n\n\n\n<p>Leandro ficou conhecido nos anos 2000, quando formou a dupla <strong><mark style=\"background-color:rgba(0, 0, 0, 0)\" class=\"has-inline-color has-black-color\">&#8220;Leandro e as Abusadas&#8221;<\/mark><\/strong> com a cantora Maysa. Juntos, se apresentaram em bailes da Furac\u00e3o 2000 e fizeram shows por todo o Brasil.<\/p>\n\n\n\n<p><strong><a href=\"https:\/\/whatsapp.com\/channel\/0029VaAT7tDLI8Yfj5y9Z50Z\" target=\"_blank\" rel=\"noreferrer noopener\"><mark style=\"background-color:rgba(0, 0, 0, 0)\" class=\"has-inline-color has-vivid-red-color\">>> Seja membro do canal Blog do Eloilton Cajuhy no WhatsApp e veja mais not\u00edcias<\/mark><\/a><\/strong><\/p>\n\n\n\n<figure class=\"wp-block-image aligncenter size-full\"><a href=\"https:\/\/i0.wp.com\/blogdoeloiltoncajuhy.com.br\/site\/wp-content\/uploads\/2025\/07\/Leandro-Abusado-e-as-Abusadas-%E2%80%94-Foto-Reproducao.png?ssl=1\"><img data-recalc-dims=\"1\" decoding=\"async\" width=\"640\" height=\"800\" src=\"https:\/\/i0.wp.com\/blogdoeloiltoncajuhy.com.br\/site\/wp-content\/uploads\/2025\/07\/Leandro-Abusado-e-as-Abusadas-%E2%80%94-Foto-Reproducao.png?resize=640%2C800&#038;ssl=1\" alt=\"\" class=\"wp-image-89158\" srcset=\"https:\/\/i0.wp.com\/blogdoeloiltoncajuhy.com.br\/site\/wp-content\/uploads\/2025\/07\/Leandro-Abusado-e-as-Abusadas-%E2%80%94-Foto-Reproducao.png?w=640&amp;ssl=1 640w, https:\/\/i0.wp.com\/blogdoeloiltoncajuhy.com.br\/site\/wp-content\/uploads\/2025\/07\/Leandro-Abusado-e-as-Abusadas-%E2%80%94-Foto-Reproducao.png?resize=240%2C300&amp;ssl=1 240w\" sizes=\"(max-width: 640px) 100vw, 640px\" \/><\/a><figcaption class=\"wp-element-caption\"><sub>Leandro Abusado e as Abusadas \u2014 Foto: Reprodu\u00e7\u00e3o<\/sub><\/figcaption><\/figure>\n\n\n\n<p>O cantor tamb\u00e9m \u00e9 um dos autores do hit <em>&#8220;Aqui no baile do Egito&#8221;<\/em>, que voltou a fazer sucesso recentemente nas redes sociais, especialmente no TikTok.<\/p>\n\n\n\n<p>Em mar\u00e7o, j\u00e1 hospitalizado e visivelmente debilitado, o funkeiro publicou um v\u00eddeo nas redes sociais relatando o estado de sa\u00fade.<\/p>\n\n\n\n<p>Ele contou que passou duas semanas com incha\u00e7o nas partes \u00edntimas antes de procurar atendimento m\u00e9dico. Segundo o pr\u00f3prio Leandro, o diagn\u00f3stico foi feito ap\u00f3s notar um odor forte na regi\u00e3o genital.<\/p>\n\n\n\n<blockquote class=\"wp-block-quote is-layout-flow wp-block-quote-is-layout-flow\">\n<p><strong><mark style=\"background-color:rgba(0, 0, 0, 0)\" class=\"has-inline-color has-black-color\">\u201cA bact\u00e9ria penetra pela pele e se espalha. Se n\u00e3o cuidar, ela come\u00e7a a comer a carne. Foi o que aconteceu comigo\u201d, disse no v\u00eddeo.<\/mark><\/strong><\/p>\n<\/blockquote>\n\n\n\n<p>Para ajudar nos custos do tratamento, Leandro chegou a criar uma vaquinha on-line.<\/p>\n","protected":false},"excerpt":{"rendered":"<p>Cantor fazia tratamento contra a S\u00edndrome de Fournier, uma infec\u00e7\u00e3o grave e rara. Enterro ser\u00e1 nesta ter\u00e7a-feira (29) no Cemit\u00e9rio de Iraj\u00e1. Por g1 Rio O cantor Leandro Rog\u00e9rio Pereira Gama, conhecido como Leandro Abusado, morreu aos 40 anos no Rio de Janeiro, nesta segunda-feira (28). O artista estava internado desde s\u00e1bado (26) no Hospital [&hellip;]<\/p>\n","protected":false},"author":2,"featured_media":89157,"comment_status":"open","ping_status":"open","sticky":false,"template":"","format":"standard","meta":{"_acf_changed":false,"_monsterinsights_skip_tracking":false,"_monsterinsights_sitenote_active":false,"_monsterinsights_sitenote_note":"","_monsterinsights_sitenote_category":0,"_jetpack_memberships_contains_paid_content":false,"footnotes":"","jetpack_publicize_message":"","jetpack_publicize_feature_enabled":true,"jetpack_social_post_already_shared":true,"jetpack_social_options":{"image_generator_settings":{"template":"highway","default_image_id":0,"font":"","enabled":false},"version":2}},"categories":[8],"tags":[],"class_list":["post-89156","post","type-post","status-publish","format-standard","has-post-thumbnail","hentry","category-cultura"],"acf":[],"jetpack_publicize_connections":[],"jetpack_featured_media_url":"https:\/\/i0.wp.com\/blogdoeloiltoncajuhy.com.br\/site\/wp-content\/uploads\/2025\/07\/Leandro-Abusado-%E2%80%94-Foto-Reproducao.png?fit=640%2C800&ssl=1","jetpack_sharing_enabled":true,"publishpress_future_workflow_manual_trigger":{"enabledWorkflows":[]},"_links":{"self":[{"href":"https:\/\/blogdoeloiltoncajuhy.com.br\/site\/wp-json\/wp\/v2\/posts\/89156","targetHints":{"allow":["GET"]}}],"collection":[{"href":"https:\/\/blogdoeloiltoncajuhy.com.br\/site\/wp-json\/wp\/v2\/posts"}],"about":[{"href":"https:\/\/blogdoeloiltoncajuhy.com.br\/site\/wp-json\/wp\/v2\/types\/post"}],"author":[{"embeddable":true,"href":"https:\/\/blogdoeloiltoncajuhy.com.br\/site\/wp-json\/wp\/v2\/users\/2"}],"replies":[{"embeddable":true,"href":"https:\/\/blogdoeloiltoncajuhy.com.br\/site\/wp-json\/wp\/v2\/comments?post=89156"}],"version-history":[{"count":1,"href":"https:\/\/blogdoeloiltoncajuhy.com.br\/site\/wp-json\/wp\/v2\/posts\/89156\/revisions"}],"predecessor-version":[{"id":89159,"href":"https:\/\/blogdoeloiltoncajuhy.com.br\/site\/wp-json\/wp\/v2\/posts\/89156\/revisions\/89159"}],"wp:featuredmedia":[{"embeddable":true,"href":"https:\/\/blogdoeloiltoncajuhy.com.br\/site\/wp-json\/wp\/v2\/media\/89157"}],"wp:attachment":[{"href":"https:\/\/blogdoeloiltoncajuhy.com.br\/site\/wp-json\/wp\/v2\/media?parent=89156"}],"wp:term":[{"taxonomy":"category","embeddable":true,"href":"https:\/\/blogdoeloiltoncajuhy.com.br\/site\/wp-json\/wp\/v2\/categories?post=89156"},{"taxonomy":"post_tag","embeddable":true,"href":"https:\/\/blogdoeloiltoncajuhy.com.br\/site\/wp-json\/wp\/v2\/tags?post=89156"}],"curies":[{"name":"wp","href":"https:\/\/api.w.org\/{rel}","templated":true}]}}