{"id":89149,"date":"2025-07-29T09:15:08","date_gmt":"2025-07-29T12:15:08","guid":{"rendered":"https:\/\/blogdoeloiltoncajuhy.com.br\/site\/?p=89149"},"modified":"2025-07-29T09:15:09","modified_gmt":"2025-07-29T12:15:09","slug":"jovem-de-22-anos-morre-ao-retornar-da-propria-festa-de-aniversario-na-bahia-outras-tres-pessoas-ficam-feridas","status":"publish","type":"post","link":"https:\/\/blogdoeloiltoncajuhy.com.br\/site\/jovem-de-22-anos-morre-ao-retornar-da-propria-festa-de-aniversario-na-bahia-outras-tres-pessoas-ficam-feridas\/","title":{"rendered":"Jovem de 22 anos morre ao retornar da pr\u00f3pria festa de anivers\u00e1rio na Bahia; outras tr\u00eas pessoas ficam feridas"},"content":{"rendered":"\n<p class=\"has-medium-font-size\"><strong>Acidente aconteceu na noite de domingo (27), na BR-420, em Santa In\u00eas. V\u00edtima foi identificada como Let\u00edcia Souza Moura.<\/strong><\/p>\n\n\n\n<p><strong>Por g1 Feira de Santana e Regi\u00e3o<\/strong><\/p>\n\n\n\n<figure class=\"wp-block-image aligncenter size-full is-resized\"><a href=\"https:\/\/i0.wp.com\/blogdoeloiltoncajuhy.com.br\/site\/wp-content\/uploads\/2025\/07\/Leticia-Souza-Moura-morreu-enquanto-retornava-de-aniversario-%E2%80%94-Foto-Redes-Sociais.png?ssl=1\"><img data-recalc-dims=\"1\" fetchpriority=\"high\" decoding=\"async\" width=\"454\" height=\"505\" src=\"https:\/\/i0.wp.com\/blogdoeloiltoncajuhy.com.br\/site\/wp-content\/uploads\/2025\/07\/Leticia-Souza-Moura-morreu-enquanto-retornava-de-aniversario-%E2%80%94-Foto-Redes-Sociais.png?resize=454%2C505&#038;ssl=1\" alt=\"\" class=\"wp-image-89150\" style=\"width:454px;height:auto\" srcset=\"https:\/\/i0.wp.com\/blogdoeloiltoncajuhy.com.br\/site\/wp-content\/uploads\/2025\/07\/Leticia-Souza-Moura-morreu-enquanto-retornava-de-aniversario-%E2%80%94-Foto-Redes-Sociais.png?w=454&amp;ssl=1 454w, https:\/\/i0.wp.com\/blogdoeloiltoncajuhy.com.br\/site\/wp-content\/uploads\/2025\/07\/Leticia-Souza-Moura-morreu-enquanto-retornava-de-aniversario-%E2%80%94-Foto-Redes-Sociais.png?resize=270%2C300&amp;ssl=1 270w\" sizes=\"(max-width: 454px) 100vw, 454px\" \/><\/a><figcaption class=\"wp-element-caption\"><sub>Let\u00edcia Souza Moura, de 22 anos, morreu enquanto retornava de anivers\u00e1rio ap\u00f3s o carro em que estava capotar em Santa In\u00eas \u2014 Foto: Redes Sociais<\/sub><\/figcaption><\/figure>\n\n\n\n<p>Uma jovem de 22 anos morreu enquanto retornava da pr\u00f3pria festa de anivers\u00e1rio na BR-420, em Santa In\u00eas. O caso aconteceu na noite de domingo (27). O carro em que <strong><mark style=\"background-color:rgba(0, 0, 0, 0)\" class=\"has-inline-color has-black-color\">Let\u00edcia Souza Moura<\/mark><\/strong> estava capotou. Outros tr\u00eas jovens ficaram feridos no acidente.<\/p>\n\n\n\n<p>Segundo a Pol\u00edcia Civil, o ve\u00edculo que Let\u00edcia estava perdeu o controle em uma curva e caiu em uma ribanceira.<\/p>\n\n\n\n<p>Segundo apurou a <strong>TV Suba\u00e9<\/strong>, Let\u00edcia fez anivers\u00e1rio na \u00faltima sexta-feira (25). Ela e os amigos estavam comemorando em uma ch\u00e1cara na zona rural de Santa In\u00eas, e ao retornar para casa, o ve\u00edculo capotou.<\/p>\n\n\n\n<p><strong><a href=\"https:\/\/whatsapp.com\/channel\/0029VaAT7tDLI8Yfj5y9Z50Z\" target=\"_blank\" rel=\"noreferrer noopener\"><mark style=\"background-color:rgba(0, 0, 0, 0)\" class=\"has-inline-color has-vivid-red-color\">>> Seja membro do canal Blog do Eloilton Cajuhy no WhatsApp e veja mais not\u00edcias<\/mark><\/a><\/strong><\/p>\n\n\n\n<p>Let\u00edcia morreu no local. J\u00e1 os outros tr\u00eas jovens que estavam no ve\u00edculo foram levados ao Hospital Prado Valadares, no munic\u00edpio de Jequi\u00e9. N\u00e3o h\u00e1 informa\u00e7\u00f5es sobre o estado de sa\u00fade deles at\u00e9 a \u00faltima atualiza\u00e7\u00e3o desta reportagem.<\/p>\n\n\n\n<p>A jovem, que morava em Santa In\u00eas, ia come\u00e7ar a cursar enfermagem em agosto, na cidade de Jequi\u00e9. Em nota, a Prefeitura Municipal de Santa In\u00eas lamentou a morte.<\/p>\n\n\n\n<p>&#8220;Neste momento de despedida, a Prefeitura de Santa In\u00eas se compadece com a dor da fam\u00edlia pela irrepar\u00e1vel perda e presta condol\u00eancias aos familiares e amigos enlutados&#8221;.<\/p>\n\n\n\n<p>A Delegacia Territorial (DT) de Jaguaquara instaurou um inqu\u00e9rito para apurar as causas do acidente. O Departamento de Pol\u00edcia T\u00e9cnica (DPT) foi acionado para necropsia.<\/p>\n","protected":false},"excerpt":{"rendered":"<p>Acidente aconteceu na noite de domingo (27), na BR-420, em Santa In\u00eas. V\u00edtima foi identificada como Let\u00edcia Souza Moura. Por g1 Feira de Santana e Regi\u00e3o Uma jovem de 22 anos morreu enquanto retornava da pr\u00f3pria festa de anivers\u00e1rio na BR-420, em Santa In\u00eas. O caso aconteceu na noite de domingo (27). O carro em [&hellip;]<\/p>\n","protected":false},"author":2,"featured_media":89150,"comment_status":"open","ping_status":"open","sticky":false,"template":"","format":"standard","meta":{"_acf_changed":false,"_monsterinsights_skip_tracking":false,"_monsterinsights_sitenote_active":false,"_monsterinsights_sitenote_note":"","_monsterinsights_sitenote_category":0,"_jetpack_memberships_contains_paid_content":false,"footnotes":"","jetpack_publicize_message":"","jetpack_publicize_feature_enabled":true,"jetpack_social_post_already_shared":true,"jetpack_social_options":{"image_generator_settings":{"template":"highway","default_image_id":0,"font":"","enabled":false},"version":2}},"categories":[15],"tags":[],"class_list":["post-89149","post","type-post","status-publish","format-standard","has-post-thumbnail","hentry","category-policia"],"acf":[],"jetpack_publicize_connections":[],"jetpack_featured_media_url":"https:\/\/i0.wp.com\/blogdoeloiltoncajuhy.com.br\/site\/wp-content\/uploads\/2025\/07\/Leticia-Souza-Moura-morreu-enquanto-retornava-de-aniversario-%E2%80%94-Foto-Redes-Sociais.png?fit=454%2C505&ssl=1","jetpack_sharing_enabled":true,"publishpress_future_workflow_manual_trigger":{"enabledWorkflows":[]},"_links":{"self":[{"href":"https:\/\/blogdoeloiltoncajuhy.com.br\/site\/wp-json\/wp\/v2\/posts\/89149","targetHints":{"allow":["GET"]}}],"collection":[{"href":"https:\/\/blogdoeloiltoncajuhy.com.br\/site\/wp-json\/wp\/v2\/posts"}],"about":[{"href":"https:\/\/blogdoeloiltoncajuhy.com.br\/site\/wp-json\/wp\/v2\/types\/post"}],"author":[{"embeddable":true,"href":"https:\/\/blogdoeloiltoncajuhy.com.br\/site\/wp-json\/wp\/v2\/users\/2"}],"replies":[{"embeddable":true,"href":"https:\/\/blogdoeloiltoncajuhy.com.br\/site\/wp-json\/wp\/v2\/comments?post=89149"}],"version-history":[{"count":1,"href":"https:\/\/blogdoeloiltoncajuhy.com.br\/site\/wp-json\/wp\/v2\/posts\/89149\/revisions"}],"predecessor-version":[{"id":89151,"href":"https:\/\/blogdoeloiltoncajuhy.com.br\/site\/wp-json\/wp\/v2\/posts\/89149\/revisions\/89151"}],"wp:featuredmedia":[{"embeddable":true,"href":"https:\/\/blogdoeloiltoncajuhy.com.br\/site\/wp-json\/wp\/v2\/media\/89150"}],"wp:attachment":[{"href":"https:\/\/blogdoeloiltoncajuhy.com.br\/site\/wp-json\/wp\/v2\/media?parent=89149"}],"wp:term":[{"taxonomy":"category","embeddable":true,"href":"https:\/\/blogdoeloiltoncajuhy.com.br\/site\/wp-json\/wp\/v2\/categories?post=89149"},{"taxonomy":"post_tag","embeddable":true,"href":"https:\/\/blogdoeloiltoncajuhy.com.br\/site\/wp-json\/wp\/v2\/tags?post=89149"}],"curies":[{"name":"wp","href":"https:\/\/api.w.org\/{rel}","templated":true}]}}